{"id":2817,"date":"2019-07-01T10:50:34","date_gmt":"2019-07-01T10:50:34","guid":{"rendered":"http:\/\/blogs.hoy.es\/moterosdehoy\/?p=2817"},"modified":"2021-08-30T16:32:38","modified_gmt":"2021-08-30T16:32:38","slug":"v-festival-rolling-custom-rock-en-plasencia","status":"publish","type":"post","link":"https:\/\/blogs.hoy.es\/moterosdehoy\/2019\/07\/01\/v-festival-rolling-custom-rock-en-plasencia\/","title":{"rendered":"V Festival Rolling Custom Rock en Plasencia"},"content":{"rendered":"<p>Por quinta vez el club motero plasentino\u00a0\u201c<a href=\"https:\/\/www.facebook.com\/rollingcustomclub\/\" rel=\"external nofollow\">Rolling Custom Club<\/a>\u201c, nos trae un gran festival de Rock, Tendr\u00e1 lugar los d\u00edas 5 y 6 de Julio, en su ciudad, Plasencia (C\u00e1ceres).<\/p>\n<p><a href=\"https:\/\/static-blogs.hoy.es\/wp-content\/uploads\/sites\/45\/2019\/07\/2019-07-Plasencia.jpg\"><img loading=\"lazy\" class=\"alignleft size-medium wp-image-2826\" src=\"https:\/\/static-blogs.hoy.es\/wp-content\/uploads\/sites\/45\/2019\/07\/2019-07-Plasencia-215x300.jpg\" alt=\"2019-07-plasencia\" width=\"215\" height=\"300\" srcset=\"https:\/\/static-blogs.hoy.es\/wp-content\/uploads\/sites\/45\/2019\/07\/2019-07-Plasencia-215x300.jpg 215w, https:\/\/static-blogs.hoy.es\/wp-content\/uploads\/sites\/45\/2019\/07\/2019-07-Plasencia.jpg 458w\" sizes=\"(max-width: 215px) 100vw, 215px\" \/><\/a>La fiesta comenzar\u00e1\u00a0con la\u00a0presentaci\u00f3n del Festival en Sala Impacto, a las 22:00h del viernes. Con\u00a0la actuaci\u00f3n de Salvaje Tren.<\/p>\n<p>El\u00a0<strong>s\u00e1bado<\/strong>\u00a0ser\u00e1 el d\u00eda grande del\u00a0<a href=\"https:\/\/www.facebook.com\/rollingcustomrock\/\" rel=\"external nofollow\">V Festival Rolling Custom Rock<\/a>. que nos anuncia llegar\u00a0cargado con una buena selecci\u00f3n de grupos para que nuestros o\u00eddos puedan disfrutar. Entre ellos Sarvaje Tren, Calent\u00f3n, Amigo Buster, Doble Rombo, Desvariados y Pinbal Wizard. Toda una gran selecci\u00f3n.<span id=\"more-2274\"><\/span><\/p>\n<p>De nuevo han apostado por hacerlo gratuito, pero en \u00e9sta edici\u00f3n, en lugar de un kilo de alimento no perecedero, piden que se aporten potitos. S\u00ed has le\u00eddo bien potitos. El bien conocido Club de motos de C\u00e1ceres: <a href=\"https:\/\/www.facebook.com\/BuitresLeonaos\/\" rel=\"external nofollow\">Buitres Leonaos<\/a>, est\u00e1 haciendo la Operaci\u00f3n Potito. En ella se ayuda a la Fundaci\u00f3n Red Madre, y necesitan potitos sobre todo de fruta y verdura, para dar de comer a 52 ni\u00f1os\u00a0que se encuentran bajo el umbral de la pobreza. El Rolling Custom Club se ha adherido a ella.<a href=\"https:\/\/static-blogs.hoy.es\/wp-content\/uploads\/sites\/45\/2019\/07\/2019-07-Plasencia-potitos.jpg\"><img loading=\"lazy\" class=\"alignright size-medium wp-image-2820\" src=\"https:\/\/static-blogs.hoy.es\/wp-content\/uploads\/sites\/45\/2019\/07\/2019-07-Plasencia-potitos-212x300.jpg\" alt=\"2019-07-plasencia-potitos\" width=\"212\" height=\"300\" srcset=\"https:\/\/static-blogs.hoy.es\/wp-content\/uploads\/sites\/45\/2019\/07\/2019-07-Plasencia-potitos-212x300.jpg 212w, https:\/\/static-blogs.hoy.es\/wp-content\/uploads\/sites\/45\/2019\/07\/2019-07-Plasencia-potitos-768x1087.jpg 768w, https:\/\/static-blogs.hoy.es\/wp-content\/uploads\/sites\/45\/2019\/07\/2019-07-Plasencia-potitos-724x1024.jpg 724w, https:\/\/static-blogs.hoy.es\/wp-content\/uploads\/sites\/45\/2019\/07\/2019-07-Plasencia-potitos.jpg 1060w\" sizes=\"(max-width: 212px) 100vw, 212px\" \/><\/a><\/p>\n<p>Adem\u00e1s hay un pack motero por 30\u20ac, en el que entra la comida y cena (bocadillo), bolsa, camiseta, sorteos y regalos variados, pero si est\u00e1s interesado no te demores, s\u00f3lo estar\u00e1 disponible para los primeros 100 inscritos.<\/p>\n<p>Tendr\u00e1 lugar en pleno Centro Hist\u00f3rico de\u00a0<a href=\"http:\/\/www.plasencia.es\/web\/turismo-plasencia\" rel=\"external nofollow\">Plasencia<\/a>, en el marco de sus dos Catedrales, y es que unidos la Junta de Extremadura (Direcci\u00f3n General de Turismo) y su Ayuntamiento, tratan de fijar\u00a0<a href=\"https:\/\/es.wikipedia.org\/wiki\/Plasencia\" rel=\"external nofollow\">Plasencia<\/a>\u00a0como punto de referencia del turismo musical, a la vez que motero. Es todo un lujo poder contar con la ayuda del ayuntamiento para \u00e9ste tipo de eventos, pues parece como si el colectivo motero estorbara en donde quiera que est\u00e9, en \u00e9ste caso en Plasencia hay que darles las gracias pues se han dado cuenta que es un colectivo que puede proporcionar mucho turismo de calidad.<\/p>\n<p>Recuerda que \u00e9ste evento no es s\u00f3lo para moteros, al realizarse en plena Plaza, y gratuito. Esta abierto a todo el que quiera disfrutar de buena m\u00fasica. Como sus organizadores dicen: para participar en su ilusi\u00f3n y empe\u00f1o.<\/p>\n<p>Saludos y r\u00e1fagas.<\/p>\n<!-- AddThis Advanced Settings generic via filter on the_content --><!-- AddThis Share Buttons generic via filter on the_content -->","protected":false},"excerpt":{"rendered":"<p>Por quinta vez el club motero plasentino\u00a0\u201cRolling Custom Club\u201c, nos trae un gran festival de Rock, Tendr\u00e1 lugar los d\u00edas 5 y 6 de Julio, en su ciudad, Plasencia (C\u00e1ceres). La fiesta comenzar\u00e1\u00a0con la\u00a0presentaci\u00f3n del Festival en Sala Impacto, a las 22:00h del viernes. Con\u00a0la actuaci\u00f3n de Salvaje Tren. El\u00a0s\u00e1bado\u00a0ser\u00e1 el d\u00eda grande del\u00a0V Festival [&hellip;]<!-- AddThis Advanced Settings generic via filter on get_the_excerpt --><!-- AddThis Share Buttons generic via filter on get_the_excerpt --><\/p>\n","protected":false},"author":49,"featured_media":0,"comment_status":"open","ping_status":"closed","sticky":false,"template":"","format":"standard","meta":[],"categories":[13,1],"tags":[1343,622,664,1133,1092,1342],"_links":{"self":[{"href":"https:\/\/blogs.hoy.es\/moterosdehoy\/wp-json\/wp\/v2\/posts\/2817"}],"collection":[{"href":"https:\/\/blogs.hoy.es\/moterosdehoy\/wp-json\/wp\/v2\/posts"}],"about":[{"href":"https:\/\/blogs.hoy.es\/moterosdehoy\/wp-json\/wp\/v2\/types\/post"}],"author":[{"embeddable":true,"href":"https:\/\/blogs.hoy.es\/moterosdehoy\/wp-json\/wp\/v2\/users\/49"}],"replies":[{"embeddable":true,"href":"https:\/\/blogs.hoy.es\/moterosdehoy\/wp-json\/wp\/v2\/comments?post=2817"}],"version-history":[{"count":8,"href":"https:\/\/blogs.hoy.es\/moterosdehoy\/wp-json\/wp\/v2\/posts\/2817\/revisions"}],"predecessor-version":[{"id":2829,"href":"https:\/\/blogs.hoy.es\/moterosdehoy\/wp-json\/wp\/v2\/posts\/2817\/revisions\/2829"}],"wp:attachment":[{"href":"https:\/\/blogs.hoy.es\/moterosdehoy\/wp-json\/wp\/v2\/media?parent=2817"}],"wp:term":[{"taxonomy":"category","embeddable":true,"href":"https:\/\/blogs.hoy.es\/moterosdehoy\/wp-json\/wp\/v2\/categories?post=2817"},{"taxonomy":"post_tag","embeddable":true,"href":"https:\/\/blogs.hoy.es\/moterosdehoy\/wp-json\/wp\/v2\/tags?post=2817"}],"curies":[{"name":"wp","href":"https:\/\/api.w.org\/{rel}","templated":true}]}}