{"id":2830,"date":"2019-07-08T19:26:31","date_gmt":"2019-07-08T19:26:31","guid":{"rendered":"http:\/\/blogs.hoy.es\/moterosdehoy\/?p=2830"},"modified":"2021-08-30T16:32:29","modified_gmt":"2021-08-30T16:32:29","slug":"concentracion-motera-en-la-roca-de-la-sierra","status":"publish","type":"post","link":"https:\/\/blogs.hoy.es\/moterosdehoy\/2019\/07\/08\/concentracion-motera-en-la-roca-de-la-sierra\/","title":{"rendered":"Concentraci\u00f3n motera en La Roca de la Sierra (Badajoz)"},"content":{"rendered":"<p>La pe\u00f1a motera &#8220;Carrretera &amp; Manta&#8221;, nos ha organizado su primera concentraci\u00f3n motera. Tendr\u00e1 lugar en el pol\u00edgono de\u00a0<strong><a href=\"https:\/\/es.wikipedia.org\/wiki\/La_Roca_de_la_Sierra\" rel=\"external nofollow\">La Roca de la Sierra<\/a> (Badajoz)<\/strong>, los d\u00edas <strong>13 y 14 de julio<\/strong>.<\/p>\n<p><a href=\"https:\/\/static-blogs.hoy.es\/wp-content\/uploads\/sites\/45\/2019\/07\/2019-07-La-Roca-de-la-Sierra.jpg\"><img loading=\"lazy\" class=\"alignleft size-medium wp-image-2831\" src=\"https:\/\/static-blogs.hoy.es\/wp-content\/uploads\/sites\/45\/2019\/07\/2019-07-La-Roca-de-la-Sierra-274x300.jpg\" alt=\"2019-07-la-roca-de-la-sierra\" width=\"274\" height=\"300\" srcset=\"https:\/\/static-blogs.hoy.es\/wp-content\/uploads\/sites\/45\/2019\/07\/2019-07-La-Roca-de-la-Sierra-274x300.jpg 274w, https:\/\/static-blogs.hoy.es\/wp-content\/uploads\/sites\/45\/2019\/07\/2019-07-La-Roca-de-la-Sierra.jpg 749w\" sizes=\"(max-width: 274px) 100vw, 274px\" \/><\/a>Es su cuarta concentraci\u00f3n, y por primera vez tendr\u00e1 lugar en la localidad de La Roca de la Sierra. Con todos los ingredientes necesarios para realizar una buena concentraci\u00f3n motera, m\u00fasica,\u00a0fiesta, rutas y diversi\u00f3n. \u00bfQu\u00e9 m\u00e1s se puede pedir? Pues est\u00e1 claro, que vayamos.<\/p>\n<p>Tendr\u00e1n una inscripci\u00f3n de tan solo <strong>2 euros<\/strong>, en la que incluyen comida y bebida del domingo. Adem\u00e1s tienen disponible zona de acampada con duchas, gratis.<\/p>\n<p>La concentraci\u00f3n comenzar\u00e1 el s\u00e1bado sobre las 16 horas, con apertura de inscripciones y a partir de las 19h, fiesta de la espuma, para todos.<\/p>\n<p>De 20 a 00h, tendr\u00e1n disponibles montaditos, beicon y panceta, a un euro. A las 22h, realizar\u00e1n una ruta bar\u00edtima por la localidad, y a las 23:30 concierto de &#8220;Happy Banana&#8221;, para seguir sobre la una de la madrugada con &#8220;Dj animador&#8221;, hasta que el cuerpo aguante.<\/p>\n<p>El domingo comienza temprano, de 8 a 10h, desayuno, a base de migas gratis.<\/p>\n<p>Sobre las 10:30h, ruta por la\u00a0zona, aproximadamente unos 60 kms, con una parada durante la ruta, y sobre las 14h, comida. Para terminar con entrega de trofeos y regalos.<\/p>\n<p>Una buena concentraci\u00f3n motera en toda regla. Est\u00e1 claro que se la han trabajado y han buscando muchos colaboradores para poder llevarla a cabo, entre ellos el propio <a href=\"https:\/\/www.facebook.com\/pages\/category\/City\/Ayuntamiento-de-La-Roca-de-la-Sierra-168833599959993\/\" rel=\"external nofollow\">Ayuntamiento de la localidad<\/a>.<\/p>\n<p>Saludos y r\u00e1fagas.<\/p>\n<!-- AddThis Advanced Settings generic via filter on the_content --><!-- AddThis Share Buttons generic via filter on the_content -->","protected":false},"excerpt":{"rendered":"<p>La pe\u00f1a motera &#8220;Carrretera &amp; Manta&#8221;, nos ha organizado su primera concentraci\u00f3n motera. Tendr\u00e1 lugar en el pol\u00edgono de\u00a0La Roca de la Sierra (Badajoz), los d\u00edas 13 y 14 de julio. Es su cuarta concentraci\u00f3n, y por primera vez tendr\u00e1 lugar en la localidad de La Roca de la Sierra. Con todos los ingredientes necesarios [&hellip;]<!-- AddThis Advanced Settings generic via filter on get_the_excerpt --><!-- AddThis Share Buttons generic via filter on get_the_excerpt --><\/p>\n","protected":false},"author":49,"featured_media":0,"comment_status":"open","ping_status":"closed","sticky":false,"template":"","format":"standard","meta":[],"categories":[13,1],"tags":[1345,622,626,1344],"_links":{"self":[{"href":"https:\/\/blogs.hoy.es\/moterosdehoy\/wp-json\/wp\/v2\/posts\/2830"}],"collection":[{"href":"https:\/\/blogs.hoy.es\/moterosdehoy\/wp-json\/wp\/v2\/posts"}],"about":[{"href":"https:\/\/blogs.hoy.es\/moterosdehoy\/wp-json\/wp\/v2\/types\/post"}],"author":[{"embeddable":true,"href":"https:\/\/blogs.hoy.es\/moterosdehoy\/wp-json\/wp\/v2\/users\/49"}],"replies":[{"embeddable":true,"href":"https:\/\/blogs.hoy.es\/moterosdehoy\/wp-json\/wp\/v2\/comments?post=2830"}],"version-history":[{"count":2,"href":"https:\/\/blogs.hoy.es\/moterosdehoy\/wp-json\/wp\/v2\/posts\/2830\/revisions"}],"predecessor-version":[{"id":2833,"href":"https:\/\/blogs.hoy.es\/moterosdehoy\/wp-json\/wp\/v2\/posts\/2830\/revisions\/2833"}],"wp:attachment":[{"href":"https:\/\/blogs.hoy.es\/moterosdehoy\/wp-json\/wp\/v2\/media?parent=2830"}],"wp:term":[{"taxonomy":"category","embeddable":true,"href":"https:\/\/blogs.hoy.es\/moterosdehoy\/wp-json\/wp\/v2\/categories?post=2830"},{"taxonomy":"post_tag","embeddable":true,"href":"https:\/\/blogs.hoy.es\/moterosdehoy\/wp-json\/wp\/v2\/tags?post=2830"}],"curies":[{"name":"wp","href":"https:\/\/api.w.org\/{rel}","templated":true}]}}