{"id":2834,"date":"2019-07-09T16:33:27","date_gmt":"2019-07-09T16:33:27","guid":{"rendered":"http:\/\/blogs.hoy.es\/moterosdehoy\/?p=2834"},"modified":"2021-08-30T16:32:17","modified_gmt":"2021-08-30T16:32:17","slug":"convivencia-solidaria-extremacustom-con-salida-de-valdivia-badajoz","status":"publish","type":"post","link":"https:\/\/blogs.hoy.es\/moterosdehoy\/2019\/07\/09\/convivencia-solidaria-extremacustom-con-salida-de-valdivia-badajoz\/","title":{"rendered":"Convivencia solidaria Extrema&#038;Custom, con salida de Valdivia (Badajoz)"},"content":{"rendered":"<p>Somos muchos los moteros, hay muchas carreteras y muchas clases de motos. En \u00e9ste caso un grupo de amantes de motos Custom nos han organizado su &#8220;Primera convivencia solidaria de motos custom&#8221;.<\/p>\n<p><a href=\"https:\/\/static-blogs.hoy.es\/wp-content\/uploads\/sites\/45\/2019\/07\/2019-07-Extrema-Custom.jpg\"><img loading=\"lazy\" class=\"alignleft size-medium wp-image-2835\" src=\"https:\/\/static-blogs.hoy.es\/wp-content\/uploads\/sites\/45\/2019\/07\/2019-07-Extrema-Custom-262x300.jpg\" alt=\"2019-07-extrema-custom\" width=\"262\" height=\"300\" srcset=\"https:\/\/static-blogs.hoy.es\/wp-content\/uploads\/sites\/45\/2019\/07\/2019-07-Extrema-Custom-262x300.jpg 262w, https:\/\/static-blogs.hoy.es\/wp-content\/uploads\/sites\/45\/2019\/07\/2019-07-Extrema-Custom.jpg 654w\" sizes=\"(max-width: 262px) 100vw, 262px\" \/><\/a>Tendr\u00e1 lugar el <strong>domingo 14 de julio<\/strong>,\u00a0con salida desde <strong>Vald\u00edvia<\/strong> (Badajoz), donde se reunir\u00e1n\u00a0de 9 a 10 horas, y recoger\u00e1n donaciones de alimentos.<\/p>\n<p>Habr\u00e1\u00a0tikets para desayuno en Valdivia para los 80 primeros, a base de churros con chocolate o caf\u00e9.<\/p>\n<p>Posteriormente\u00a0se partir\u00e1\u00a0a Ruta66, donde habr\u00e1 2 consumiciones y pinchos, pasar\u00e1n por Orellana, con parada en Entrerrios y una consumici\u00f3n en el pueblo, para finalizar\u00a0en el chiringuito de la playa. All\u00ed estar\u00e1 esperando una paella para recuperar fuerzas.<\/p>\n<p>La\u00a0idea es unir a las motos custom, pasar un d\u00eda genial, hacer nuevos amigos o saludar a los que ya conocemos, hacer uni\u00f3n\u00a0entre las motos Custom de Extremadura y de camino ayudar a los bancos de alimentos.<\/p>\n<p>Aunque la idea es que participen el m\u00e1ximo n\u00famero de moteros custom, los hay custom de esp\u00edritu, y otros seguro que aunque no tengan moto custom se quieren adentrar en la ruta, por supuesto que podr\u00e1n hacerla sin problema.<\/p>\n<p>Saludos y r\u00e1fagas.<\/p>\n<!-- AddThis Advanced Settings generic via filter on the_content --><!-- AddThis Share Buttons generic via filter on the_content -->","protected":false},"excerpt":{"rendered":"<p>Somos muchos los moteros, hay muchas carreteras y muchas clases de motos. En \u00e9ste caso un grupo de amantes de motos Custom nos han organizado su &#8220;Primera convivencia solidaria de motos custom&#8221;. Tendr\u00e1 lugar el domingo 14 de julio,\u00a0con salida desde Vald\u00edvia (Badajoz), donde se reunir\u00e1n\u00a0de 9 a 10 horas, y recoger\u00e1n donaciones de alimentos. [&hellip;]<!-- AddThis Advanced Settings generic via filter on get_the_excerpt --><!-- AddThis Share Buttons generic via filter on get_the_excerpt --><\/p>\n","protected":false},"author":49,"featured_media":0,"comment_status":"open","ping_status":"closed","sticky":false,"template":"","format":"standard","meta":[],"categories":[13,1],"tags":[1349,1314,1346,382,618,622,664,1347,1348],"_links":{"self":[{"href":"https:\/\/blogs.hoy.es\/moterosdehoy\/wp-json\/wp\/v2\/posts\/2834"}],"collection":[{"href":"https:\/\/blogs.hoy.es\/moterosdehoy\/wp-json\/wp\/v2\/posts"}],"about":[{"href":"https:\/\/blogs.hoy.es\/moterosdehoy\/wp-json\/wp\/v2\/types\/post"}],"author":[{"embeddable":true,"href":"https:\/\/blogs.hoy.es\/moterosdehoy\/wp-json\/wp\/v2\/users\/49"}],"replies":[{"embeddable":true,"href":"https:\/\/blogs.hoy.es\/moterosdehoy\/wp-json\/wp\/v2\/comments?post=2834"}],"version-history":[{"count":1,"href":"https:\/\/blogs.hoy.es\/moterosdehoy\/wp-json\/wp\/v2\/posts\/2834\/revisions"}],"predecessor-version":[{"id":2836,"href":"https:\/\/blogs.hoy.es\/moterosdehoy\/wp-json\/wp\/v2\/posts\/2834\/revisions\/2836"}],"wp:attachment":[{"href":"https:\/\/blogs.hoy.es\/moterosdehoy\/wp-json\/wp\/v2\/media?parent=2834"}],"wp:term":[{"taxonomy":"category","embeddable":true,"href":"https:\/\/blogs.hoy.es\/moterosdehoy\/wp-json\/wp\/v2\/categories?post=2834"},{"taxonomy":"post_tag","embeddable":true,"href":"https:\/\/blogs.hoy.es\/moterosdehoy\/wp-json\/wp\/v2\/tags?post=2834"}],"curies":[{"name":"wp","href":"https:\/\/api.w.org\/{rel}","templated":true}]}}