{"id":2840,"date":"2019-07-15T17:19:51","date_gmt":"2019-07-15T17:19:51","guid":{"rendered":"http:\/\/blogs.hoy.es\/moterosdehoy\/?p=2840"},"modified":"2021-08-30T16:31:51","modified_gmt":"2021-08-30T16:31:51","slug":"fin-de-semana-tragico-para-los-motociclistas-extremenos","status":"publish","type":"post","link":"https:\/\/blogs.hoy.es\/moterosdehoy\/2019\/07\/15\/fin-de-semana-tragico-para-los-motociclistas-extremenos\/","title":{"rendered":"Fin de semana tr\u00e1gico para los motociclistas extreme\u00f1os"},"content":{"rendered":"<p>Lamentablemente llevamos una muy mala racha. No s\u00f3lo en Extremadura, es a nivel nacional.<\/p>\n<p>Tenemos que intentar estar m\u00e1s alertas.<\/p>\n<p>El <strong>s\u00e1bado 13 de julio<\/strong>, pasadas las diez de la ma\u00f1ana <a href=\"https:\/\/www.hoy.es\/prov-caceres\/fallece-motorista-anos-20190713110841-nt.html\" rel=\"external nofollow\">se produc\u00eda un accidente<\/a>. Fue en la provincia de C\u00e1ceres, a la altura del km 8,200 de la carretera EX.110. Colisi\u00f3n\u00a0entre una motocicleta y un\u00a0veh\u00edculo. En \u00e9l <strong>fallec\u00eda un motorista<\/strong> de 60 a\u00f1os,\u00a0era vecino de Talayuela (C\u00e1ceres).<\/p>\n<p>El mismo s\u00e1bado sobre las 20:45h, en la provincia de Badajoz <strong>un hombre de 46 a\u00f1os\u00a0result\u00f3 herido menos grave<\/strong> <a href=\"https:\/\/www.hoy.es\/prov-badajoz\/hombre-resulta-herido-20190713114030-nt.html\" rel=\"external nofollow\">tras sufrir una ca\u00edda<\/a> cerca de Valverde de Burguillos, concretamente en el km 26 de la EX-101. Fue evacuado en ambulancia al Hospital Universitario de Badajoz, tras ser asistido en el propio lugar del accidente.<\/p>\n<div id=\"attachment_2841\" style=\"width: 310px\" class=\"wp-caption alignleft\"><a href=\"https:\/\/static-blogs.hoy.es\/wp-content\/uploads\/sites\/45\/2019\/07\/Accidente-Lob\u00f3n.jpg\"><img aria-describedby=\"caption-attachment-2841\" loading=\"lazy\" class=\"size-medium wp-image-2841\" src=\"https:\/\/static-blogs.hoy.es\/wp-content\/uploads\/sites\/45\/2019\/07\/Accidente-Lob\u00f3n-300x169.jpg\" alt=\"Motocicleta accidentada cerca de Lob\u00f3n\" width=\"300\" height=\"169\" srcset=\"https:\/\/static-blogs.hoy.es\/wp-content\/uploads\/sites\/45\/2019\/07\/Accidente-Lob\u00f3n-300x169.jpg 300w, https:\/\/static-blogs.hoy.es\/wp-content\/uploads\/sites\/45\/2019\/07\/Accidente-Lob\u00f3n-768x432.jpg 768w, https:\/\/static-blogs.hoy.es\/wp-content\/uploads\/sites\/45\/2019\/07\/Accidente-Lob\u00f3n-1024x576.jpg 1024w, https:\/\/static-blogs.hoy.es\/wp-content\/uploads\/sites\/45\/2019\/07\/Accidente-Lob\u00f3n.jpg 1600w\" sizes=\"(max-width: 300px) 100vw, 300px\" \/><\/a><p id=\"caption-attachment-2841\" class=\"wp-caption-text\">Motocicleta accidentada cerca de Lob\u00f3n<\/p><\/div>\n<p>El <strong>domingo 14 de julio<\/strong>, sobre las diez de la ma\u00f1ana un motorista realiza salida de v\u00eda, en tramo curvo, y tras recibir un fuerte golpe en la cabeza fue trasladado en ambulancia al Hospital Universitario de Badajoz. Hoy lunes, sobre el medio d\u00eda ha fallecido. D.E.P.<\/p>\n<p>Tambi\u00e9n se trataba de un hombre con experiencia, ten\u00eda <strong>60 a\u00f1os<\/strong>. Emilio S\u00e1nchez Gonz\u00e1lez, de Lob\u00f3n, y bien conocido en su localidad dado que ten\u00eda un almac\u00e9n de construcci\u00f3n. Se encuentra en el tanatorio de Lob\u00f3n (Badajoz) Ma\u00f1ana martes a las 19 horas tendr\u00e1 lugar el entierro.<\/p>\n<p>Me gustar\u00eda realizar un llamamiento pidiendo &#8220;<strong>CONCIENCIACI\u00d3N EN LA SEGURIDAD VIAL<\/strong>&#8220;. Siempre es lamentable la p\u00e9rdida de una persona, todos tenemos conocidos, seres queridos, familia&#8230; Cuando salgamos\u00a0con nuestras motocicletas, debemos ser conscientes de que somos la parte m\u00e1s fr\u00e1gil de la moto, y por ello, debemos estar m\u00e1s alertas que cualquier otro conductor.<\/p>\n<p>En \u00e9stos tres casos no se trataba de personas sin experiencia, ni conductores de permisos clase B, con motocicletas de 125cc. Eran moteros con kil\u00f3metros a sus espaldas. Eran totalmente conocedores de la norma, de sus m\u00e1quinas, y de como realizar una conducci\u00f3n adecuada o moderada, pero por el motivo que sea ya no nos pueden contar sus rutas y transmitir sus experiencias. Mi m\u00e1s sentido p\u00e9same a familiares y amigos. Descansen en Paz.<\/p>\n<p>Saludos y r\u00e1fagas.<\/p>\n<p>&nbsp;<\/p>\n<!-- AddThis Advanced Settings generic via filter on the_content --><!-- AddThis Share Buttons generic via filter on the_content -->","protected":false},"excerpt":{"rendered":"<p>Lamentablemente llevamos una muy mala racha. No s\u00f3lo en Extremadura, es a nivel nacional. Tenemos que intentar estar m\u00e1s alertas. El s\u00e1bado 13 de julio, pasadas las diez de la ma\u00f1ana se produc\u00eda un accidente. Fue en la provincia de C\u00e1ceres, a la altura del km 8,200 de la carretera EX.110. Colisi\u00f3n\u00a0entre una motocicleta y [&hellip;]<!-- AddThis Advanced Settings generic via filter on get_the_excerpt --><!-- AddThis Share Buttons generic via filter on get_the_excerpt --><\/p>\n","protected":false},"author":49,"featured_media":0,"comment_status":"open","ping_status":"closed","sticky":false,"template":"","format":"standard","meta":[],"categories":[13],"tags":[40,1358,622,626],"_links":{"self":[{"href":"https:\/\/blogs.hoy.es\/moterosdehoy\/wp-json\/wp\/v2\/posts\/2840"}],"collection":[{"href":"https:\/\/blogs.hoy.es\/moterosdehoy\/wp-json\/wp\/v2\/posts"}],"about":[{"href":"https:\/\/blogs.hoy.es\/moterosdehoy\/wp-json\/wp\/v2\/types\/post"}],"author":[{"embeddable":true,"href":"https:\/\/blogs.hoy.es\/moterosdehoy\/wp-json\/wp\/v2\/users\/49"}],"replies":[{"embeddable":true,"href":"https:\/\/blogs.hoy.es\/moterosdehoy\/wp-json\/wp\/v2\/comments?post=2840"}],"version-history":[{"count":1,"href":"https:\/\/blogs.hoy.es\/moterosdehoy\/wp-json\/wp\/v2\/posts\/2840\/revisions"}],"predecessor-version":[{"id":2842,"href":"https:\/\/blogs.hoy.es\/moterosdehoy\/wp-json\/wp\/v2\/posts\/2840\/revisions\/2842"}],"wp:attachment":[{"href":"https:\/\/blogs.hoy.es\/moterosdehoy\/wp-json\/wp\/v2\/media?parent=2840"}],"wp:term":[{"taxonomy":"category","embeddable":true,"href":"https:\/\/blogs.hoy.es\/moterosdehoy\/wp-json\/wp\/v2\/categories?post=2840"},{"taxonomy":"post_tag","embeddable":true,"href":"https:\/\/blogs.hoy.es\/moterosdehoy\/wp-json\/wp\/v2\/tags?post=2840"}],"curies":[{"name":"wp","href":"https:\/\/api.w.org\/{rel}","templated":true}]}}