{"id":2847,"date":"2019-07-28T21:58:11","date_gmt":"2019-07-28T21:58:11","guid":{"rendered":"http:\/\/blogs.hoy.es\/moterosdehoy\/?p=2847"},"modified":"2020-11-16T16:41:04","modified_gmt":"2020-11-16T16:41:04","slug":"15-concentracion-motera-ciudad-de-calamonte","status":"publish","type":"post","link":"https:\/\/blogs.hoy.es\/moterosdehoy\/2019\/07\/28\/15-concentracion-motera-ciudad-de-calamonte\/","title":{"rendered":"15 Concentraci\u00f3n motera &#8220;Ciudad de Calamonte&#8221;"},"content":{"rendered":"<p>Del\u00a02 al\u00a04 de agosto se celebrar\u00e1 la quinceava concentraci\u00f3n motera Ciudad de <a href=\"https:\/\/es.wikipedia.org\/wiki\/Calamonte\" rel=\"external nofollow\">Calamonte<\/a>. Como el propio nombre indica ser\u00e1 en Calamonte (Badajoz), y de nuevo ser\u00e1 organizado por la pe\u00f1a motera \u201cAh\u00ed va la liebre\u201d.<\/p>\n<div class=\"teads-adCall\"><a href=\"https:\/\/static-blogs.hoy.es\/wp-content\/uploads\/sites\/45\/2019\/07\/2019-08-Calamonte.jpg\"><img loading=\"lazy\" class=\"alignleft size-medium wp-image-2848\" src=\"https:\/\/static-blogs.hoy.es\/wp-content\/uploads\/sites\/45\/2019\/07\/2019-08-Calamonte-300x212.jpg\" alt=\"2019-08-calamonte\" width=\"300\" height=\"212\" srcset=\"https:\/\/static-blogs.hoy.es\/wp-content\/uploads\/sites\/45\/2019\/07\/2019-08-Calamonte-300x212.jpg 300w, https:\/\/static-blogs.hoy.es\/wp-content\/uploads\/sites\/45\/2019\/07\/2019-08-Calamonte-768x543.jpg 768w, https:\/\/static-blogs.hoy.es\/wp-content\/uploads\/sites\/45\/2019\/07\/2019-08-Calamonte-1024x724.jpg 1024w, https:\/\/static-blogs.hoy.es\/wp-content\/uploads\/sites\/45\/2019\/07\/2019-08-Calamonte.jpg 1600w\" sizes=\"(max-width: 300px) 100vw, 300px\" \/><\/a>El viernes por la tarde comenzar\u00e1 a las 20 horas, con apertura de la caseta y de la barra, con copas baratas y zona de acampada cubierta y vigilada, para que dejes la moto aparcada y puedas disfrutar de la fiesta. Esa noche a las cero horas habr\u00e1 concierto de &#8220;Decadencia&#8221;, tributo a H\u00e9roes. La fiesta continuar\u00e1 con animaci\u00f3n de Multi DJ\u00a0 y Antoni M.<\/div>\n<p>El s\u00e1bado a las 9 iniciar\u00e1 el d\u00eda, con apertura de inscripciones. A las 15 horas paella, 18:30h ruta bar\u00edtima, 22h cena a base de serranitos para los inscritos, 22:30h exhibici\u00f3n acrob\u00e1tica de Pl\u00e1cido 666, 00:30 Concierto In Rock CoverBand, y desde las 02h m\u00fasica y animaci\u00f3n de nuevo con Multi DJ y Antoni M.<\/p>\n<p>El domingo a las 9h desayuno en Pub Weke, 11h ruta por la comarca, y a las 15h comida, a base de caldereta para los inscritos, seguido de sorteos y regalos.<\/p>\n<p>Hay dos inscripciones, una de 8 euros para s\u00f3lo el domingo, y otra de 12 euros, para s\u00e1bado y domingo.<\/p>\n<p>Un fin de semana cargado de fiesta y ambiente motero.<\/p>\n<p>Saludos y r\u00e1fagas.<\/p>\n<!-- AddThis Advanced Settings generic via filter on the_content --><!-- AddThis Share Buttons generic via filter on the_content -->","protected":false},"excerpt":{"rendered":"<p>Del\u00a02 al\u00a04 de agosto se celebrar\u00e1 la quinceava concentraci\u00f3n motera Ciudad de Calamonte. Como el propio nombre indica ser\u00e1 en Calamonte (Badajoz), y de nuevo ser\u00e1 organizado por la pe\u00f1a motera \u201cAh\u00ed va la liebre\u201d. El viernes por la tarde comenzar\u00e1 a las 20 horas, con apertura de la caseta y de la barra, con [&hellip;]<!-- AddThis Advanced Settings generic via filter on get_the_excerpt --><!-- AddThis Share Buttons generic via filter on get_the_excerpt --><\/p>\n","protected":false},"author":49,"featured_media":0,"comment_status":"open","ping_status":"closed","sticky":false,"template":"","format":"standard","meta":[],"categories":[13,1],"tags":[1367,1218,1100,1366,382,622,664,1365],"_links":{"self":[{"href":"https:\/\/blogs.hoy.es\/moterosdehoy\/wp-json\/wp\/v2\/posts\/2847"}],"collection":[{"href":"https:\/\/blogs.hoy.es\/moterosdehoy\/wp-json\/wp\/v2\/posts"}],"about":[{"href":"https:\/\/blogs.hoy.es\/moterosdehoy\/wp-json\/wp\/v2\/types\/post"}],"author":[{"embeddable":true,"href":"https:\/\/blogs.hoy.es\/moterosdehoy\/wp-json\/wp\/v2\/users\/49"}],"replies":[{"embeddable":true,"href":"https:\/\/blogs.hoy.es\/moterosdehoy\/wp-json\/wp\/v2\/comments?post=2847"}],"version-history":[{"count":3,"href":"https:\/\/blogs.hoy.es\/moterosdehoy\/wp-json\/wp\/v2\/posts\/2847\/revisions"}],"predecessor-version":[{"id":2851,"href":"https:\/\/blogs.hoy.es\/moterosdehoy\/wp-json\/wp\/v2\/posts\/2847\/revisions\/2851"}],"wp:attachment":[{"href":"https:\/\/blogs.hoy.es\/moterosdehoy\/wp-json\/wp\/v2\/media?parent=2847"}],"wp:term":[{"taxonomy":"category","embeddable":true,"href":"https:\/\/blogs.hoy.es\/moterosdehoy\/wp-json\/wp\/v2\/categories?post=2847"},{"taxonomy":"post_tag","embeddable":true,"href":"https:\/\/blogs.hoy.es\/moterosdehoy\/wp-json\/wp\/v2\/tags?post=2847"}],"curies":[{"name":"wp","href":"https:\/\/api.w.org\/{rel}","templated":true}]}}