{"id":2871,"date":"2019-09-04T17:54:35","date_gmt":"2019-09-04T17:54:35","guid":{"rendered":"http:\/\/blogs.hoy.es\/moterosdehoy\/?p=2871"},"modified":"2020-11-16T16:39:31","modified_gmt":"2020-11-16T16:39:31","slug":"exposicion-de-la-guardia-civil-en-badajoz-175-anos-a-tu-lado","status":"publish","type":"post","link":"https:\/\/blogs.hoy.es\/moterosdehoy\/2019\/09\/04\/exposicion-de-la-guardia-civil-en-badajoz-175-anos-a-tu-lado\/","title":{"rendered":"Exposici\u00f3n de la Guardia Civil en Badajoz, 175 a\u00f1os a tu lado"},"content":{"rendered":"<p>La\u00a0<a href=\"https:\/\/es.wikipedia.org\/wiki\/Guardia_Civil\" rel=\"external nofollow\"><b>Guardia Civil<\/b><\/a>\u00a0es un instituto armado\u00a0espa\u00f1ol\u00a0de naturaleza militar con funciones de\u00a0polic\u00eda, dependiente de los Ministerios de\u00a0Interior\u00a0y de\u00a0Defensa, que cumple, entre otras, funciones de\u00a0seguridad ciudadana\u00a0y\u00a0orden p\u00fablico. Fue creada el 28 de marzo de 1844 mediante\u00a0Real Decreto, y reformada el 13 de mayo de 1844 por\u00a0Francisco Javier Gir\u00f3n y Ezpeleta,\u00a0II\u00a0duque de Ahumada, que fue el primer\u00a0director general de la Guardia Civil.<\/p>\n<p><a href=\"https:\/\/static-blogs.hoy.es\/wp-content\/uploads\/sites\/45\/2019\/09\/IMG_7441.jpg\"><img loading=\"lazy\" class=\"alignleft size-medium wp-image-2872\" src=\"https:\/\/static-blogs.hoy.es\/wp-content\/uploads\/sites\/45\/2019\/09\/IMG_7441-300x225.jpg\" alt=\"Guardia Civil\" width=\"300\" height=\"225\" srcset=\"https:\/\/static-blogs.hoy.es\/wp-content\/uploads\/sites\/45\/2019\/09\/IMG_7441-300x225.jpg 300w, https:\/\/static-blogs.hoy.es\/wp-content\/uploads\/sites\/45\/2019\/09\/IMG_7441.jpg 640w\" sizes=\"(max-width: 300px) 100vw, 300px\" \/><\/a>Eso es lo que aparece en Wikipedia, pero me gusta m\u00e1s como empieza el segundo p\u00e1rrafo:\u00a0Popularmente tambi\u00e9n conocida como\u00a0<i>la Benem\u00e9rita.<\/i><\/p>\n<p>Benem\u00e9rito, es un adjetivo, que seg\u00fan la <a href=\"https:\/\/www.rae.es\" rel=\"external nofollow\">RAE<\/a> significa:\u00a0Que <strong>merece premio, agradecimiento o estimaci\u00f3n por sus servicios<\/strong>.<\/p>\n<p>El que a\u00fan est\u00e9 leyendo el post estar\u00e1 pensando que se ha equivocado de blog, o que no entiende <strong>\u00bfque tiene que ver un blog de motos con la benem\u00e9rita?<\/strong> Pues es sencillo:<\/p>\n<p>La Guardia Civil <strong>dentro de todas sus especialidades<\/strong>, seguridad ciudadana, monta\u00f1a, servicio mar\u00edtimo, servicio a\u00e9reo, fiscal, polic\u00eda judicial,&#8230; tambi\u00e9n tiene seprona y tr\u00e1fico. En ambas de \u00e9stas dos \u00faltimas <strong>disponen de motocicletas<\/strong> para realizar sus servicios, sin olvidar que algunos puestos de seguridad ciudadana disponen de motocicletas.<\/p>\n<p>Cuando un\u00a0motorista se monta en su motocicleta, y sale de viaje o dar un paseo por placer, hace uso de una motocicleta por gusto. En el caso de prestar servicios en motocicleta es diferente. Igual hace mucha calor o fr\u00edo, igual llueve, o la carretera est\u00e1 helada, igual es la puesta de sol y no se ve nada, pero el servicio finaliza y hay que regresar, y no puedes cambiar de carretera porque tienes nombrado por donde tienes que ir. D\u00f3nde pararte, y posiblemente no haya una sombra. O simplemente hay un usuario averiado. o que necesita ayuda y hay que estar all\u00ed. Probablemente sea en una carretera perdida tras una curva sin visibilidad, o en el arc\u00e9n de una autov\u00eda con mucho tr\u00e1fico, y si no se quedan para se\u00f1alizar adem\u00e1s de solo, podr\u00edas estar en peligro de sufrir un accidente.<\/p>\n<p><a href=\"https:\/\/static-blogs.hoy.es\/wp-content\/uploads\/sites\/45\/2019\/09\/IMG_7443.jpg\"><img loading=\"lazy\" class=\"alignright size-medium wp-image-2873\" src=\"https:\/\/static-blogs.hoy.es\/wp-content\/uploads\/sites\/45\/2019\/09\/IMG_7443-300x225.jpg\" alt=\"Guardia Civil _\" width=\"300\" height=\"225\" srcset=\"https:\/\/static-blogs.hoy.es\/wp-content\/uploads\/sites\/45\/2019\/09\/IMG_7443-300x225.jpg 300w, https:\/\/static-blogs.hoy.es\/wp-content\/uploads\/sites\/45\/2019\/09\/IMG_7443.jpg 640w\" sizes=\"(max-width: 300px) 100vw, 300px\" \/><\/a>Sin olvidar el servicio que realiza seprona (Servicio de Protecci\u00f3n a la Naturaleza), a todos nos gusta vivir en un entorno saludable, pero para ello alguien tiene que velar por \u00e9l. No es s\u00f3lo salir a vigilar el campo, hay personas que se pierden, y un veh\u00edculo de cuatro ruedas no puede pasar por cualquier parte. \u00c9sto es solo un ejemplo de los servicios que pueden prestar.<\/p>\n<p>Ultimamente algunos blogs moteros han puesto el grito en el cielo por la obligatoriedad de utilizar guantes los motociclistas. A \u00e9stos se\u00f1ores y por fin, gracias a Dios, les han equipado con buen material para evitar lesiones m\u00e1s graves ante ca\u00eddas. A ellos no les permiten ir sin ropa adecuada, por suerte esa obligaci\u00f3n no es extensible a todo el mundo motero, pero muestran como se debe de ir si quieres rodar con seguridad.<\/p>\n<p>Pues regresando al blog motero. \u00c9sta semana, <strong>del 02 al 08 de septiembre<\/strong>, la Comandancia de la Guardia Civil de Badajoz, sita en la Plaza de Santo Domingo, tiene jornadas de puertas abiertas de 10 a 13 horas, y de 18 a 21. Adem\u00e1s el s\u00e1bado d\u00eda 7, coincidiendo con la fiesta local de la &#8220;Noche en blanco de Badajoz&#8221;, estar\u00e1 abierto de 10 a 13 y de 21 a 3 horas. All\u00ed encontrar\u00e1s una exposici\u00f3n de medios, e historia de la Guardia Civil. <strong>175 a\u00f1os, a tu lado<\/strong>. Entre todo ello una motocicleta todo terreno del servicio de seprona. Dos motocicletas ant\u00edguas de la Agrupaci\u00f3n de Tr\u00e1fico, concretamente la conocida Sanglas 400, y una motocicleta BMW RT 1250, que es una de las actuales para patrullar.<\/p>\n<p>Me vais a permitir que \u00e9ste post cambie mi pie de cierre del post, y en lugar de poner &#8220;Saludos y r\u00e1fagas&#8221;, pondr\u00e9:<\/p>\n<p>\u00a1\u00a1\u00a1<strong>VIVA LA GUARDIA CIVIL<\/strong>!!!<\/p>\n<!-- AddThis Advanced Settings generic via filter on the_content --><!-- AddThis Share Buttons generic via filter on the_content -->","protected":false},"excerpt":{"rendered":"<p>La\u00a0Guardia Civil\u00a0es un instituto armado\u00a0espa\u00f1ol\u00a0de naturaleza militar con funciones de\u00a0polic\u00eda, dependiente de los Ministerios de\u00a0Interior\u00a0y de\u00a0Defensa, que cumple, entre otras, funciones de\u00a0seguridad ciudadana\u00a0y\u00a0orden p\u00fablico. Fue creada el 28 de marzo de 1844 mediante\u00a0Real Decreto, y reformada el 13 de mayo de 1844 por\u00a0Francisco Javier Gir\u00f3n y Ezpeleta,\u00a0II\u00a0duque de Ahumada, que fue el primer\u00a0director general de [&hellip;]<!-- AddThis Advanced Settings generic via filter on get_the_excerpt --><!-- AddThis Share Buttons generic via filter on get_the_excerpt --><\/p>\n","protected":false},"author":49,"featured_media":0,"comment_status":"open","ping_status":"closed","sticky":false,"template":"","format":"standard","meta":[],"categories":[13,1],"tags":[1378,1377,1376,622],"_links":{"self":[{"href":"https:\/\/blogs.hoy.es\/moterosdehoy\/wp-json\/wp\/v2\/posts\/2871"}],"collection":[{"href":"https:\/\/blogs.hoy.es\/moterosdehoy\/wp-json\/wp\/v2\/posts"}],"about":[{"href":"https:\/\/blogs.hoy.es\/moterosdehoy\/wp-json\/wp\/v2\/types\/post"}],"author":[{"embeddable":true,"href":"https:\/\/blogs.hoy.es\/moterosdehoy\/wp-json\/wp\/v2\/users\/49"}],"replies":[{"embeddable":true,"href":"https:\/\/blogs.hoy.es\/moterosdehoy\/wp-json\/wp\/v2\/comments?post=2871"}],"version-history":[{"count":3,"href":"https:\/\/blogs.hoy.es\/moterosdehoy\/wp-json\/wp\/v2\/posts\/2871\/revisions"}],"predecessor-version":[{"id":2882,"href":"https:\/\/blogs.hoy.es\/moterosdehoy\/wp-json\/wp\/v2\/posts\/2871\/revisions\/2882"}],"wp:attachment":[{"href":"https:\/\/blogs.hoy.es\/moterosdehoy\/wp-json\/wp\/v2\/media?parent=2871"}],"wp:term":[{"taxonomy":"category","embeddable":true,"href":"https:\/\/blogs.hoy.es\/moterosdehoy\/wp-json\/wp\/v2\/categories?post=2871"},{"taxonomy":"post_tag","embeddable":true,"href":"https:\/\/blogs.hoy.es\/moterosdehoy\/wp-json\/wp\/v2\/tags?post=2871"}],"curies":[{"name":"wp","href":"https:\/\/api.w.org\/{rel}","templated":true}]}}