{"id":2875,"date":"2019-09-05T17:11:12","date_gmt":"2019-09-05T17:11:12","guid":{"rendered":"http:\/\/blogs.hoy.es\/moterosdehoy\/?p=2875"},"modified":"2020-11-16T16:39:21","modified_gmt":"2020-11-16T16:39:21","slug":"en-la-carretera-cerveza-sin-de-visita-en-caceres","status":"publish","type":"post","link":"https:\/\/blogs.hoy.es\/moterosdehoy\/2019\/09\/05\/en-la-carretera-cerveza-sin-de-visita-en-caceres\/","title":{"rendered":"En la carretera, Cerveza Sin, de visita en C\u00e1ceres"},"content":{"rendered":"<p><strong>Los moteros disfrutamos del camino como si fuese el destino.<\/strong> No importa cuando llegar, importa disfrutar del viaje.<\/p>\n<p><a href=\"https:\/\/static-blogs.hoy.es\/wp-content\/uploads\/sites\/45\/2019\/09\/En-la-carretera-cerveza-sin.jpg\"><img loading=\"lazy\" class=\"alignleft size-full wp-image-2877\" src=\"https:\/\/static-blogs.hoy.es\/wp-content\/uploads\/sites\/45\/2019\/09\/En-la-carretera-cerveza-sin.jpg\" alt=\"en-la-carretera-cerveza-sin\" width=\"208\" height=\"242\" \/><\/a>Nos gusta movernos con libertad, el paisaje que se desliza delante de nuestro manillar, sumar kil\u00f3metros, escaparnos en moto casi sin equipaje. O salir con una ruta planeada y la moto cargada hasta m\u00e1s no poder. Conducir por carreteras secundarias, la aventura, improvisar las rutas, parar ahora-aqu\u00ed-porque s\u00ed, el sonido del motor, el ruido de la sensaci\u00f3n de los cambios de temperatura sobre la piel, esos olores que no se perciben cuando viajas enlatado. Una puesta de sol en el horizonte. Aquel rinc\u00f3n de aquella ciudad. Conocer sitios nuevos, gente nueva, los amigos que haces en el camino y los compa\u00f1eros de viaje que nunca te fallan. Parar a estirar las piernas, y contarnos ese viaje que estamos haciendo juntos y cada uno vio cosas diferentes.<\/p>\n<p>Pero para ello tenemos que poner de nuestra parte. Es muy importante tener todos los sentidos al cien por cien, y para ello que mejor que no consumir ni drogas, ni alcohol cuando se va a conducir.<\/p>\n<p>Los moteros solemos ser muy cerveceros, y cuando realizamos una parada solemos pedir una bien fresquita para saciar la sed. Ten en cuenta que aunque hay un l\u00edmite permitido de consumo de alcohol, una leve tasa incluso por debajo del 0,25 mlgr\/ltr puede restarte unos milisegundos que pueden ser cruciales ante un accidente. Por ello, es recomendable no consumir ni drogas, incluyendo ciertos f\u00e1rmacos dentro de las drogas, ni bebidas alcoh\u00f3licas.<\/p>\n<p>Llegados a \u00e9ste punto, hay un grupo denominados &#8220;<a href=\"http:\/\/www.enlacarreteracervezasin.es\/\" rel=\"external nofollow\">En la carretera, Cerveza SIN<\/a>&#8220;, que se dedican a patrocinar el consumo de cerveza sin alcohol cuando vas a realizar un viaje. Y \u00e9ste fin de semana estar\u00e1n por <a href=\"https:\/\/www.ayto-caceres.es\/turismo\/\" rel=\"external nofollow\">C\u00e1ceres<\/a>, concretamente <strong>desde el viernes 6, hasta el domingo 8 de septiembre<\/strong>. Por las calles de la ciudad har\u00e1n part\u00edcipe de su eslogan, e invitar\u00e1n a cerveza sin. Hay personas reacias a consumirla, dicen que est\u00e1 m\u00e1s amarga, otros que no le sabe a nada. Pero como la cerveza con alcohol. hay muchas marcas y sabores. Encuentra una que sea de tu gusto.<\/p>\n<p>El d\u00eda 6 de septiembre, dar\u00e1n el pistoletado de salida a las 11:45h, en una rueda de prensa en el Ayuntamiento. Tras ello, un grupo compuesto por seis motoristas, de ellos cuatro de la Asociaci\u00f3n Moto Club Buitres Leonaos, invitar\u00e1n a cerveza sin en\u00a0algunos bares que encuentren a su paso. Tanto por ciudad, como por carretera.<\/p>\n<p>Adem\u00e1s de C\u00e1ceres y continuando su ruta, estar\u00e1n el 10 de septiembre en Valencia. El 17 de septiembre en Barcelona. El 26 en Ciudad Real, en \u00e9stas tres ciudades bajar\u00e1n de las motos y subir\u00e1n en bicicleta. Continuando del 11 al 13 de octubre en Valladolid, y en Vigo del 31 de octubre al 3 de noviembre.<\/p>\n<p>As\u00ed que si estas en un bar y entran seis moteros invit\u00e1ndote a cerveza sin, no pienses que has ligado, igual son los de &#8220;En la carretera, Cerveza SIN&#8221;.<\/p>\n<p>Saludos y r\u00e1fagas.<\/p>\n<!-- AddThis Advanced Settings generic via filter on the_content --><!-- AddThis Share Buttons generic via filter on the_content -->","protected":false},"excerpt":{"rendered":"<p>Los moteros disfrutamos del camino como si fuese el destino. No importa cuando llegar, importa disfrutar del viaje. Nos gusta movernos con libertad, el paisaje que se desliza delante de nuestro manillar, sumar kil\u00f3metros, escaparnos en moto casi sin equipaje. O salir con una ruta planeada y la moto cargada hasta m\u00e1s no poder. Conducir [&hellip;]<!-- AddThis Advanced Settings generic via filter on get_the_excerpt --><!-- AddThis Share Buttons generic via filter on get_the_excerpt --><\/p>\n","protected":false},"author":49,"featured_media":0,"comment_status":"open","ping_status":"closed","sticky":false,"template":"","format":"standard","meta":[],"categories":[13,1],"tags":[126,1083,1379,622,624],"_links":{"self":[{"href":"https:\/\/blogs.hoy.es\/moterosdehoy\/wp-json\/wp\/v2\/posts\/2875"}],"collection":[{"href":"https:\/\/blogs.hoy.es\/moterosdehoy\/wp-json\/wp\/v2\/posts"}],"about":[{"href":"https:\/\/blogs.hoy.es\/moterosdehoy\/wp-json\/wp\/v2\/types\/post"}],"author":[{"embeddable":true,"href":"https:\/\/blogs.hoy.es\/moterosdehoy\/wp-json\/wp\/v2\/users\/49"}],"replies":[{"embeddable":true,"href":"https:\/\/blogs.hoy.es\/moterosdehoy\/wp-json\/wp\/v2\/comments?post=2875"}],"version-history":[{"count":4,"href":"https:\/\/blogs.hoy.es\/moterosdehoy\/wp-json\/wp\/v2\/posts\/2875\/revisions"}],"predecessor-version":[{"id":2880,"href":"https:\/\/blogs.hoy.es\/moterosdehoy\/wp-json\/wp\/v2\/posts\/2875\/revisions\/2880"}],"wp:attachment":[{"href":"https:\/\/blogs.hoy.es\/moterosdehoy\/wp-json\/wp\/v2\/media?parent=2875"}],"wp:term":[{"taxonomy":"category","embeddable":true,"href":"https:\/\/blogs.hoy.es\/moterosdehoy\/wp-json\/wp\/v2\/categories?post=2875"},{"taxonomy":"post_tag","embeddable":true,"href":"https:\/\/blogs.hoy.es\/moterosdehoy\/wp-json\/wp\/v2\/tags?post=2875"}],"curies":[{"name":"wp","href":"https:\/\/api.w.org\/{rel}","templated":true}]}}