{"id":2883,"date":"2019-09-10T17:22:47","date_gmt":"2019-09-10T17:22:47","guid":{"rendered":"http:\/\/blogs.hoy.es\/moterosdehoy\/?p=2883"},"modified":"2020-11-16T16:39:03","modified_gmt":"2020-11-16T16:39:03","slug":"xiii-concentracion-buitres-leonaos-en-caceres","status":"publish","type":"post","link":"https:\/\/blogs.hoy.es\/moterosdehoy\/2019\/09\/10\/xiii-concentracion-buitres-leonaos-en-caceres\/","title":{"rendered":"XIII Concentraci\u00f3n Buitres Leonaos en C\u00e1ceres"},"content":{"rendered":"<h3>Cada d\u00eda que pasa hay m\u00e1s clubes de motos, pero no todos pueden considerarse un referente dentro de su regi\u00f3n.<\/h3>\n<p><a href=\"https:\/\/static-blogs.hoy.es\/wp-content\/uploads\/sites\/45\/2019\/09\/2019-09-C\u00e1ceres.jpg\"><img loading=\"lazy\" class=\"alignleft size-medium wp-image-2884\" src=\"https:\/\/static-blogs.hoy.es\/wp-content\/uploads\/sites\/45\/2019\/09\/2019-09-C\u00e1ceres-205x300.jpg\" alt=\"2019-09-caceres\" width=\"205\" height=\"300\" srcset=\"https:\/\/static-blogs.hoy.es\/wp-content\/uploads\/sites\/45\/2019\/09\/2019-09-C\u00e1ceres-205x300.jpg 205w, https:\/\/static-blogs.hoy.es\/wp-content\/uploads\/sites\/45\/2019\/09\/2019-09-C\u00e1ceres.jpg 656w\" sizes=\"(max-width: 205px) 100vw, 205px\" \/><\/a>\u201cBuitres Leonaos\u201d\u00a0m\u00e1s que conocido club de motos asentado en C\u00e1ceres, para \u00e9sta ocasi\u00f3n han bautizado el evento con el nombre de\u00a0XIII Concentraci\u00f3n internacional de motos Buitres Leonaos, en el que acoger\u00e1 el Festival ExtremaRock 2019,\u00a0teniendo lugar\u00a0<strong>del 12 al 15 de septiembre.<\/strong><\/p>\n<p>Con el siguiente programa:<\/p>\n<p>DIA 12 JUEVES<\/p>\n<div class=\"text_exposed_show\">\n<p>18:00 HORAS: Apertura de inscripciones.<br \/>\n18:00 HORAS: Rutas en peque\u00f1os grupos por C\u00e1ceres, para tomar contacto con la ciudad.<br \/>\n20:00 HORAS: CONCIERTOS: QTR, CALENTON, TOCANDO TECHO,\u00a0MAROMACO,\u00a0DJ, MUSICA ENLATADA<\/p>\n<p>DIA 13 VIERNES<br \/>\n10:00 HORAS: Apertura de Inscripciones.<br \/>\n10:00\/11:00 HORAS: Desayuno en churrer\u00eda San Blas (C\/Osa Mayor-R66).<br \/>\n11:00 HORAS: Ruta por C\u00e1ceres, subida al Santuario de la Monta\u00f1a, paradas para refrigerio, visita Nido del Buitre.<br \/>\n14:00 HORAS: Tiempo libre, cada uno lo que le plazca.<br \/>\n20:00 HORAS: CONCIERTOS:\u00a0PERROS VERDES (TRIBUTO A MAREA),\u00a0ENTRE LAS CEJAS (TRIBUTO A LE\u00d1O)<br \/>\nNADYE,\u00a0ALFREDO &amp; IKER PIEDRAFITA (BARRICADA),\u00a0DJ, MUSICA ENLATADA.<\/p>\n<p>DIA 14 SABADO<br \/>\n9:00\/10:30 HORAS: Desayuno.<br \/>\n11:00 HORAS: Ruta por C\u00e1ceres, con paradas para tomar aperitivo Caf\u00e9 Bar Evora, Picasso Gourmet, piscina C\u00e1ceres el Viejo (Sal Y Pimienta) .<br \/>\n15:00 HORAS: Comida en recinto de la concentraci\u00f3n.<br \/>\n17:30 HORAS: Juegos y concursos tradicionales<br \/>\n19:00 HORAS: Elecci\u00f3n del Mejor tatoo de inscrito\/a, (premio: un tatoo valorado en 200\u20ac, gentileza de WIZARD TATOO).<br \/>\nA partir de las 20:30, se podr\u00e1 recoger la cena.<br \/>\n21:00 HORAS: CONCIERTOS:\u00a0DEDO CORAZ\u00d3N,\u00a0SARVAJE TREN,\u00a0KAPITAN MEMO,\u00a0<strong>OBUS<\/strong>,\u00a0DJ. M\u00daSICA ENLATADA<\/p>\n<p>DIA 15 DOMINGO<br \/>\n9:00\/11:00 HORAS: Desayuno en recinto.<br \/>\n11:00 HORAS: Ruta hasta la localidad de Serradilla con aperitivo en la Plaza.<br \/>\n14:30 HORAS: Comida en recinto, entrega de trofeos y sorteos.<br \/>\n17:00 HORAS: Despedida y cierre.<\/p>\n<p>Como ellos dicen:\u00a0Los horarios y el orden de las actuaciones son aproximados. Reserv\u00e1ndose\u00a0el derecho a modificar el programa sin previo aviso por causas de fuerza mayor.<\/p>\n<p>Tendr\u00e1n una inscripci\u00f3n voluntaria a la concentraci\u00f3n\u00a0de 30\u20ac. Incluye todo lo que queda reflejado en la tarjeta de inscripci\u00f3n, m\u00e1s: acceso a acampada, mochila, camiseta, pin, pegatina y alguna cosilla m\u00e1s, acceso a trofeos y regalos,\u00a0poder participar en los concursos que se programen, y los conciertos. Tambi\u00e9n conlleva descuentos en copas y cervezas en los conciertos.<\/p>\n<p>El acceso a los conciertos es gratuito para todo el mundo.<\/p>\n<p>Adem\u00e1s realizar\u00e1n una recogida de productos de primera necesidad, para beb\u00e9s y de material escolar. Poniendo un poquito cada uno se puede realizar una buena colecta.<\/p>\n<p>Seguro que ser\u00e1 un buen fin de semana entre amigos, rutas, fiesta, motos&#8230; que m\u00e1s se puede pedir. <strong>Nos vemos en Buitres<\/strong>.<\/p>\n<p>Saludos y r\u00e1fagas.<\/p>\n<\/div>\n<!-- AddThis Advanced Settings generic via filter on the_content --><!-- AddThis Share Buttons generic via filter on the_content -->","protected":false},"excerpt":{"rendered":"<p>Cada d\u00eda que pasa hay m\u00e1s clubes de motos, pero no todos pueden considerarse un referente dentro de su regi\u00f3n. \u201cBuitres Leonaos\u201d\u00a0m\u00e1s que conocido club de motos asentado en C\u00e1ceres, para \u00e9sta ocasi\u00f3n han bautizado el evento con el nombre de\u00a0XIII Concentraci\u00f3n internacional de motos Buitres Leonaos, en el que acoger\u00e1 el Festival ExtremaRock 2019,\u00a0teniendo [&hellip;]<!-- AddThis Advanced Settings generic via filter on get_the_excerpt --><!-- AddThis Share Buttons generic via filter on get_the_excerpt --><\/p>\n","protected":false},"author":49,"featured_media":0,"comment_status":"open","ping_status":"closed","sticky":false,"template":"","format":"standard","meta":[],"categories":[13,1],"tags":[120,126,382,1381,622,1380],"_links":{"self":[{"href":"https:\/\/blogs.hoy.es\/moterosdehoy\/wp-json\/wp\/v2\/posts\/2883"}],"collection":[{"href":"https:\/\/blogs.hoy.es\/moterosdehoy\/wp-json\/wp\/v2\/posts"}],"about":[{"href":"https:\/\/blogs.hoy.es\/moterosdehoy\/wp-json\/wp\/v2\/types\/post"}],"author":[{"embeddable":true,"href":"https:\/\/blogs.hoy.es\/moterosdehoy\/wp-json\/wp\/v2\/users\/49"}],"replies":[{"embeddable":true,"href":"https:\/\/blogs.hoy.es\/moterosdehoy\/wp-json\/wp\/v2\/comments?post=2883"}],"version-history":[{"count":1,"href":"https:\/\/blogs.hoy.es\/moterosdehoy\/wp-json\/wp\/v2\/posts\/2883\/revisions"}],"predecessor-version":[{"id":2885,"href":"https:\/\/blogs.hoy.es\/moterosdehoy\/wp-json\/wp\/v2\/posts\/2883\/revisions\/2885"}],"wp:attachment":[{"href":"https:\/\/blogs.hoy.es\/moterosdehoy\/wp-json\/wp\/v2\/media?parent=2883"}],"wp:term":[{"taxonomy":"category","embeddable":true,"href":"https:\/\/blogs.hoy.es\/moterosdehoy\/wp-json\/wp\/v2\/categories?post=2883"},{"taxonomy":"post_tag","embeddable":true,"href":"https:\/\/blogs.hoy.es\/moterosdehoy\/wp-json\/wp\/v2\/tags?post=2883"}],"curies":[{"name":"wp","href":"https:\/\/api.w.org\/{rel}","templated":true}]}}