{"id":2886,"date":"2019-09-16T21:33:40","date_gmt":"2019-09-16T21:33:40","guid":{"rendered":"http:\/\/blogs.hoy.es\/moterosdehoy\/?p=2886"},"modified":"2020-11-16T16:38:52","modified_gmt":"2020-11-16T16:38:52","slug":"ix-reunion-motera-en-navalvillar-de-pela","status":"publish","type":"post","link":"https:\/\/blogs.hoy.es\/moterosdehoy\/2019\/09\/16\/ix-reunion-motera-en-navalvillar-de-pela\/","title":{"rendered":"IX Reuni\u00f3n motera en Navalvillar de Pela"},"content":{"rendered":"<h3>El 22 de septiembre tendremos evento de motos en Navalvillar de Pela (Badajoz).<\/h3>\n<p><a href=\"https:\/\/static-blogs.hoy.es\/wp-content\/uploads\/sites\/45\/2019\/09\/2019-09-Navalvillar-de-Pela.jpg\"><img loading=\"lazy\" class=\"alignleft size-medium wp-image-2887\" src=\"https:\/\/static-blogs.hoy.es\/wp-content\/uploads\/sites\/45\/2019\/09\/2019-09-Navalvillar-de-Pela-300x213.jpg\" alt=\"2019-09-navalvillar-de-pela\" width=\"300\" height=\"213\" srcset=\"https:\/\/static-blogs.hoy.es\/wp-content\/uploads\/sites\/45\/2019\/09\/2019-09-Navalvillar-de-Pela-300x213.jpg 300w, https:\/\/static-blogs.hoy.es\/wp-content\/uploads\/sites\/45\/2019\/09\/2019-09-Navalvillar-de-Pela-768x546.jpg 768w, https:\/\/static-blogs.hoy.es\/wp-content\/uploads\/sites\/45\/2019\/09\/2019-09-Navalvillar-de-Pela.jpg 960w\" sizes=\"(max-width: 300px) 100vw, 300px\" \/><\/a>Con un nombre bien expl\u00edcito\u00a0&#8220;IX Reuni\u00f3n motera\u00a0El Pist\u00f3n Bellotero&#8221;, la pe\u00f1a motera &#8220;El Pist\u00f3n Bellotero&#8221; nos organiza su novena reuni\u00f3n motera. Tendr\u00e1 lugar el d\u00eda 22 de septiembre en su localidad, <a href=\"https:\/\/es.wikipedia.org\/wiki\/Navalvillar_de_Pela\" rel=\"external nofollow\">Navalvillar de Pela<\/a>.<\/p>\n<p>Con una inscripci\u00f3n de 15 euros, que puedes realizar de 10 a 11 horas, en la Plaza del Emigrante, tendr\u00e1s desayuno, dos consumiciones en la ruta, almuerzo en restaurante, y acceso a trofeos, regalos y sorteos. Adem\u00e1s los 150 primeros inscritos tendr\u00e1n camiseta conmemorativa.<\/p>\n<p>Una buena opci\u00f3n para pasar un buen domingo.<\/p>\n<p>Saludos y r\u00e1fagas.<\/p>\n<!-- AddThis Advanced Settings generic via filter on the_content --><!-- AddThis Share Buttons generic via filter on the_content -->","protected":false},"excerpt":{"rendered":"<p>El 22 de septiembre tendremos evento de motos en Navalvillar de Pela (Badajoz). Con un nombre bien expl\u00edcito\u00a0&#8220;IX Reuni\u00f3n motera\u00a0El Pist\u00f3n Bellotero&#8221;, la pe\u00f1a motera &#8220;El Pist\u00f3n Bellotero&#8221; nos organiza su novena reuni\u00f3n motera. Tendr\u00e1 lugar el d\u00eda 22 de septiembre en su localidad, Navalvillar de Pela. Con una inscripci\u00f3n de 15 euros, que puedes [&hellip;]<!-- AddThis Advanced Settings generic via filter on get_the_excerpt --><!-- AddThis Share Buttons generic via filter on get_the_excerpt --><\/p>\n","protected":false},"author":49,"featured_media":0,"comment_status":"open","ping_status":"closed","sticky":false,"template":"","format":"standard","meta":[],"categories":[13,1],"tags":[363,622,626,735,840],"_links":{"self":[{"href":"https:\/\/blogs.hoy.es\/moterosdehoy\/wp-json\/wp\/v2\/posts\/2886"}],"collection":[{"href":"https:\/\/blogs.hoy.es\/moterosdehoy\/wp-json\/wp\/v2\/posts"}],"about":[{"href":"https:\/\/blogs.hoy.es\/moterosdehoy\/wp-json\/wp\/v2\/types\/post"}],"author":[{"embeddable":true,"href":"https:\/\/blogs.hoy.es\/moterosdehoy\/wp-json\/wp\/v2\/users\/49"}],"replies":[{"embeddable":true,"href":"https:\/\/blogs.hoy.es\/moterosdehoy\/wp-json\/wp\/v2\/comments?post=2886"}],"version-history":[{"count":1,"href":"https:\/\/blogs.hoy.es\/moterosdehoy\/wp-json\/wp\/v2\/posts\/2886\/revisions"}],"predecessor-version":[{"id":2888,"href":"https:\/\/blogs.hoy.es\/moterosdehoy\/wp-json\/wp\/v2\/posts\/2886\/revisions\/2888"}],"wp:attachment":[{"href":"https:\/\/blogs.hoy.es\/moterosdehoy\/wp-json\/wp\/v2\/media?parent=2886"}],"wp:term":[{"taxonomy":"category","embeddable":true,"href":"https:\/\/blogs.hoy.es\/moterosdehoy\/wp-json\/wp\/v2\/categories?post=2886"},{"taxonomy":"post_tag","embeddable":true,"href":"https:\/\/blogs.hoy.es\/moterosdehoy\/wp-json\/wp\/v2\/tags?post=2886"}],"curies":[{"name":"wp","href":"https:\/\/api.w.org\/{rel}","templated":true}]}}