{"id":2896,"date":"2019-10-08T17:41:51","date_gmt":"2019-10-08T17:41:51","guid":{"rendered":"http:\/\/blogs.hoy.es\/moterosdehoy\/?p=2896"},"modified":"2020-11-16T16:38:26","modified_gmt":"2020-11-16T16:38:26","slug":"2o-festival-motero-food-fest-en-badajoz","status":"publish","type":"post","link":"https:\/\/blogs.hoy.es\/moterosdehoy\/2019\/10\/08\/2o-festival-motero-food-fest-en-badajoz\/","title":{"rendered":"2\u00ba Festival motero FOOD FEST en Badajoz"},"content":{"rendered":"<p>Tras el \u00e9xito de la quedada motera para asistir al Festival Food Trucks en Badajoz del a\u00f1o pasado, vamos a por la segunda edici\u00f3n.<\/p>\n<p><a href=\"https:\/\/static-blogs.hoy.es\/wp-content\/uploads\/sites\/45\/2019\/10\/2019-10-FoodTrucks.jpg\"><img loading=\"lazy\" class=\"alignleft size-medium wp-image-2897\" src=\"https:\/\/static-blogs.hoy.es\/wp-content\/uploads\/sites\/45\/2019\/10\/2019-10-FoodTrucks-213x300.jpg\" alt=\"\" width=\"213\" height=\"300\" srcset=\"https:\/\/static-blogs.hoy.es\/wp-content\/uploads\/sites\/45\/2019\/10\/2019-10-FoodTrucks-213x300.jpg 213w, https:\/\/static-blogs.hoy.es\/wp-content\/uploads\/sites\/45\/2019\/10\/2019-10-FoodTrucks.jpg 683w\" sizes=\"(max-width: 213px) 100vw, 213px\" \/><\/a>La vez pasada se trat\u00f3 de unir a muchas motos custom, y vista la aceptaci\u00f3n del resto de estilos se ha optado por organizarlo sin exclusi\u00f3n de ning\u00fan tipo. Las motos y los moteros somos \u00fanicos.<\/p>\n<p>Aprovechando el <a href=\"https:\/\/www.facebook.com\/BadajozCallejeandoFoodFest\/?__tn__=%2Cd%2CP-R&amp;eid=ARBMQKJBypncoQS7PYX1lfFUlL55-DlXsv3ofYMMhHWz6bLPspFzeNuSkbmXOk10MzenHZgASa54tHJQ\" rel=\"external nofollow\">Food Fest<\/a> del Auditorio Ricardo Carapeto de Badajoz, que tendr\u00e1 lugar del 11 al 13 de octubre, en el que habr\u00e1 muchas actividades. Los motociclistas de la ciudad tambi\u00e9n queremos participar, y para ello se ha organizado una ruta el d\u00eda <strong>13 de octubre<\/strong> que acabar\u00e1 all\u00ed. <strong>La entrada es gratuita<\/strong>, y hay una <strong>inscripci\u00f3n de UN EURO<\/strong>, con la que tendr\u00e1s acceso a sorteos y precios especiales en las consumiciones.<\/p>\n<p>PROGRAMA DEL 2\u00ba FESTIVAL MOTERO:<\/p>\n<p>D\u00eda 13 de octubre 2019.<\/p>\n<p>Lugar de quedada: Bar cafeter\u00eda Gran V\u00eda (Av. Ricardo Carapeto Zambrano, Barrio de San Roque, Badajoz). Cada cual abonar\u00e1 lo que consuma.<\/p>\n<p>Hora de quedada: A part\u00edr de las 9:30 horas.<\/p>\n<p>Ruta: 10:30h, iniciar\u00e1 ruta por N-V hasta Talavera la Real, Bad\u00e9n de Talavera, Esparragalejo, M\u00e9rida, A-5, Harley Davidson Extremadura. Llegada sobre las 11:45h, y parada de 30 minutos.<\/p>\n<p>Ruta de vuelta: 12:15h, contin\u00faa ruta, con regreso por A-5, hasta salida de C\u00e1ceres y entrada al Auditorio Ricardo Carapeto, sito en Parque de Castelar. Hora prevista de llegada sobre 13:10h. Lugar donde se estacionar\u00e1n las motocicletas de modo ordenado.<\/p>\n<p>En el Auditorio Municipal con entrada gratuita habr\u00e1 m\u00fasica Dj-Truck, <strong>concierto de Jos\u00e9 Mateus<\/strong>, poder acceder a los distintos FoodTrucks que se encuentren en el lugar (veh\u00edculos de comida r\u00e1pida, hamburguesas, burritos, perritos&#8230;), y para los inscritos tickets de bebida m\u00e1s barata, y acceso a los sorteos.<\/p>\n<p>Se ha realizado un <strong><a href=\"https:\/\/docs.google.com\/forms\/d\/1cGYc-_Qnf7UdpB-1Xeiac_HbhwxGj_-IfnU2L11yXqs\/edit\">formulario de inscripci\u00f3n<\/a>, no obligatorio,<\/strong>\u00a0para saber m\u00e1s o menos n\u00famero de inscritos, si quieres acceder a el <a href=\"https:\/\/docs.google.com\/forms\/d\/1cGYc-_Qnf7UdpB-1Xeiac_HbhwxGj_-IfnU2L11yXqs\/edit\">Clic aqu\u00ed<\/a>. Los primeros 120 inscritos tendr\u00e1n una pegatina de la Asociaci\u00f3n Moteros de Hoy.<\/p>\n<p>Para la edici\u00f3n de \u00e9ste a\u00f1o solicitan la <strong>colaboraci\u00f3n de KILO SOLIDARIO<\/strong>, vamos a intentar acordarnos y aportar algo.<\/p>\n<p>Sobre las 16 horas, se dar\u00e1 por finalizado el evento.<\/p>\n<p>Nos vemos el domingo.<\/p>\n<p>Saludos y r\u00e1fagas.<\/p>\n<!-- AddThis Advanced Settings generic via filter on the_content --><!-- AddThis Share Buttons generic via filter on the_content -->","protected":false},"excerpt":{"rendered":"<p>Tras el \u00e9xito de la quedada motera para asistir al Festival Food Trucks en Badajoz del a\u00f1o pasado, vamos a por la segunda edici\u00f3n. La vez pasada se trat\u00f3 de unir a muchas motos custom, y vista la aceptaci\u00f3n del resto de estilos se ha optado por organizarlo sin exclusi\u00f3n de ning\u00fan tipo. Las motos [&hellip;]<!-- AddThis Advanced Settings generic via filter on get_the_excerpt --><!-- AddThis Share Buttons generic via filter on get_the_excerpt --><\/p>\n","protected":false},"author":49,"featured_media":0,"comment_status":"open","ping_status":"closed","sticky":false,"template":"","format":"standard","meta":[],"categories":[13,1],"tags":[1382,87,382,1383,1240,618,622,664],"_links":{"self":[{"href":"https:\/\/blogs.hoy.es\/moterosdehoy\/wp-json\/wp\/v2\/posts\/2896"}],"collection":[{"href":"https:\/\/blogs.hoy.es\/moterosdehoy\/wp-json\/wp\/v2\/posts"}],"about":[{"href":"https:\/\/blogs.hoy.es\/moterosdehoy\/wp-json\/wp\/v2\/types\/post"}],"author":[{"embeddable":true,"href":"https:\/\/blogs.hoy.es\/moterosdehoy\/wp-json\/wp\/v2\/users\/49"}],"replies":[{"embeddable":true,"href":"https:\/\/blogs.hoy.es\/moterosdehoy\/wp-json\/wp\/v2\/comments?post=2896"}],"version-history":[{"count":1,"href":"https:\/\/blogs.hoy.es\/moterosdehoy\/wp-json\/wp\/v2\/posts\/2896\/revisions"}],"predecessor-version":[{"id":2898,"href":"https:\/\/blogs.hoy.es\/moterosdehoy\/wp-json\/wp\/v2\/posts\/2896\/revisions\/2898"}],"wp:attachment":[{"href":"https:\/\/blogs.hoy.es\/moterosdehoy\/wp-json\/wp\/v2\/media?parent=2896"}],"wp:term":[{"taxonomy":"category","embeddable":true,"href":"https:\/\/blogs.hoy.es\/moterosdehoy\/wp-json\/wp\/v2\/categories?post=2896"},{"taxonomy":"post_tag","embeddable":true,"href":"https:\/\/blogs.hoy.es\/moterosdehoy\/wp-json\/wp\/v2\/tags?post=2896"}],"curies":[{"name":"wp","href":"https:\/\/api.w.org\/{rel}","templated":true}]}}