{"id":2906,"date":"2019-11-07T19:15:59","date_gmt":"2019-11-07T19:15:59","guid":{"rendered":"http:\/\/blogs.hoy.es\/moterosdehoy\/?p=2906"},"modified":"2020-11-16T16:37:52","modified_gmt":"2020-11-16T16:37:52","slug":"encuentro-motero-solidario-en-campo-mayor-portugal","status":"publish","type":"post","link":"https:\/\/blogs.hoy.es\/moterosdehoy\/2019\/11\/07\/encuentro-motero-solidario-en-campo-mayor-portugal\/","title":{"rendered":"Encuentro motero solidario en Campo Mayor (Portugal)"},"content":{"rendered":"<h3>Bajo el nombre de &#8220;I Grande encontro motard raiano solidario&#8221; se celebrar\u00e1 el pr\u00f3ximo 16 de noviembre, un encuentro motero solidario en la localidad rayana de Campo Mayor (Portugal).<\/h3>\n<p><a href=\"https:\/\/static-blogs.hoy.es\/wp-content\/uploads\/sites\/45\/2019\/11\/2019-11-Campo-Mayor.jpg\"><img loading=\"lazy\" class=\"alignright size-medium wp-image-2907\" src=\"https:\/\/static-blogs.hoy.es\/wp-content\/uploads\/sites\/45\/2019\/11\/2019-11-Campo-Mayor-209x300.jpg\" alt=\"\" width=\"209\" height=\"300\" srcset=\"https:\/\/static-blogs.hoy.es\/wp-content\/uploads\/sites\/45\/2019\/11\/2019-11-Campo-Mayor-209x300.jpg 209w, https:\/\/static-blogs.hoy.es\/wp-content\/uploads\/sites\/45\/2019\/11\/2019-11-Campo-Mayor-768x1100.jpg 768w, https:\/\/static-blogs.hoy.es\/wp-content\/uploads\/sites\/45\/2019\/11\/2019-11-Campo-Mayor-715x1024.jpg 715w, https:\/\/static-blogs.hoy.es\/wp-content\/uploads\/sites\/45\/2019\/11\/2019-11-Campo-Mayor.jpg 1080w\" sizes=\"(max-width: 209px) 100vw, 209px\" \/><\/a>La idea es de celebrar un encuentro motero en el que participen tanto motociclistas portugueses, como espa\u00f1oles, pues estamos a un paso, sobre todo en una localidad fronteriza como es el caso de <a href=\"https:\/\/www.visitportugal.com\/es\/NR\/exeres\/37B62920-C329-4F79-87DD-12CA4212D85C\" rel=\"external nofollow\">Campo Mayor<\/a>.<\/p>\n<p>El evento viene organizado de la mano del bar Gulbenkian de Campo Mayor, y para atraer moteros de ambos pa\u00edses han contactado con diversos grupos tantos de Portugal, como de Espa\u00f1a. Con la idea de poder atraer el mayor grupo de personal posible, pues el fin del evento es solidario.<\/p>\n<p>Habr\u00e1 una inscripci\u00f3n de 3,50\u20ac, de los que dos euros ir\u00e1n para APPACDM (Asociaci\u00f3n portuguesa del pa\u00eds y amigos del ciudadano deficiente mental de Elvas), una asociaci\u00f3n que no cuenta con apoyos suficientes para poder funcionar correctamente.<\/p>\n<p>De las consumiciones de bebidas y comida que se realicen una parte tambi\u00e9n ir\u00e1 para el fondo de ayuda a dicha asociaci\u00f3n.<\/p>\n<p>El evento dar\u00e1 comienzo a las 15 horas (las 14 horas de Portugal, tal y como aparece en el cartel) y se alargar\u00e1 hasta las cuatro horas de la madrugada (tres hora portuguesa).<\/p>\n<p>Tendr\u00e1n diversas actuaciones musicales, entre ellas conocidos grupos de ambos lados de la frontera, como &#8220;Sound of Neptune&#8221;, &#8220;Elep\u00e9&#8221;, &#8220;The Twain&#8221;, y conocidos DJ&#8217;s, como DJ Luis Calhau y DJ Nuno Crespo. Adem\u00e1s y para no tener problemas para el que pueda beber alguna copa de m\u00e1s, disponen de posibilidad de acampada, para no tener problemas luego con la conducci\u00f3n, o para los que puedan acudir de puntos alejados.<\/p>\n<p>Ser\u00e1 un gran d\u00eda de fraternidad motera sin fronteras. En ella los moteros podremos demostrar por un lado nuestro lado solidario, y por otro que estamos por encima de fronteras.<\/p>\n<p>Nos vemos el d\u00eda 16 de noviembre en <a href=\"https:\/\/es.wikipedia.org\/wiki\/Campo_Maior\" rel=\"external nofollow\">Campo Mayor<\/a>.<\/p>\n<p>Saludos y r\u00e1fagas.<\/p>\n<!-- AddThis Advanced Settings generic via filter on the_content --><!-- AddThis Share Buttons generic via filter on the_content -->","protected":false},"excerpt":{"rendered":"<p>Bajo el nombre de &#8220;I Grande encontro motard raiano solidario&#8221; se celebrar\u00e1 el pr\u00f3ximo 16 de noviembre, un encuentro motero solidario en la localidad rayana de Campo Mayor (Portugal). La idea es de celebrar un encuentro motero en el que participen tanto motociclistas portugueses, como espa\u00f1oles, pues estamos a un paso, sobre todo en una [&hellip;]<!-- AddThis Advanced Settings generic via filter on get_the_excerpt --><!-- AddThis Share Buttons generic via filter on get_the_excerpt --><\/p>\n","protected":false},"author":49,"featured_media":0,"comment_status":"open","ping_status":"closed","sticky":false,"template":"","format":"standard","meta":[],"categories":[13,1],"tags":[1387,1388,1389,1386,622,638,664],"_links":{"self":[{"href":"https:\/\/blogs.hoy.es\/moterosdehoy\/wp-json\/wp\/v2\/posts\/2906"}],"collection":[{"href":"https:\/\/blogs.hoy.es\/moterosdehoy\/wp-json\/wp\/v2\/posts"}],"about":[{"href":"https:\/\/blogs.hoy.es\/moterosdehoy\/wp-json\/wp\/v2\/types\/post"}],"author":[{"embeddable":true,"href":"https:\/\/blogs.hoy.es\/moterosdehoy\/wp-json\/wp\/v2\/users\/49"}],"replies":[{"embeddable":true,"href":"https:\/\/blogs.hoy.es\/moterosdehoy\/wp-json\/wp\/v2\/comments?post=2906"}],"version-history":[{"count":1,"href":"https:\/\/blogs.hoy.es\/moterosdehoy\/wp-json\/wp\/v2\/posts\/2906\/revisions"}],"predecessor-version":[{"id":2908,"href":"https:\/\/blogs.hoy.es\/moterosdehoy\/wp-json\/wp\/v2\/posts\/2906\/revisions\/2908"}],"wp:attachment":[{"href":"https:\/\/blogs.hoy.es\/moterosdehoy\/wp-json\/wp\/v2\/media?parent=2906"}],"wp:term":[{"taxonomy":"category","embeddable":true,"href":"https:\/\/blogs.hoy.es\/moterosdehoy\/wp-json\/wp\/v2\/categories?post=2906"},{"taxonomy":"post_tag","embeddable":true,"href":"https:\/\/blogs.hoy.es\/moterosdehoy\/wp-json\/wp\/v2\/tags?post=2906"}],"curies":[{"name":"wp","href":"https:\/\/api.w.org\/{rel}","templated":true}]}}