{"id":2951,"date":"2020-03-03T10:09:10","date_gmt":"2020-03-03T10:09:10","guid":{"rendered":"http:\/\/blogs.hoy.es\/moterosdehoy\/?p=2951"},"modified":"2021-05-12T18:51:31","modified_gmt":"2021-05-12T18:51:31","slug":"convivencia-motera-de-motorcycle-center-europe","status":"publish","type":"post","link":"https:\/\/blogs.hoy.es\/moterosdehoy\/2020\/03\/03\/convivencia-motera-de-motorcycle-center-europe\/","title":{"rendered":"Convivencia Motera de Motorcycle Center Europe"},"content":{"rendered":"<p>Bajo el nombre de <strong><em>Primera Convivencia Motera de MCE con la Ruta &#8220;Tierra de Barros&#8221;<\/em><\/strong>, Motorcycle Center Europe (MCE) nos ha organizado como su t\u00edtulo indica un d\u00eda de convivencia motera y ruta.<br \/>\n<a href=\"https:\/\/static-blogs.hoy.es\/wp-content\/uploads\/sites\/45\/2020\/03\/image.jpeg\"><img loading=\"lazy\" class=\"alignleft size-medium wp-image-2954\" src=\"https:\/\/static-blogs.hoy.es\/wp-content\/uploads\/sites\/45\/2020\/03\/image-300x204.jpeg\" alt=\"\" width=\"300\" height=\"204\" srcset=\"https:\/\/static-blogs.hoy.es\/wp-content\/uploads\/sites\/45\/2020\/03\/image-300x204.jpeg 300w, https:\/\/static-blogs.hoy.es\/wp-content\/uploads\/sites\/45\/2020\/03\/image.jpeg 624w\" sizes=\"(max-width: 300px) 100vw, 300px\" \/><\/a>Tendr\u00e1 lugar el s\u00e1bado 7 de marzo con el siguiente programa:<br \/>\n\u2022 Quedada a las 09:30h, en sus instalaciones, Crt\/ Nacional V, Km. 400 Nave.1, 06009 Badajoz. A las 10h se partir\u00e1 hacia Barcarrota, donde tendr\u00e1 lugar una parada para disfrutar de un estupendo desayuno extreme\u00f1o.<br \/>\n\u2022 Desde all\u00ed continuar\u00e1 la ruta hacia Feria, con parada en el maravilloso Castillo para tomar fotograf\u00edas desde este espectacular enclave.<br \/>\n\u2022 Para el regreso se realizar\u00e1 por la localidad de Nogales hacia MCE, donde esperar\u00e1 una fant\u00e1stica paellada para cerrar la ruta.<br \/>\nPara asistir, es necesario solicitar reserva de plaza mediante el mail social@motorcyclecentereurope.com o llamando al 924 278 167.<br \/>\nEl coste de la inscripci\u00f3n son 10\u20ac por persona.<br \/>\nLas plazas son limitadas, \u00a1as\u00ed que date prisa y no te quedes sin ella!<br \/>\nSaludos y r\u00e1fagas.<\/p>\n<!-- AddThis Advanced Settings generic via filter on the_content --><!-- AddThis Share Buttons generic via filter on the_content -->","protected":false},"excerpt":{"rendered":"<p>Bajo el nombre de Primera Convivencia Motera de MCE con la Ruta &#8220;Tierra de Barros&#8221;, Motorcycle Center Europe (MCE) nos ha organizado como su t\u00edtulo indica un d\u00eda de convivencia motera y ruta. Tendr\u00e1 lugar el s\u00e1bado 7 de marzo con el siguiente programa: \u2022 Quedada a las 09:30h, en sus instalaciones, Crt\/ Nacional V, [&hellip;]<!-- AddThis Advanced Settings generic via filter on get_the_excerpt --><!-- AddThis Share Buttons generic via filter on get_the_excerpt --><\/p>\n","protected":false},"author":49,"featured_media":0,"comment_status":"open","ping_status":"closed","sticky":false,"template":"","format":"standard","meta":[],"categories":[5,1],"tags":[87,309,1408,1407,663],"_links":{"self":[{"href":"https:\/\/blogs.hoy.es\/moterosdehoy\/wp-json\/wp\/v2\/posts\/2951"}],"collection":[{"href":"https:\/\/blogs.hoy.es\/moterosdehoy\/wp-json\/wp\/v2\/posts"}],"about":[{"href":"https:\/\/blogs.hoy.es\/moterosdehoy\/wp-json\/wp\/v2\/types\/post"}],"author":[{"embeddable":true,"href":"https:\/\/blogs.hoy.es\/moterosdehoy\/wp-json\/wp\/v2\/users\/49"}],"replies":[{"embeddable":true,"href":"https:\/\/blogs.hoy.es\/moterosdehoy\/wp-json\/wp\/v2\/comments?post=2951"}],"version-history":[{"count":1,"href":"https:\/\/blogs.hoy.es\/moterosdehoy\/wp-json\/wp\/v2\/posts\/2951\/revisions"}],"predecessor-version":[{"id":2955,"href":"https:\/\/blogs.hoy.es\/moterosdehoy\/wp-json\/wp\/v2\/posts\/2951\/revisions\/2955"}],"wp:attachment":[{"href":"https:\/\/blogs.hoy.es\/moterosdehoy\/wp-json\/wp\/v2\/media?parent=2951"}],"wp:term":[{"taxonomy":"category","embeddable":true,"href":"https:\/\/blogs.hoy.es\/moterosdehoy\/wp-json\/wp\/v2\/categories?post=2951"},{"taxonomy":"post_tag","embeddable":true,"href":"https:\/\/blogs.hoy.es\/moterosdehoy\/wp-json\/wp\/v2\/tags?post=2951"}],"curies":[{"name":"wp","href":"https:\/\/api.w.org\/{rel}","templated":true}]}}