{"id":2956,"date":"2020-03-08T20:23:12","date_gmt":"2020-03-08T20:23:12","guid":{"rendered":"http:\/\/blogs.hoy.es\/moterosdehoy\/?p=2956"},"modified":"2020-11-16T16:35:37","modified_gmt":"2020-11-16T16:35:37","slug":"viii-aniversario-pub-refugio-en-badajoz","status":"publish","type":"post","link":"https:\/\/blogs.hoy.es\/moterosdehoy\/2020\/03\/08\/viii-aniversario-pub-refugio-en-badajoz\/","title":{"rendered":"VIII Aniversario Pub Refugio, en Badajoz"},"content":{"rendered":"<h3><span style=\"color: #ff0000;\">ANULADA LA RUTA Y LA &#8220;FIESTA 8 ANIVERSARIO PUB REFUGIO&#8221; ES APLAZADA por las medidas en las que nos encontramos inmersos.<\/span><\/h3>\n<h3>Nuestro querido Pub Refugio, en Badajoz, celebrar\u00e1 el s\u00e1bado 14 de marzo su OCTAVO ANIVERSARIO.<\/h3>\n<p><a href=\"https:\/\/static-blogs.hoy.es\/wp-content\/uploads\/sites\/45\/2020\/03\/8-Aniversario-Pub-Refugio-Badajoz.jpg\"><img loading=\"lazy\" class=\"alignleft size-medium wp-image-2957\" src=\"https:\/\/static-blogs.hoy.es\/wp-content\/uploads\/sites\/45\/2020\/03\/8-Aniversario-Pub-Refugio-Badajoz-212x300.jpg\" alt=\"\" width=\"212\" height=\"300\" srcset=\"https:\/\/static-blogs.hoy.es\/wp-content\/uploads\/sites\/45\/2020\/03\/8-Aniversario-Pub-Refugio-Badajoz-212x300.jpg 212w, https:\/\/static-blogs.hoy.es\/wp-content\/uploads\/sites\/45\/2020\/03\/8-Aniversario-Pub-Refugio-Badajoz-768x1086.jpg 768w, https:\/\/static-blogs.hoy.es\/wp-content\/uploads\/sites\/45\/2020\/03\/8-Aniversario-Pub-Refugio-Badajoz-724x1024.jpg 724w, https:\/\/static-blogs.hoy.es\/wp-content\/uploads\/sites\/45\/2020\/03\/8-Aniversario-Pub-Refugio-Badajoz.jpg 1131w\" sizes=\"(max-width: 212px) 100vw, 212px\" \/><\/a>Alguno que ande un poco perdido podr\u00e1 decir \u00bfQu\u00e9 tiene que ver el aniversario de un Pub con motos? Pues podr\u00eda tener raz\u00f3n, pero en \u00e9ste caso el <a href=\"https:\/\/www.facebook.com\/events\/2336633656625643\/\" rel=\"external nofollow\">Pub Refugio<\/a> est\u00e1 regentado por una buena motera &#8220;Estefi&#8221;, y decorado con tem\u00e1tica motera. Por lo que cuando volvemos de las rutas es un buen lugar para bajarnos de la moto y hablar de la ruta, o de las pr\u00f3ximas que haremos, o de &#8230; que m\u00e1s da de que hablar, hay cerveza fr\u00eda, buena m\u00fasica, buena compa\u00f1\u00eda&#8230; y \u00e9ste s\u00e1bado Estefi quiere celebrar con nosotros su octavo aniversario.<\/p>\n<p>Nos ha preparado una fiesta cargada de buena m\u00fasica, sorteos, regalos, y como comenzar\u00e1 a las 14 horas algo de comida.<\/p>\n<p>Como es s\u00e1bado y el tiempo amenaza con ser bueno, nada menos que unos 24 graditos, que mejor que hacer una ruta y luego acabar en el Pub Refugio. Si te apetece hemos organizado una peque\u00f1a vuelta:<\/p>\n<p><strong>Punto de encuentro de 09:45 horas a 10:30, en Mes\u00f3n El Malague\u00f1o, Alvarado (Badajoz)<\/strong>, all\u00ed cogeremos fuerzas para salir hacia Elvas (Portugal).<\/p>\n<p>Sobre las 11:45h, realizaremos una visita al Castillo de Elvas, donde tambi\u00e9n hay cafeter\u00eda para los menos culturales, y a las 13:40h, continuaremos la ruta hacia Badajoz, para llegar al Refu. All\u00ed nos estar\u00e1 esperando Estefi para que retomemos fuerzas y pasemos un buen rato.<\/p>\n<p>Ya son ocho a\u00f1os aguant\u00e1ndonos, y que mejor manera de agradec\u00e9rselo que pasando por all\u00ed, de ese modo le cargamos las pilas para que siga con fuerza.<\/p>\n<p>Para los que anden un poco perdidos, el\u00a0<a href=\"https:\/\/www.facebook.com\/events\/2336633656625643\/\" rel=\"external nofollow\">Pub Refugio<\/a>\u00a0se encuentra en la C\/. Rafael Lucenqui, n\u00ba 9, de\u00a0<a href=\"https:\/\/es.wikipedia.org\/wiki\/Badajoz\" rel=\"external nofollow\">Badajoz<\/a>, y a unos treinta metros pasado el local se encuentran estacionamientos de moto, as\u00ed que no tienes excusa.<\/p>\n<p>No lo dudes y acude a pasar un buen rato, disfrutar de m\u00fasica rock, heavy, cerveza fr\u00eda, chupitos que arden, una anfitriona que nos cuida y una clientela de lo mejor.<\/p>\n<p>Si no te va bien ir a la ruta, o no tienes moto, nos vemos en \u201cEL REFU\u201d<\/p>\n<p>Saludos y r\u00e1fagas.<\/p>\n<!-- AddThis Advanced Settings generic via filter on the_content --><!-- AddThis Share Buttons generic via filter on the_content -->","protected":false},"excerpt":{"rendered":"<p>ANULADA LA RUTA Y LA &#8220;FIESTA 8 ANIVERSARIO PUB REFUGIO&#8221; ES APLAZADA por las medidas en las que nos encontramos inmersos. Nuestro querido Pub Refugio, en Badajoz, celebrar\u00e1 el s\u00e1bado 14 de marzo su OCTAVO ANIVERSARIO. Alguno que ande un poco perdido podr\u00e1 decir \u00bfQu\u00e9 tiene que ver el aniversario de un Pub con motos? [&hellip;]<!-- AddThis Advanced Settings generic via filter on get_the_excerpt --><!-- AddThis Share Buttons generic via filter on get_the_excerpt --><\/p>\n","protected":false},"author":49,"featured_media":0,"comment_status":"open","ping_status":"closed","sticky":false,"template":"","format":"standard","meta":[],"categories":[13,1],"tags":[87,1171,622,1409,1293,1241],"_links":{"self":[{"href":"https:\/\/blogs.hoy.es\/moterosdehoy\/wp-json\/wp\/v2\/posts\/2956"}],"collection":[{"href":"https:\/\/blogs.hoy.es\/moterosdehoy\/wp-json\/wp\/v2\/posts"}],"about":[{"href":"https:\/\/blogs.hoy.es\/moterosdehoy\/wp-json\/wp\/v2\/types\/post"}],"author":[{"embeddable":true,"href":"https:\/\/blogs.hoy.es\/moterosdehoy\/wp-json\/wp\/v2\/users\/49"}],"replies":[{"embeddable":true,"href":"https:\/\/blogs.hoy.es\/moterosdehoy\/wp-json\/wp\/v2\/comments?post=2956"}],"version-history":[{"count":4,"href":"https:\/\/blogs.hoy.es\/moterosdehoy\/wp-json\/wp\/v2\/posts\/2956\/revisions"}],"predecessor-version":[{"id":2962,"href":"https:\/\/blogs.hoy.es\/moterosdehoy\/wp-json\/wp\/v2\/posts\/2956\/revisions\/2962"}],"wp:attachment":[{"href":"https:\/\/blogs.hoy.es\/moterosdehoy\/wp-json\/wp\/v2\/media?parent=2956"}],"wp:term":[{"taxonomy":"category","embeddable":true,"href":"https:\/\/blogs.hoy.es\/moterosdehoy\/wp-json\/wp\/v2\/categories?post=2956"},{"taxonomy":"post_tag","embeddable":true,"href":"https:\/\/blogs.hoy.es\/moterosdehoy\/wp-json\/wp\/v2\/tags?post=2956"}],"curies":[{"name":"wp","href":"https:\/\/api.w.org\/{rel}","templated":true}]}}