{"id":2964,"date":"2020-03-22T15:19:40","date_gmt":"2020-03-22T15:19:40","guid":{"rendered":"http:\/\/blogs.hoy.es\/moterosdehoy\/?p=2964"},"modified":"2020-11-16T16:35:19","modified_gmt":"2020-11-16T16:35:19","slug":"yo-me-quedo-en-casa","status":"publish","type":"post","link":"https:\/\/blogs.hoy.es\/moterosdehoy\/2020\/03\/22\/yo-me-quedo-en-casa\/","title":{"rendered":"Yo me quedo en casa"},"content":{"rendered":"<h3>Llevamos una semana en Estado de Alarma en Espa\u00f1a, y todo apunta que continuaremos as\u00ed hasta mediados de abril.<\/h3>\n<p><a href=\"https:\/\/static-blogs.hoy.es\/wp-content\/uploads\/sites\/45\/2020\/03\/Yomequedoencasa.jpg\"><img loading=\"lazy\" class=\"alignleft size-medium wp-image-2965\" src=\"https:\/\/static-blogs.hoy.es\/wp-content\/uploads\/sites\/45\/2020\/03\/Yomequedoencasa-300x300.jpg\" alt=\"\" width=\"300\" height=\"300\" srcset=\"https:\/\/static-blogs.hoy.es\/wp-content\/uploads\/sites\/45\/2020\/03\/Yomequedoencasa-300x300.jpg 300w, https:\/\/static-blogs.hoy.es\/wp-content\/uploads\/sites\/45\/2020\/03\/Yomequedoencasa-150x150.jpg 150w, https:\/\/static-blogs.hoy.es\/wp-content\/uploads\/sites\/45\/2020\/03\/Yomequedoencasa.jpg 647w\" sizes=\"(max-width: 300px) 100vw, 300px\" \/><\/a>Debido a la pandemia en la que nos vemos afectados, COVID-19, o com\u00fanmente denominado &#8220;coranovirus&#8221;, nos vemos obligados a permanecer en casa.<\/p>\n<p>Solo es posible salir de nuestras casas en casos muy limitados, como ir a trabajar, realizar la compra, ir a la farmacia, sacar a alg\u00fan animal de compa\u00f1\u00eda (suelen ser caninos), y alguna que otra cosa m\u00e1s de primera necesidad o justificada.<\/p>\n<p>Esas salidas, salvo en los casos de ir al trabajo o peque\u00f1as compras, no nos permitir\u00e1 ir en moto, pues para desplazarnos tiene que ser de modo individual salvo al acompa\u00f1ar a mayores, menores, personas dependientes o causa justificada. Por lo que ser\u00e1 dif\u00edcil que podamos llevar a alguien en la motocicleta.<\/p>\n<p>Lo mejor es no agobiarse, si hay que estar en casa, se est\u00e1, y puedes aprovechar para hacer cosas para las que no sol\u00edas tener tiempo. Organizar la casa, limpieza a fondo, si tienes garaje en tu domicilio podr\u00e1s hacer lo mismo con la moto, limpiala, comprueba los niveles, estado de las ruedas y frenos&#8230; Si no sabes de ella aprovecha Internet y sus tutoriales. Busca tutoriales referentes a tu moto, piensa en rutas que te gustar\u00edan hacer y que nunca llegaste a programar, localiza accesorios para la moto o para ti&#8230; Internet da mucho juego.<\/p>\n<p>Pero sobre todo ten en cuenta que entre m\u00e1s precauciones tomemos antes terminaremos con \u00e9sta situaci\u00f3n.<\/p>\n<p>Saludos y r\u00e1fagas VIRTUALES.<\/p>\n<!-- AddThis Advanced Settings generic via filter on the_content --><!-- AddThis Share Buttons generic via filter on the_content -->","protected":false},"excerpt":{"rendered":"<p>Llevamos una semana en Estado de Alarma en Espa\u00f1a, y todo apunta que continuaremos as\u00ed hasta mediados de abril. Debido a la pandemia en la que nos vemos afectados, COVID-19, o com\u00fanmente denominado &#8220;coranovirus&#8221;, nos vemos obligados a permanecer en casa. Solo es posible salir de nuestras casas en casos muy limitados, como ir a [&hellip;]<!-- AddThis Advanced Settings generic via filter on get_the_excerpt --><!-- AddThis Share Buttons generic via filter on get_the_excerpt --><\/p>\n","protected":false},"author":49,"featured_media":0,"comment_status":"open","ping_status":"closed","sticky":false,"template":"","format":"standard","meta":[],"categories":[13,1],"tags":[1413,1410,1414,1171,622,664,1411,1412],"_links":{"self":[{"href":"https:\/\/blogs.hoy.es\/moterosdehoy\/wp-json\/wp\/v2\/posts\/2964"}],"collection":[{"href":"https:\/\/blogs.hoy.es\/moterosdehoy\/wp-json\/wp\/v2\/posts"}],"about":[{"href":"https:\/\/blogs.hoy.es\/moterosdehoy\/wp-json\/wp\/v2\/types\/post"}],"author":[{"embeddable":true,"href":"https:\/\/blogs.hoy.es\/moterosdehoy\/wp-json\/wp\/v2\/users\/49"}],"replies":[{"embeddable":true,"href":"https:\/\/blogs.hoy.es\/moterosdehoy\/wp-json\/wp\/v2\/comments?post=2964"}],"version-history":[{"count":2,"href":"https:\/\/blogs.hoy.es\/moterosdehoy\/wp-json\/wp\/v2\/posts\/2964\/revisions"}],"predecessor-version":[{"id":2967,"href":"https:\/\/blogs.hoy.es\/moterosdehoy\/wp-json\/wp\/v2\/posts\/2964\/revisions\/2967"}],"wp:attachment":[{"href":"https:\/\/blogs.hoy.es\/moterosdehoy\/wp-json\/wp\/v2\/media?parent=2964"}],"wp:term":[{"taxonomy":"category","embeddable":true,"href":"https:\/\/blogs.hoy.es\/moterosdehoy\/wp-json\/wp\/v2\/categories?post=2964"},{"taxonomy":"post_tag","embeddable":true,"href":"https:\/\/blogs.hoy.es\/moterosdehoy\/wp-json\/wp\/v2\/tags?post=2964"}],"curies":[{"name":"wp","href":"https:\/\/api.w.org\/{rel}","templated":true}]}}