{"id":3103,"date":"2022-01-05T10:59:28","date_gmt":"2022-01-05T10:59:28","guid":{"rendered":"https:\/\/blogs.hoy.es\/moterosdehoy\/?p=3103"},"modified":"2022-06-01T15:39:56","modified_gmt":"2022-06-01T15:39:56","slug":"invernales-2022","status":"publish","type":"post","link":"https:\/\/blogs.hoy.es\/moterosdehoy\/2022\/01\/05\/invernales-2022\/","title":{"rendered":"Invernales 2022"},"content":{"rendered":"<p>Arranca el 2.022 y por el momento aunque la pandemia parec\u00eda que nos daba un respiro, no nos podemos confiar. Por suerte, \u00e9ste a\u00f1o poco a poco se van realizando eventos, y podremos disfrutar de rutas, amigos&#8230; aunque todo ello con precauci\u00f3n.<\/p>\n<p><a href=\"https:\/\/static-blogs.hoy.es\/wp-content\/uploads\/sites\/45\/2022\/01\/Carretera-nevada-.jpg\"><img loading=\"lazy\" class=\"size-medium wp-image-3104 alignleft\" src=\"https:\/\/static-blogs.hoy.es\/wp-content\/uploads\/sites\/45\/2022\/01\/Carretera-nevada--300x200.jpg\" alt=\"\" width=\"300\" height=\"200\" srcset=\"https:\/\/static-blogs.hoy.es\/wp-content\/uploads\/sites\/45\/2022\/01\/Carretera-nevada--300x200.jpg 300w, https:\/\/static-blogs.hoy.es\/wp-content\/uploads\/sites\/45\/2022\/01\/Carretera-nevada--768x512.jpg 768w, https:\/\/static-blogs.hoy.es\/wp-content\/uploads\/sites\/45\/2022\/01\/Carretera-nevada--1024x683.jpg 1024w, https:\/\/static-blogs.hoy.es\/wp-content\/uploads\/sites\/45\/2022\/01\/Carretera-nevada-.jpg 1920w\" sizes=\"(max-width: 300px) 100vw, 300px\" \/><\/a>\u00a0Tenemos tiempo de fr\u00edo, pero tambi\u00e9n ropa t\u00e9rmica, y anticongelante para nuestras motos. As\u00ed y sin pensarlo, moto y a rodar. Aqu\u00ed llegan las primeras concentraciones moteras del a\u00f1o y como son en invierno, de ah\u00ed el nombre de &#8220;invernales&#8221;. Para comenzar el a\u00f1o tenemos tres cl\u00e1sicas:<\/p>\n<ul>\n<li>Del 6 al 9 de enero, en Cantalejo (Segovia). El moto club <strong>La Leyenda Contin\u00faa<\/strong> nos trae &#8220;<a href=\"https:\/\/www.laleyendacontinua.info\/\" rel=\"external nofollow\">La concentraci\u00f3n de los motoviajeros<\/a>&#8220;. Es la primera que inici\u00f3 con \u00e9ste tipo de eventos y contin\u00faa, arraiga del 1977.<\/li>\n<li>Del 13 al 16 de enero, en &#8220;El nido del ping\u00fcino&#8221;, sito en carretera CL-610 km 4,5, junto a Valladolid en su salida hacia Valdestillas. Viene de la mano del Club Turismoto y \u00e9ste a\u00f1o tendr\u00e1 el nombre de &#8220;<a href=\"https:\/\/www.clubturismoto.com\/ping%C3%BCinos-2022\" rel=\"external nofollow\"><strong>Ping\u00fcinos<\/strong> 2022<\/a>&#8221; Esta ser\u00e1 su 40 edici\u00f3n.<\/li>\n<li>Del 20 al 23 de enero, en Tordesillas (Valladolid). Bajo la organizaci\u00f3n del moto club tordesillas motauros, nos trae su 22 edici\u00f3n bajo el lema &#8220;El reencuentro&#8221;. <a href=\"https:\/\/motauros.es\/\" rel=\"external nofollow\"><strong>Motauros 2022<\/strong><\/a>.<\/li>\n<\/ul>\n<p>Hay donde elegir solo dentro de nuestro panorama nacional. Para los m\u00e1s aventureros hay que decir que est\u00e1 Elefantentrefen que data del 1956, es la m\u00e1s veterana y en la que se han inspirado el resto de invernales. Es conocida como &#8220;Elefantes&#8221; y se encuentra en Colonia (Alemania), pero debido a la pandemia \u00e9ste 2022 no se realizar\u00e1, por lo que \u00e9ste a\u00f1o toca rodar por nuestro pa\u00eds.<\/p>\n<p>Como recomendaciones no apures el dep\u00f3sito de combustible, puedes verte con alguna carretera cortada que no lo ten\u00edas previsto y al realizar desv\u00edos te veas apurado o sin gasolina. Lleva el m\u00f3vil cargado a tope, es un fastidio quedarte averiado o tener un imprevisto y no poder llamar a la asistencia. Sobre la ropa, lleva ropa adecuada, hay prendas de gore-tex que transpiran y a la vez a\u00edslan del frio y la lluvia, tambi\u00e9n hay prendas t\u00e9rmicas excelentes. Una buena equipaci\u00f3n es esencial, y por supuesto la moto en perfecto estado, ruedas, bater\u00eda, son fundamentales. Las ruedas son nuestro contacto con el asfalto, deben de tener buen dibujo, pues de seguro que a lo largo del camino encontrar\u00e1s agua, y la bater\u00eda con el fr\u00edo sufre mucho, como no tenga su carga completa te encontrar\u00e1s tirado.<\/p>\n<p>Disfruta de la ruta, no es llegar, es disfrutar del viaje. Cada curva, parada&#8230; puede ser una aventura.<\/p>\n<p>Saludos y r\u00e1fagas.<\/p>\n<!-- AddThis Advanced Settings generic via filter on the_content --><!-- AddThis Share Buttons generic via filter on the_content -->","protected":false},"excerpt":{"rendered":"<p>Arranca el 2.022 y por el momento aunque la pandemia parec\u00eda que nos daba un respiro, no nos podemos confiar. Por suerte, \u00e9ste a\u00f1o poco a poco se van realizando eventos, y podremos disfrutar de rutas, amigos&#8230; aunque todo ello con precauci\u00f3n. \u00a0Tenemos tiempo de fr\u00edo, pero tambi\u00e9n ropa t\u00e9rmica, y anticongelante para nuestras motos. [&hellip;]<!-- AddThis Advanced Settings generic via filter on get_the_excerpt --><!-- AddThis Share Buttons generic via filter on get_the_excerpt --><\/p>\n","protected":false},"author":49,"featured_media":0,"comment_status":"open","ping_status":"closed","sticky":false,"template":"","format":"standard","meta":[],"categories":[13,1],"tags":[1463,1462,1464,622,664],"_links":{"self":[{"href":"https:\/\/blogs.hoy.es\/moterosdehoy\/wp-json\/wp\/v2\/posts\/3103"}],"collection":[{"href":"https:\/\/blogs.hoy.es\/moterosdehoy\/wp-json\/wp\/v2\/posts"}],"about":[{"href":"https:\/\/blogs.hoy.es\/moterosdehoy\/wp-json\/wp\/v2\/types\/post"}],"author":[{"embeddable":true,"href":"https:\/\/blogs.hoy.es\/moterosdehoy\/wp-json\/wp\/v2\/users\/49"}],"replies":[{"embeddable":true,"href":"https:\/\/blogs.hoy.es\/moterosdehoy\/wp-json\/wp\/v2\/comments?post=3103"}],"version-history":[{"count":1,"href":"https:\/\/blogs.hoy.es\/moterosdehoy\/wp-json\/wp\/v2\/posts\/3103\/revisions"}],"predecessor-version":[{"id":3105,"href":"https:\/\/blogs.hoy.es\/moterosdehoy\/wp-json\/wp\/v2\/posts\/3103\/revisions\/3105"}],"wp:attachment":[{"href":"https:\/\/blogs.hoy.es\/moterosdehoy\/wp-json\/wp\/v2\/media?parent=3103"}],"wp:term":[{"taxonomy":"category","embeddable":true,"href":"https:\/\/blogs.hoy.es\/moterosdehoy\/wp-json\/wp\/v2\/categories?post=3103"},{"taxonomy":"post_tag","embeddable":true,"href":"https:\/\/blogs.hoy.es\/moterosdehoy\/wp-json\/wp\/v2\/tags?post=3103"}],"curies":[{"name":"wp","href":"https:\/\/api.w.org\/{rel}","templated":true}]}}