{"id":3108,"date":"2022-02-13T19:06:10","date_gmt":"2022-02-13T19:06:10","guid":{"rendered":"https:\/\/blogs.hoy.es\/moterosdehoy\/?p=3108"},"modified":"2022-06-01T15:39:48","modified_gmt":"2022-06-01T15:39:48","slug":"femotex-se-mueve","status":"publish","type":"post","link":"https:\/\/blogs.hoy.es\/moterosdehoy\/2022\/02\/13\/femotex-se-mueve\/","title":{"rendered":"FEMOTEX se mueve"},"content":{"rendered":"<p>El s\u00e1bado d\u00eda 11 de febrero, se ha reunido en la cafeter\u00eda de la antigua Harley Davidson &#8211; Extremadura, la Directiva Gestora de <a href=\"https:\/\/m.facebook.com\/FEMOTEX-236414703197034\/\" rel=\"external nofollow\">FEMOTEX<\/a> (Federaci\u00f3n de motoristas de Extremadura).<\/p>\n<div id=\"attachment_1639\" style=\"width: 265px\" class=\"wp-caption alignleft\"><a href=\"https:\/\/static-blogs.hoy.es\/wp-content\/uploads\/sites\/45\/2015\/07\/Logo-Femotex.jpg\"><img aria-describedby=\"caption-attachment-1639\" loading=\"lazy\" class=\"size-medium wp-image-1639\" src=\"https:\/\/static-blogs.hoy.es\/wp-content\/uploads\/sites\/45\/2015\/07\/Logo-Femotex-255x300.jpg\" alt=\"\" width=\"255\" height=\"300\" srcset=\"https:\/\/static-blogs.hoy.es\/wp-content\/uploads\/sites\/45\/2015\/07\/Logo-Femotex-255x300.jpg 255w, https:\/\/static-blogs.hoy.es\/wp-content\/uploads\/sites\/45\/2015\/07\/Logo-Femotex.jpg 531w\" sizes=\"(max-width: 255px) 100vw, 255px\" \/><\/a><p id=\"caption-attachment-1639\" class=\"wp-caption-text\">Logo FEMOTEX<\/p><\/div>\n<p>Nos encontramos saliendo de la pandemia y hay que retomar los proyectos. FEMOTEX, con la iniciativa de uni\u00f3n de los moteros extreme\u00f1os, en breve anunciar\u00e1 una reuni\u00f3n que tendr\u00e1 como objetivo formalizar una Directiva y dar continuidad al proyecto inicial.<\/p>\n<p>En la actualidad dentro de la Directiva Gestora se encuentran los Clubes o Asociaciones: Ducati Club Extremadura, <a href=\"https:\/\/www.facebook.com\/BuitresLeonaos\" rel=\"external nofollow\">Buitres Leonaos<\/a>, <a href=\"https:\/\/www.facebook.com\/motoclubahivalaliebre\" rel=\"external nofollow\">Ah\u00ed va la liebre<\/a>, y <a href=\"https:\/\/www.facebook.com\/GANG-Moteros-de-Hoy-1621076571530021\" rel=\"external nofollow\">Moteros de Hoy<\/a>. A la reuni\u00f3n que se publicite podr\u00e1n acudir todos los Clubes, pe\u00f1as, asociaciones&#8230; de motos que est\u00e9n legalmente constituidas, entrando un m\u00e1ximo de dos componentes de cada grupo, y de all\u00ed saldr\u00e1 una nueva y fuerte directiva.<\/p>\n<p>Los moteros unidos podemos realizar m\u00e1s y mayores cosas, no lo dudes, y si est\u00e1s interesado en colaborar con el proyecto, mantente al tanto.<\/p>\n<p>Saludos y r\u00e1fagas.<\/p>\n<!-- AddThis Advanced Settings generic via filter on the_content --><!-- AddThis Share Buttons generic via filter on the_content -->","protected":false},"excerpt":{"rendered":"<p>El s\u00e1bado d\u00eda 11 de febrero, se ha reunido en la cafeter\u00eda de la antigua Harley Davidson &#8211; Extremadura, la Directiva Gestora de FEMOTEX (Federaci\u00f3n de motoristas de Extremadura). Nos encontramos saliendo de la pandemia y hay que retomar los proyectos. FEMOTEX, con la iniciativa de uni\u00f3n de los moteros extreme\u00f1os, en breve anunciar\u00e1 una [&hellip;]<!-- AddThis Advanced Settings generic via filter on get_the_excerpt --><!-- AddThis Share Buttons generic via filter on get_the_excerpt --><\/p>\n","protected":false},"author":49,"featured_media":0,"comment_status":"open","ping_status":"closed","sticky":false,"template":"","format":"standard","meta":[],"categories":[13,1],"tags":[400,622],"_links":{"self":[{"href":"https:\/\/blogs.hoy.es\/moterosdehoy\/wp-json\/wp\/v2\/posts\/3108"}],"collection":[{"href":"https:\/\/blogs.hoy.es\/moterosdehoy\/wp-json\/wp\/v2\/posts"}],"about":[{"href":"https:\/\/blogs.hoy.es\/moterosdehoy\/wp-json\/wp\/v2\/types\/post"}],"author":[{"embeddable":true,"href":"https:\/\/blogs.hoy.es\/moterosdehoy\/wp-json\/wp\/v2\/users\/49"}],"replies":[{"embeddable":true,"href":"https:\/\/blogs.hoy.es\/moterosdehoy\/wp-json\/wp\/v2\/comments?post=3108"}],"version-history":[{"count":4,"href":"https:\/\/blogs.hoy.es\/moterosdehoy\/wp-json\/wp\/v2\/posts\/3108\/revisions"}],"predecessor-version":[{"id":3112,"href":"https:\/\/blogs.hoy.es\/moterosdehoy\/wp-json\/wp\/v2\/posts\/3108\/revisions\/3112"}],"wp:attachment":[{"href":"https:\/\/blogs.hoy.es\/moterosdehoy\/wp-json\/wp\/v2\/media?parent=3108"}],"wp:term":[{"taxonomy":"category","embeddable":true,"href":"https:\/\/blogs.hoy.es\/moterosdehoy\/wp-json\/wp\/v2\/categories?post=3108"},{"taxonomy":"post_tag","embeddable":true,"href":"https:\/\/blogs.hoy.es\/moterosdehoy\/wp-json\/wp\/v2\/tags?post=3108"}],"curies":[{"name":"wp","href":"https:\/\/api.w.org\/{rel}","templated":true}]}}