{"id":3116,"date":"2022-03-10T20:18:15","date_gmt":"2022-03-10T20:18:15","guid":{"rendered":"https:\/\/blogs.hoy.es\/moterosdehoy\/?p=3116"},"modified":"2022-06-01T15:39:39","modified_gmt":"2022-06-01T15:39:39","slug":"moteros-dando-visibilidad-a-la-ela","status":"publish","type":"post","link":"https:\/\/blogs.hoy.es\/moterosdehoy\/2022\/03\/10\/moteros-dando-visibilidad-a-la-ela\/","title":{"rendered":"Moteros dando visibilidad a la ELA"},"content":{"rendered":"<p>Sin duda lo m\u00e1s importante de este post es el mismo fin que han tenido un grupo de moteros movidos por BELA (Bikers por la ELA), potenciar el conocimiento de la enfermedad ELA.<\/p>\n<p><a href=\"https:\/\/static-blogs.hoy.es\/wp-content\/uploads\/sites\/45\/2022\/03\/BELA-en-Extremadura.jpg\"><img loading=\"lazy\" class=\"alignleft size-medium wp-image-3117\" src=\"https:\/\/static-blogs.hoy.es\/wp-content\/uploads\/sites\/45\/2022\/03\/BELA-en-Extremadura-225x300.jpg\" alt=\"\" width=\"225\" height=\"300\" srcset=\"https:\/\/static-blogs.hoy.es\/wp-content\/uploads\/sites\/45\/2022\/03\/BELA-en-Extremadura-225x300.jpg 225w, https:\/\/static-blogs.hoy.es\/wp-content\/uploads\/sites\/45\/2022\/03\/BELA-en-Extremadura-768x1024.jpg 768w, https:\/\/static-blogs.hoy.es\/wp-content\/uploads\/sites\/45\/2022\/03\/BELA-en-Extremadura.jpg 960w\" sizes=\"(max-width: 225px) 100vw, 225px\" \/><\/a>ELA (esclerosis lateral amiotr\u00f3fica), es una\u00a0enfermedad\u00a0progresiva del sistema nervioso que afecta las c\u00e9lulas nerviosas en el cerebro y la m\u00e9dula espinal, causando la p\u00e9rdida del control muscular. Es una de esas enfermedades raras que necesitan investigaci\u00f3n, y como todas ellas todo el aporte que tengan ser\u00e1 poco hasta que sepamos de d\u00f3nde y porqu\u00e9 surge; y por supuesto como erradicarla, o poder vivir con ella dignamente.<\/p>\n<p>El 19 de febrero tuvo lugar un encuentro en la localidad de Trujillo para iniciar un acuerdo de colaboraci\u00f3n entre media docena de grupos moteros y un relativamente nuevo grupo llamado \u201cBikers por la ELA\u201d, digo \u201crelativamente nuevo\u201d pues lleva algo menos de un a\u00f1o.<\/p>\n<p>Entre los grupos moteros que acudieron a la cita se encontraban varios clubes de la provincia de C\u00e1ceres, Badajoz, e incluso uno de Portugal. Lo que muestra una vez m\u00e1s que los moteros son solidarios y se unen para dichos fines. La idea era firmar un acuerdo de colaboraci\u00f3n, pero se ha preferido posponerlo y que en dicho acuerdo puedan entrar m\u00e1s grupos, entre m\u00e1s mejor, todo el apoyo es poco.<\/p>\n<p>En dicha reuni\u00f3n se expuso el trabajo que quiere realizar BELA, y que ya dispone de un Delegado en Extremadura, se trata de Carlos Pablos, de Trujillo, y marido de Rosa, afectada por ELA. Carlos se encargar\u00e1 de coordinar en Extremadura los trabajos realizados por los moteros para dar visibilidad a ELA, y que ning\u00fan esfuerzo quede en el tintero.<\/p>\n<p>Fue un d\u00eda muy emotivo pues Rosa sol\u00eda acompa\u00f1ar a Carlos en sus viajes con su Harley, ahora se tuvo que limitar a acompa\u00f1arlo desde un coche adaptado. Se realiz\u00f3 un trayecto desde la localidad de Trujillo a Miajadas. All\u00ed nos esperaba Lucas, tambi\u00e9n afectado de ELA. Lucas y su familia, tambi\u00e9n agradecidos de recibirnos, nos ten\u00edan preparado un tentempi\u00e9.<\/p>\n<p>All\u00ed, Israel Gonz\u00e1lez, Presidente de BELA, llegado desde Madrid para la ocasi\u00f3n junto a un representante de cada grupo motero, dijo unas emotivas palabras, les nombr\u00f3 miembros honor\u00edficos de su grupo e hizo entrega de sendas placas, para despu\u00e9s ir a un restaurante a comer todos juntos.<a href=\"https:\/\/static-blogs.hoy.es\/wp-content\/uploads\/sites\/45\/2022\/03\/BELA-en-Miajadas-_.jpg\"><img loading=\"lazy\" class=\"alignright size-medium wp-image-3118\" src=\"https:\/\/static-blogs.hoy.es\/wp-content\/uploads\/sites\/45\/2022\/03\/BELA-en-Miajadas-_-300x138.jpg\" alt=\"\" width=\"300\" height=\"138\" srcset=\"https:\/\/static-blogs.hoy.es\/wp-content\/uploads\/sites\/45\/2022\/03\/BELA-en-Miajadas-_-300x138.jpg 300w, https:\/\/static-blogs.hoy.es\/wp-content\/uploads\/sites\/45\/2022\/03\/BELA-en-Miajadas-_-768x354.jpg 768w, https:\/\/static-blogs.hoy.es\/wp-content\/uploads\/sites\/45\/2022\/03\/BELA-en-Miajadas-_-1024x472.jpg 1024w, https:\/\/static-blogs.hoy.es\/wp-content\/uploads\/sites\/45\/2022\/03\/BELA-en-Miajadas-_.jpg 1824w\" sizes=\"(max-width: 300px) 100vw, 300px\" \/><\/a><\/p>\n<p>&nbsp;<\/p>\n<p>En la fotograf\u00eda de la derecha aparece Israel Gonz\u00e1lez, Presidente de BELA, en pie Presidentes\/representantes de Asociaciones moteras intervinientes. Con las placas, Rosa y Lucas, dos grandes luchadores.<\/p>\n<p>Durante la comida tuve la oportunidad de hablar con Israel Gonz\u00e1lez, quien supo transmitirme toda esa inquietud que le lleva a realizar kil\u00f3metros con su moto y pedir apoyo para la investigaci\u00f3n #BikersPorlaELA #LaElaExiste #QueCadaKilometroSume. Al preguntarle c\u00f3mo inici\u00f3 esta andadura, me habl\u00f3 de <strong><a href=\"https:\/\/www.marca.com\/otros-deportes\/2016\/08\/07\/57a69196e2704ef33b8b45fd.html\" rel=\"external nofollow\">Fernando Mogena<\/a><\/strong>, un buen amigo suyo que cay\u00f3 afectado por la ELA, al hablarme de \u00e9l me di cuenta que tuve el placer de conocerlo, me dio clases de defensa personal durante dos a\u00f1os en la academia. Desconoc\u00eda que hab\u00eda ca\u00eddo afectado de ELA. Parec\u00eda un hombre imposible de vencer, y como dice Israel, un d\u00eda ELA llama a tu puerta y comienza el infierno.<\/p>\n<p>Tambi\u00e9n tuve la oportunidad de hablar con Carlos Pablos, me cont\u00f3 historias y rutas de cuando no exist\u00eda la ELA en su vida. Me dijo: UN D\u00cdA ELA ENTRA EN TU VIDA, SE ACOMODA Y COMIENZA EL INFIERNO. Cada m\u00fasculo que deja de funcionar ya no lo volver\u00e1 a hacer, un escal\u00f3n que no se puede subir un d\u00eda, ya no se volver\u00e1 a subir. Cada limitaci\u00f3n que llega, ser\u00e1 definitiva, hasta llegar a los pulmones, dejando de funcionar.<\/p>\n<p><a href=\"https:\/\/static-blogs.hoy.es\/wp-content\/uploads\/sites\/45\/2022\/03\/BELA-en-Miajadas.jpg\"><img loading=\"lazy\" class=\"alignleft size-medium wp-image-3119\" src=\"https:\/\/static-blogs.hoy.es\/wp-content\/uploads\/sites\/45\/2022\/03\/BELA-en-Miajadas-300x228.jpg\" alt=\"\" width=\"300\" height=\"228\" srcset=\"https:\/\/static-blogs.hoy.es\/wp-content\/uploads\/sites\/45\/2022\/03\/BELA-en-Miajadas-300x228.jpg 300w, https:\/\/static-blogs.hoy.es\/wp-content\/uploads\/sites\/45\/2022\/03\/BELA-en-Miajadas-768x585.jpg 768w, https:\/\/static-blogs.hoy.es\/wp-content\/uploads\/sites\/45\/2022\/03\/BELA-en-Miajadas-1024x780.jpg 1024w, https:\/\/static-blogs.hoy.es\/wp-content\/uploads\/sites\/45\/2022\/03\/BELA-en-Miajadas.jpg 1102w\" sizes=\"(max-width: 300px) 100vw, 300px\" \/><\/a>Pasamos un d\u00eda muy emotivo, sentimos que tanto Rosa, como Lucas, se sintieron arropados con nuestra compa\u00f1\u00eda, y no paraba un mensaje en mi cabeza:<\/p>\n<p>\u00bfPor qu\u00e9 a ellos?<\/p>\n<p>\u00bfPor qu\u00e9 no tienen apoyo de la administraci\u00f3n como otra enfermedad o par\u00e1lisis?<\/p>\n<p>\u00bfPor qu\u00e9\u2026?<\/p>\n<p>Se me saltaron las l\u00e1grimas, ellos no entend\u00edan, no pod\u00eda ni hablar, se me paraliz\u00f3 por instantes la garganta, ten\u00eda el recuerdo de Domingo Manso Suarez, quien tambi\u00e9n nos dej\u00f3 por ese infierno de enfermedad, hermano de \u201cmi hermano motero\u201d. El no quiso decir lo que le pasaba hasta que ya no hab\u00eda forma de ocultarlo. Aunque es cierto que esta enfermedad tarda mucho en diagnosticarse, pues ni los propios doctores en muchos casos saben detectarla.<\/p>\n<p>En Extremadura contamos con la <a href=\"https:\/\/elaextremadura.org\/\" rel=\"external nofollow\">Asociaci\u00f3n ELA Extremadura<\/a>, fundada en 2017, y los moteros ya hab\u00edamos tenido apoyo a ELA. El d\u00eda 21 de junio es el d\u00eda mundial contra la ELA, y en 2018 los acompa\u00f1amos por Badajoz para darles visibilidad. <a href=\"https:\/\/www.youtube.com\/watch?v=VFOPQuGYry4\" rel=\"external nofollow\">Enlace a v\u00eddeo que se realiz\u00f3<\/a>. En 2019 se volvi\u00f3 a realizar, y luego lleg\u00f3 la pandemia impidiendo que se realizara.<\/p>\n<p>Por entonces se encontraba en la Asociaci\u00f3n ELA Extremadura <strong><a href=\"https:\/\/www.hoy.es\/badajoz\/fallece-marco-sanchez-20210924143247-nt.html?ref=https%3A%2F%2Fwww.bing.com%2F\" rel=\"external nofollow\">Marco S\u00e1nchez Becerra<\/a><\/strong> (El Guerrero), declarado SOCIO DE HONOR, de dicha asociaci\u00f3n, por su lucha y entrega hacia todos los enfermos y familiares de ELA, lo que le ha llevado a que lo propongan a la concesi\u00f3n de la medalla de Extremadura a t\u00edtulo p\u00f3stumo.<\/p>\n<p>Todo esto nos demuestra que hay que seguir luchando, y unidos podemos conseguir m\u00e1s. Si eres un free biker, estate atento, pues en breve se realizar\u00e1n m\u00e1s actos que necesitar\u00e1n de tu apoyo, y si perteneces a un grupo motero o club de motos, com\u00e9ntalo en tu grupo, unidos llegaremos m\u00e1s lejos, de momento el siguiente paso ser\u00e1 al medio d\u00eda del pr\u00f3ximo d\u00eda 20 de marzo, para firmar un convenio de colaboraci\u00f3n entre ELA Extremadura, RedELA investigaci\u00f3n y cinco grupos moteros de la regi\u00f3n, todo ello promovido por BELA.\u00a0No se trata de una obligaci\u00f3n, se trata de apoyo, tampoco es cerrarnos a otras causas, simplemente ahora hablamos de ELA y darle visibilidad.<\/p>\n<p>No se trata de chalecos moteros, ni colores, ni parches, ni que grupo o club consigue reunir m\u00e1s visibilidad, ni que moteros hacen m\u00e1s que otros. <strong>Se trata de uni\u00f3n.<\/strong> Todos somos personas, y a ELA con eso le vasta, no distingue nada m\u00e1s.<\/p>\n<p>Por favor, todos los que quer\u00e1is asistir poneros en contacto con alguno de los grupos que aparecen en el cartel, y si quer\u00e9is quedaros a comer el d\u00eda 20 hay un men\u00fa de 14,50\u20ac (men\u00fa cerrado de dos platos, 1\u00ba cazuelita de pisto con huevos y jam\u00f3n, 2\u00ba jamoncitos de pollo acompa\u00f1ado de panaderas al piment\u00f3n, postre: pudding). <strong>Para la comida hay que apuntarse antes del lunes d\u00eda 14 de marzo<\/strong>.<\/p>\n<p>La ELA existe conocELA.<\/p>\n<p>Saludos y r\u00e1fagas.<\/p>\n<!-- AddThis Advanced Settings generic via filter on the_content --><!-- AddThis Share Buttons generic via filter on the_content -->","protected":false},"excerpt":{"rendered":"<p>Sin duda lo m\u00e1s importante de este post es el mismo fin que han tenido un grupo de moteros movidos por BELA (Bikers por la ELA), potenciar el conocimiento de la enfermedad ELA. ELA (esclerosis lateral amiotr\u00f3fica), es una\u00a0enfermedad\u00a0progresiva del sistema nervioso que afecta las c\u00e9lulas nerviosas en el cerebro y la m\u00e9dula espinal, causando [&hellip;]<!-- AddThis Advanced Settings generic via filter on get_the_excerpt --><!-- AddThis Share Buttons generic via filter on get_the_excerpt --><\/p>\n","protected":false},"author":49,"featured_media":0,"comment_status":"open","ping_status":"closed","sticky":false,"template":"","format":"standard","meta":[],"categories":[13,1],"tags":[69,1466,1467,382,1465,622],"_links":{"self":[{"href":"https:\/\/blogs.hoy.es\/moterosdehoy\/wp-json\/wp\/v2\/posts\/3116"}],"collection":[{"href":"https:\/\/blogs.hoy.es\/moterosdehoy\/wp-json\/wp\/v2\/posts"}],"about":[{"href":"https:\/\/blogs.hoy.es\/moterosdehoy\/wp-json\/wp\/v2\/types\/post"}],"author":[{"embeddable":true,"href":"https:\/\/blogs.hoy.es\/moterosdehoy\/wp-json\/wp\/v2\/users\/49"}],"replies":[{"embeddable":true,"href":"https:\/\/blogs.hoy.es\/moterosdehoy\/wp-json\/wp\/v2\/comments?post=3116"}],"version-history":[{"count":1,"href":"https:\/\/blogs.hoy.es\/moterosdehoy\/wp-json\/wp\/v2\/posts\/3116\/revisions"}],"predecessor-version":[{"id":3120,"href":"https:\/\/blogs.hoy.es\/moterosdehoy\/wp-json\/wp\/v2\/posts\/3116\/revisions\/3120"}],"wp:attachment":[{"href":"https:\/\/blogs.hoy.es\/moterosdehoy\/wp-json\/wp\/v2\/media?parent=3116"}],"wp:term":[{"taxonomy":"category","embeddable":true,"href":"https:\/\/blogs.hoy.es\/moterosdehoy\/wp-json\/wp\/v2\/categories?post=3116"},{"taxonomy":"post_tag","embeddable":true,"href":"https:\/\/blogs.hoy.es\/moterosdehoy\/wp-json\/wp\/v2\/tags?post=3116"}],"curies":[{"name":"wp","href":"https:\/\/api.w.org\/{rel}","templated":true}]}}