{"id":312,"date":"2012-08-27T16:16:54","date_gmt":"2012-08-27T16:16:54","guid":{"rendered":"http:\/\/blogs.hoy.es\/moterosdehoy\/?p=312"},"modified":"2012-08-27T16:16:54","modified_gmt":"2012-08-27T16:16:54","slug":"iii-encuentro-moteros-motoristas-en-merida","status":"publish","type":"post","link":"https:\/\/blogs.hoy.es\/moterosdehoy\/2012\/08\/27\/iii-encuentro-moteros-motoristas-en-merida\/","title":{"rendered":"III Encuentro moteros-motoristas en M\u00e9rida"},"content":{"rendered":"<p style=\"text-align: justify;\">\u00a0 \u00a0Durante los d\u00edas <strong>15 y 16 de septiembre 2012<\/strong>, tendr\u00e1 lugar el ya <strong><a title=\"Fotos del III Encuentro Moteros-Motoristas\" href=\"https:\/\/blogs.hoy.es\/moterosdehoy\/2012\/09\/15\/fotos-del-iii-encuentro-moteros-motoristas-merida\/\" target=\"_blank\">III Encuentro Moteros-Motoristas<\/a>\u00a0<\/strong>destinado tanto a aficionados a la moto como a motoristas de la Guardia Civil, para compartir unas jornadas de convivencia que ayuden a ambos colectivos a conocerse mejor.<\/p>\n<div id=\"attachment_313\" style=\"width: 250px\" class=\"wp-caption alignright\"><a href=\"\/moterosdehoy\/wp-content\/uploads\/sites\/45\/2012\/08\/2012-09-15-M\u00e9rida.jpg\"><img aria-describedby=\"caption-attachment-313\" loading=\"lazy\" class=\"size-medium wp-image-313\" title=\"2012-09-15 M\u00e9rida\" src=\"\/moterosdehoy\/wp-content\/uploads\/sites\/45\/2012\/08\/2012-09-15-M\u00e9rida.jpg\" alt=\"\" width=\"240\" height=\"300\" srcset=\"https:\/\/static-blogs.hoy.es\/wp-content\/uploads\/sites\/45\/2012\/08\/2012-09-15-M\u00e9rida.jpg 336w, https:\/\/static-blogs.hoy.es\/wp-content\/uploads\/sites\/45\/2012\/08\/2012-09-15-M\u00e9rida-240x300.jpg 240w\" sizes=\"(max-width: 240px) 100vw, 240px\" \/><\/a><p id=\"caption-attachment-313\" class=\"wp-caption-text\">Cartel del III Encuentro moteros-motoristas<\/p><\/div>\n<p style=\"text-align: justify;\">\u00a0 \u00a0Dicho encuentro motero es algo peculiar, dado que se realiza en la Escuela de Tr\u00e1fico de la Guardia Civil en M\u00e9rida, y como en ediciones anteriores, agrupar\u00e1 a\u00a0cientos de motoristas, muchos de ellos miembros de la Guardia Civil. Ojo, debido a realizarse dentro de un recinto y por el \u00e9xito de otros a\u00f1os, el cupo de <strong>inscripci\u00f3n<\/strong> esta\u00a0<strong>limitada a tan solo 400 inscritos<\/strong>. Para m\u00e1s informaci\u00f3n o detalles,\u00a0<a title=\"III Encuentro moteros-motoristas\" href=\"https:\/\/sites.google.com\/site\/encuentromm\/\" target=\"_blank\">pincha aqu\u00ed.<\/a>\u00a0Y si deseas <strong>inscribirte<\/strong> haz<strong> <a title=\"Inscripci\u00f3n en el III encuentro moteros-motoristas\" href=\"https:\/\/sites.google.com\/site\/encuentromm\/descargas\" target=\"_blank\">click aqu\u00ed<\/a><\/strong> te descargas el archivo excel formulario de inscripci\u00f3n y lo env\u00edas a encuentromm@gmail.com. \u00a0<strong>El plazo de inscripci\u00f3n se ha ampliado hasta el d\u00eda 5 de septiembre.<\/strong><\/p>\n<p style=\"text-align: justify;\">\u00a0 \u00a0En\u00a0esta III Edici\u00f3n, adem\u00e1s de las visitas habituales de encuentros anteriores para conocer las instalaciones y material de la Escuela de Tr\u00e1fico, se amplia tanto la duraci\u00f3n del evento (\u00e9sta vez s\u00e1bado y domingo) como la oferta, con actividades novedosas: como un\u00a0<strong>Taller de Conducci\u00f3n Segura de Motocicletas<\/strong>\u00a0dirigidas por Monitores en las propias instalaciones de la Escuela de Tr\u00e1fico. Igualmente y para que la convivencia sea realmente efectiva, se\u00a0<strong>ofrecer\u00e1n comidas, cenas y fiesta nocturna<\/strong>. Tambi\u00e9n, como fomento del turismo de la zona, se organiza una visita al Museo de Arte Romano y dem\u00e1s monumentos de la ciudad de M\u00e9rida a trav\u00e9s de un tren tur\u00edstico.<\/p>\n<p style=\"text-align: justify;\"><strong>\u00a0 \u00a0 La inscripci\u00f3n b\u00e1sica solo cuesta un 1\u20ac simb\u00f3lico<\/strong>, por lo que el precio no puede ser excusa.\u00a0<!--more--><\/p>\n<p style=\"text-align: justify;\">\u00a0 \u00a0El\u00a0<strong>Taller de Conducci\u00f3n<\/strong>\u00a0que hay organizado para esta concentraci\u00f3n es una de las\u00a0actividades estrella\u00a0y sin duda una de las m\u00e1s interesantes y aprovechables. S\u00f3lo cuesta\u00a0<strong>15\u20ac (seguro incluido<\/strong>).<\/p>\n<h2><strong>\u00a0<\/strong><strong> <\/strong><strong>\u00a0<\/strong><span style=\"text-decoration: underline;\"><strong>Aqu\u00ed os dejo el programa provisional de actividades:<\/strong><\/span><\/h2>\n<p><span style=\"text-decoration: underline;\"><strong>Para el s\u00e1bado d\u00eda 15 de septiembre de 2012<\/strong><\/span><\/p>\n<table border=\"1\" cellspacing=\"0\" cellpadding=\"0\">\n<tbody>\n<tr>\n<td>\u00a0Recepci\u00f3n de participantes del Taller de Conducci\u00f3n.<\/td>\n<td>\u00a009:00 horas<\/td>\n<\/tr>\n<tr>\n<td>\u00a0Recepci\u00f3n del resto de participantes.<\/td>\n<td>\u00a010:30 horas<\/td>\n<\/tr>\n<tr>\n<td>\u00a0Proyecci\u00f3n continua de una pel\u00edcula en el sal\u00f3n de actos sobre el funcionamiento de la Agrupaci\u00f3n de Tr\u00e1fico de la Guardia Civil y la Escuela de Tr\u00e1fico.<\/td>\n<td>\u00a010:30 a 11:30 horas<\/td>\n<\/tr>\n<tr>\n<td>\u00a0Conferencia-coloquio en el sal\u00f3n de actos sobre la conducci\u00f3n segura de motocicletas y sus riesgos inherentes.<\/td>\n<td>\u00a011:30 a 13:30 horas con descanso de 30 minutos<\/td>\n<\/tr>\n<tr>\n<td>\u00a0Salida hacia el restaurante concertado para la comida.<\/td>\n<td>\u00a014:00 horas<\/td>\n<\/tr>\n<tr>\n<td>\u00a0Salida hacia el Museo Nacional de Arte Romano y punto de partida del tren tur\u00edstico. Tambi\u00e9n se tendr\u00e1 la oportunidad de visitar el Teatro y Anfiteatro Romano para grupos organizados a precio reducido (precio por convenir).<\/td>\n<td>\u00a017:00 horas<\/td>\n<\/tr>\n<tr>\n<td>\u00a0Salida hacia el embalse de Proserpina para visitar sus\u00a0chiringuitos y luego cenar en el restaurante Proserpina.<\/td>\n<td>\u00a021:00 horas<\/td>\n<\/tr>\n<tr>\n<td>\u00a0Tras la cena, nos dirigiremos al lugar donde haremos una fiesta nocturna.<\/td>\n<td>\u00a023:00 horas<\/td>\n<\/tr>\n<\/tbody>\n<\/table>\n<p style=\"text-align: justify;\">\u00a0 \u00a0 La <strong>comida del s\u00e1bado<\/strong> se realizar\u00e1 en el <strong><a title=\"Restaurante Abades\" href=\"http:\/\/www.abades.com\/areas\/merida\/\" target=\"_blank\" rel=\"external nofollow\">Restaurante Abades<\/a><\/strong>\u00a0con un precio de <strong>12\u20ac<\/strong> y donde no habr\u00e1 problemas de estacionamiento de las motos.<\/p>\n<p style=\"text-align: justify;\">\u00a0 \u00a0 La <strong>cena del s\u00e1bado<\/strong> ser\u00e1 en un restaurante de la zona de <strong>Proserpina<\/strong>, para los que no conocen la zona disfruten de ella, con un precio de <strong>12\u20ac<\/strong> y tambi\u00e9n con amplia zona de aparcamiento.<\/p>\n<p style=\"text-align: justify;\">\u00a0 \u00a0 Posteriormente habr\u00e1 fiesta en la discoteca de verano del <a title=\"Hotel Las Lomas en M\u00e9rida\" href=\"http:\/\/www.hotellaslomas.com\/\" target=\"_blank\" rel=\"external nofollow\">Hotel Las Lomas<\/a>.<\/p>\n<p><span style=\"text-decoration: underline;\"><strong>Para el domingo d\u00eda 16 de septiembre de 2012<\/strong><\/span><\/p>\n<table border=\"1\" cellspacing=\"0\" cellpadding=\"0\">\n<tbody>\n<tr>\n<td>\u00a0Control de llegada de participantes.<\/td>\n<td>\u00a010:00 horas<\/td>\n<\/tr>\n<tr>\n<td>\u00a0Visita de las instalaciones de la Escuela de Tr\u00e1fico y muestra del material m\u00f3vil para la ense\u00f1anza pr\u00e1ctica.<\/td>\n<td>\u00a010:30 a 12:00 horas<\/td>\n<\/tr>\n<tr>\n<td>\u00a0Conferencia en el sal\u00f3n de actos de una v\u00edctima de accidente de tr\u00e1fico con motocicleta.<\/td>\n<td>\u00a012:00 a 13:30 horas<\/td>\n<\/tr>\n<tr>\n<td>\u00a0Entrega de diplomas y clausura del encuentro.<\/td>\n<td>\u00a013:30 a 14:00 horas<\/td>\n<\/tr>\n<\/tbody>\n<\/table>\n<p>La <strong>comida<\/strong> se realizar\u00e1 dentro del recinto de la Escuela de Tr\u00e1fico de M\u00e9rida, con un precio de <strong>7\u20ac<\/strong> y llevado a cabo por el catering de la propia escuela.<\/p>\n<p>Para los que no asist\u00e1is decir que hay camisetas del evento por 8\u20ac y que solo se pueden comprar a la hora de realizar la inscripci\u00f3n, por lo que si no pod\u00e9is ir pero\u00a0quer\u00e9is\u00a0camiseta hablar con alguno que vaya y la pida a su nombre.<\/p>\n<p>.<\/p>\n<p><strong>\u00a0 \u00a0Saludos y r\u00e1fagas.<\/strong><\/p>\n<p>&nbsp;<\/p>\n<!-- AddThis Advanced Settings generic via filter on the_content --><!-- AddThis Share Buttons generic via filter on the_content -->","protected":false},"excerpt":{"rendered":"<p>\u00a0 \u00a0Durante los d\u00edas 15 y 16 de septiembre 2012, tendr\u00e1 lugar el ya III Encuentro Moteros-Motoristas\u00a0destinado tanto a aficionados a la moto como a motoristas de la Guardia Civil, para compartir unas jornadas de convivencia que ayuden a ambos colectivos a conocerse mejor. \u00a0 \u00a0Dicho encuentro motero es algo peculiar, dado que se realiza [&hellip;]<!-- AddThis Advanced Settings generic via filter on get_the_excerpt --><!-- AddThis Share Buttons generic via filter on get_the_excerpt --><\/p>\n","protected":false},"author":49,"featured_media":0,"comment_status":"open","ping_status":"closed","sticky":false,"template":"","format":"standard","meta":[],"categories":[13],"tags":[214,226,238,504,622,639],"_links":{"self":[{"href":"https:\/\/blogs.hoy.es\/moterosdehoy\/wp-json\/wp\/v2\/posts\/312"}],"collection":[{"href":"https:\/\/blogs.hoy.es\/moterosdehoy\/wp-json\/wp\/v2\/posts"}],"about":[{"href":"https:\/\/blogs.hoy.es\/moterosdehoy\/wp-json\/wp\/v2\/types\/post"}],"author":[{"embeddable":true,"href":"https:\/\/blogs.hoy.es\/moterosdehoy\/wp-json\/wp\/v2\/users\/49"}],"replies":[{"embeddable":true,"href":"https:\/\/blogs.hoy.es\/moterosdehoy\/wp-json\/wp\/v2\/comments?post=312"}],"version-history":[{"count":0,"href":"https:\/\/blogs.hoy.es\/moterosdehoy\/wp-json\/wp\/v2\/posts\/312\/revisions"}],"wp:attachment":[{"href":"https:\/\/blogs.hoy.es\/moterosdehoy\/wp-json\/wp\/v2\/media?parent=312"}],"wp:term":[{"taxonomy":"category","embeddable":true,"href":"https:\/\/blogs.hoy.es\/moterosdehoy\/wp-json\/wp\/v2\/categories?post=312"},{"taxonomy":"post_tag","embeddable":true,"href":"https:\/\/blogs.hoy.es\/moterosdehoy\/wp-json\/wp\/v2\/tags?post=312"}],"curies":[{"name":"wp","href":"https:\/\/api.w.org\/{rel}","templated":true}]}}