{"id":3122,"date":"2022-03-20T19:23:40","date_gmt":"2022-03-20T19:23:40","guid":{"rendered":"https:\/\/blogs.hoy.es\/moterosdehoy\/?p=3122"},"modified":"2022-03-20T19:23:40","modified_gmt":"2022-03-20T19:23:40","slug":"moteros-firman-acuerdo-para-dar-visibilidad-a-ela","status":"publish","type":"post","link":"https:\/\/blogs.hoy.es\/moterosdehoy\/2022\/03\/20\/moteros-firman-acuerdo-para-dar-visibilidad-a-ela\/","title":{"rendered":"Moteros firman acuerdo para dar visibilidad a ELA"},"content":{"rendered":"<p>Hoy 20 de marzo, cinco grupos moteros de Extremadura se unen y firman un acuerdo con &#8220;Red ELA Investigaci\u00f3n&#8221; y &#8220;ELA Extremadura&#8221;, con el \u00fanico fin de dar visibilidad a la enfermedad ELA.<\/p>\n<p><a href=\"https:\/\/static-blogs.hoy.es\/wp-content\/uploads\/sites\/45\/2022\/03\/Moteros-firman-acuerdo-con-ELA.jpg\"><img loading=\"lazy\" class=\"alignleft size-medium wp-image-3123\" src=\"https:\/\/static-blogs.hoy.es\/wp-content\/uploads\/sites\/45\/2022\/03\/Moteros-firman-acuerdo-con-ELA-300x200.jpg\" alt=\"\" width=\"300\" height=\"200\" srcset=\"https:\/\/static-blogs.hoy.es\/wp-content\/uploads\/sites\/45\/2022\/03\/Moteros-firman-acuerdo-con-ELA-300x200.jpg 300w, https:\/\/static-blogs.hoy.es\/wp-content\/uploads\/sites\/45\/2022\/03\/Moteros-firman-acuerdo-con-ELA.jpg 720w\" sizes=\"(max-width: 300px) 100vw, 300px\" \/><\/a>La firma del convenio ha tenido lugar a las 12 horas en el Hotel Las Lomas, M\u00e9rida (Badajoz), y los participantes fueron las Asociaciones Moraleja Biker, Extrema&amp;Custom, Moteros de Hoy, Grupo Motero Turgalium, y Pe\u00f1a Motera El Koyote Kojonero, pertenecientes a diversos puntos de Extremadura, como son Moraleja, M\u00e9rida, Badajoz, Trujillo, y Miajadas, pero ya hab\u00edan otros grupos interesados como son Buitres Leonaos, de C\u00e1ceres, y Rolling Custom Club, de Plasencia, por supuesto sin olvidar a Bikers por la ELA, grupo desplazado desde Madrid y art\u00edfice del convenio.<\/p>\n<p>Tras la firma hubo un rato distendido de fotograf\u00edas, abrazos y exposici\u00f3n de ideas y proyectos, lo importante es dar visibilidad a ELA, y desde todos los grupos participantes hay una idea en com\u00fan, trabajar unidos y apoyar la iniciativa, que aunque se haya firmado un acuerdo inicial se acepta a todo el que quiera arrimar el hombro y trabajar por la causa. No se trata de excluir a nadie, cuantos m\u00e1s seamos m\u00e1s sumamos.<\/p>\n<p><a href=\"https:\/\/static-blogs.hoy.es\/wp-content\/uploads\/sites\/45\/2022\/03\/Moteros-dando-visibilidad-a-ELA.jpg\"><img loading=\"lazy\" class=\"alignright size-medium wp-image-3124\" src=\"https:\/\/static-blogs.hoy.es\/wp-content\/uploads\/sites\/45\/2022\/03\/Moteros-dando-visibilidad-a-ELA-300x225.jpg\" alt=\"\" width=\"300\" height=\"225\" srcset=\"https:\/\/static-blogs.hoy.es\/wp-content\/uploads\/sites\/45\/2022\/03\/Moteros-dando-visibilidad-a-ELA-300x225.jpg 300w, https:\/\/static-blogs.hoy.es\/wp-content\/uploads\/sites\/45\/2022\/03\/Moteros-dando-visibilidad-a-ELA.jpg 768w\" sizes=\"(max-width: 300px) 100vw, 300px\" \/><\/a>Hay que agradecer a varios enfermos de ELA que pudieran desplazarse hasta el lugar, puesto que los problemas de movilidad les hacen muy dif\u00edcil el mero hecho de salir de casa.<\/p>\n<p><a href=\"https:\/\/espanol.ninds.nih.gov\/es\/trastornos\/forma-larga\/esclerosis-lateral-amiotrofica-ela?msclkid=9d6924baa88011ec99add4ce4e92316c\" rel=\"external nofollow\">ELA (Esclerosis lateral amiotr\u00f3fica)<\/a>,\u00a0es un grupo de enfermedades neurol\u00f3gicas raras que involucran principalmente las c\u00e9lulas nerviosas (neuronas) responsables de controlar el movimiento de los m\u00fasculos voluntarios. Estos m\u00fasculos son los responsables de movimientos como masticar, caminar y hablar. La enfermedad es progresiva, lo que significa que los s\u00edntomas se empeoran con el tiempo. En la actualidad, no hay cura para la ELA ni tampoco un tratamiento eficaz capaz de detener o revertir la evoluci\u00f3n de la enfermedad.<\/p>\n<p>A la hora de salir de M\u00e9rida y desplazarnos a nuestras diversas localidades, nos cogi\u00f3 la lluvia, y llov\u00eda muy fuerte adem\u00e1s del viento, lo que dificultaba mucho la conducci\u00f3n. Algunos se llevaron sustos con el aquaplaning, otros ve\u00edan que los filtros de las motocicletas se cargaban de agua y hab\u00eda que circular despacio, y procurando taparlo, pero llev\u00e1bamos un mismo pensamiento, pod\u00edamos conducir nuestras motos, sentir la lluvia sobre nuestra piel, \u00a1\u00a1\u00a1Estamos vivos!!! y haciendo una ruta por una buena causa, dar visibilidad a ELA y sus afectados.<\/p>\n<p>#bikersporla #QueCadaKilometroSume #laELAexisteconocELA<\/p>\n<p>Saludos y r\u00e1fagas.<\/p>\n<!-- AddThis Advanced Settings generic via filter on the_content --><!-- AddThis Share Buttons generic via filter on the_content -->","protected":false},"excerpt":{"rendered":"<p>Hoy 20 de marzo, cinco grupos moteros de Extremadura se unen y firman un acuerdo con &#8220;Red ELA Investigaci\u00f3n&#8221; y &#8220;ELA Extremadura&#8221;, con el \u00fanico fin de dar visibilidad a la enfermedad ELA. La firma del convenio ha tenido lugar a las 12 horas en el Hotel Las Lomas, M\u00e9rida (Badajoz), y los participantes fueron [&hellip;]<!-- AddThis Advanced Settings generic via filter on get_the_excerpt --><!-- AddThis Share Buttons generic via filter on get_the_excerpt --><\/p>\n","protected":false},"author":49,"featured_media":0,"comment_status":"open","ping_status":"closed","sticky":false,"template":"","format":"standard","meta":[],"categories":[9,13,1],"tags":[1467,1149,1465,622],"_links":{"self":[{"href":"https:\/\/blogs.hoy.es\/moterosdehoy\/wp-json\/wp\/v2\/posts\/3122"}],"collection":[{"href":"https:\/\/blogs.hoy.es\/moterosdehoy\/wp-json\/wp\/v2\/posts"}],"about":[{"href":"https:\/\/blogs.hoy.es\/moterosdehoy\/wp-json\/wp\/v2\/types\/post"}],"author":[{"embeddable":true,"href":"https:\/\/blogs.hoy.es\/moterosdehoy\/wp-json\/wp\/v2\/users\/49"}],"replies":[{"embeddable":true,"href":"https:\/\/blogs.hoy.es\/moterosdehoy\/wp-json\/wp\/v2\/comments?post=3122"}],"version-history":[{"count":1,"href":"https:\/\/blogs.hoy.es\/moterosdehoy\/wp-json\/wp\/v2\/posts\/3122\/revisions"}],"predecessor-version":[{"id":3125,"href":"https:\/\/blogs.hoy.es\/moterosdehoy\/wp-json\/wp\/v2\/posts\/3122\/revisions\/3125"}],"wp:attachment":[{"href":"https:\/\/blogs.hoy.es\/moterosdehoy\/wp-json\/wp\/v2\/media?parent=3122"}],"wp:term":[{"taxonomy":"category","embeddable":true,"href":"https:\/\/blogs.hoy.es\/moterosdehoy\/wp-json\/wp\/v2\/categories?post=3122"},{"taxonomy":"post_tag","embeddable":true,"href":"https:\/\/blogs.hoy.es\/moterosdehoy\/wp-json\/wp\/v2\/tags?post=3122"}],"curies":[{"name":"wp","href":"https:\/\/api.w.org\/{rel}","templated":true}]}}