{"id":3126,"date":"2022-03-21T18:50:01","date_gmt":"2022-03-21T18:50:01","guid":{"rendered":"https:\/\/blogs.hoy.es\/moterosdehoy\/?p=3126"},"modified":"2022-06-01T15:39:28","modified_gmt":"2022-06-01T15:39:28","slug":"inauguracion-sede-grupo-motero-turgalium","status":"publish","type":"post","link":"https:\/\/blogs.hoy.es\/moterosdehoy\/2022\/03\/21\/inauguracion-sede-grupo-motero-turgalium\/","title":{"rendered":"Inauguraci\u00f3n Sede Grupo Motero Turgalium"},"content":{"rendered":"<p>A los grupos moteros les gusta tener su Sede, lugar donde hacer reuniones, iniciar las salidas, realizar paradas en las rutas, tener all\u00ed sus recuerdos, sentirse como en casa&#8230; y que mejor sitio que un restaurante, as\u00ed evitas trabajar para la sede y todo es disfrutar de ella.<\/p>\n<p><a href=\"https:\/\/static-blogs.hoy.es\/wp-content\/uploads\/sites\/45\/2022\/03\/Inauguraci\u00f3n-Sede-Turgalium.jpg\"><img loading=\"lazy\" class=\"alignleft size-medium wp-image-3127\" src=\"https:\/\/static-blogs.hoy.es\/wp-content\/uploads\/sites\/45\/2022\/03\/Inauguraci\u00f3n-Sede-Turgalium-236x300.jpg\" alt=\"\" width=\"236\" height=\"300\" srcset=\"https:\/\/static-blogs.hoy.es\/wp-content\/uploads\/sites\/45\/2022\/03\/Inauguraci\u00f3n-Sede-Turgalium-236x300.jpg 236w, https:\/\/static-blogs.hoy.es\/wp-content\/uploads\/sites\/45\/2022\/03\/Inauguraci\u00f3n-Sede-Turgalium.jpg 720w\" sizes=\"(max-width: 236px) 100vw, 236px\" \/><\/a>El s\u00e1bado 26 de marzo tendr\u00e1 lugar la inauguraci\u00f3n de la Sede del Grupo Motero Turgalium, de Trujillo (C\u00e1ceres), tendr\u00e1 lugar en el <a href=\"https:\/\/www.facebook.com\/RUTA-66-Restaurante-El-Parador-2069679619727477\/?msclkid=49b4c4c5a94711ec992336138ab0cca0\" rel=\"external nofollow\">RUTA 66 Restaurante El Parador<\/a>, de Conquista de la Sierra, donde se asentar\u00e1 su Sede.<\/p>\n<p>PROGRAMA:<\/p>\n<p>10:30h, desayuno. Migas con huevos, chorizo y torreznos. Tambi\u00e9n habr\u00e1 tostadas.<\/p>\n<p>11:00h, inicio de RUTA pasando por las localidades de: Conquista de la Sierra, Garciaz, Berzonaca, Ca\u00f1amero, Logros\u00e1n, Zorita, y regreso a Conquista de la Sierra. La ruta es de unos noventa kil\u00f3metros por unos paisajes impresionantes, lo que implica que como hay muchas curvas har\u00e1 que la ruta lleve casi dos horas, y posiblemente se realice alguna parada para estirar las piernas y tomar alg\u00fan refrigerio.<\/p>\n<p>14:30h, comida de hermandad. Para comenzar habr\u00e1 un pincho con degustaci\u00f3n de ib\u00e9ricos, jam\u00f3n, lomo, chorizo y quesos de la tierra, para seguir de matanza extreme\u00f1a, asados y frit\u00e9 para terminar.<\/p>\n<p>Para los que puedan asistir al desayuno y comida hay una inscripci\u00f3n de 15\u20ac, y para los que solo puedan estar en la comida 12\u20ac.<\/p>\n<p>En el cartel del evento dispones de varios contactos para confirmar asistencia. No lo dudes y acude a pasar un gran d\u00eda.<\/p>\n<p>Saludos y r\u00e1fagas.<\/p>\n<!-- AddThis Advanced Settings generic via filter on the_content --><!-- AddThis Share Buttons generic via filter on the_content -->","protected":false},"excerpt":{"rendered":"<p>A los grupos moteros les gusta tener su Sede, lugar donde hacer reuniones, iniciar las salidas, realizar paradas en las rutas, tener all\u00ed sus recuerdos, sentirse como en casa&#8230; y que mejor sitio que un restaurante, as\u00ed evitas trabajar para la sede y todo es disfrutar de ella. El s\u00e1bado 26 de marzo tendr\u00e1 lugar [&hellip;]<!-- AddThis Advanced Settings generic via filter on get_the_excerpt --><!-- AddThis Share Buttons generic via filter on get_the_excerpt --><\/p>\n","protected":false},"author":49,"featured_media":0,"comment_status":"open","ping_status":"closed","sticky":false,"template":"","format":"standard","meta":[],"categories":[13,1],"tags":[1468,442,622,1469],"_links":{"self":[{"href":"https:\/\/blogs.hoy.es\/moterosdehoy\/wp-json\/wp\/v2\/posts\/3126"}],"collection":[{"href":"https:\/\/blogs.hoy.es\/moterosdehoy\/wp-json\/wp\/v2\/posts"}],"about":[{"href":"https:\/\/blogs.hoy.es\/moterosdehoy\/wp-json\/wp\/v2\/types\/post"}],"author":[{"embeddable":true,"href":"https:\/\/blogs.hoy.es\/moterosdehoy\/wp-json\/wp\/v2\/users\/49"}],"replies":[{"embeddable":true,"href":"https:\/\/blogs.hoy.es\/moterosdehoy\/wp-json\/wp\/v2\/comments?post=3126"}],"version-history":[{"count":1,"href":"https:\/\/blogs.hoy.es\/moterosdehoy\/wp-json\/wp\/v2\/posts\/3126\/revisions"}],"predecessor-version":[{"id":3128,"href":"https:\/\/blogs.hoy.es\/moterosdehoy\/wp-json\/wp\/v2\/posts\/3126\/revisions\/3128"}],"wp:attachment":[{"href":"https:\/\/blogs.hoy.es\/moterosdehoy\/wp-json\/wp\/v2\/media?parent=3126"}],"wp:term":[{"taxonomy":"category","embeddable":true,"href":"https:\/\/blogs.hoy.es\/moterosdehoy\/wp-json\/wp\/v2\/categories?post=3126"},{"taxonomy":"post_tag","embeddable":true,"href":"https:\/\/blogs.hoy.es\/moterosdehoy\/wp-json\/wp\/v2\/tags?post=3126"}],"curies":[{"name":"wp","href":"https:\/\/api.w.org\/{rel}","templated":true}]}}