{"id":3134,"date":"2022-04-19T15:57:35","date_gmt":"2022-04-19T15:57:35","guid":{"rendered":"https:\/\/blogs.hoy.es\/moterosdehoy\/?p=3134"},"modified":"2022-04-19T15:57:35","modified_gmt":"2022-04-19T15:57:35","slug":"moto-motor-citroen","status":"publish","type":"post","link":"https:\/\/blogs.hoy.es\/moterosdehoy\/2022\/04\/19\/moto-motor-citroen\/","title":{"rendered":"\u00bfMoto con motor Citr\u00f6en?"},"content":{"rendered":"<p>Todos tenemos sue\u00f1os o deseos que son dif\u00edciles de alcanzar. Algunos llegamos a realizarlos, otros los creemos imposibles o inalcanzables y los dejamos a medias o en el tintero.<\/p>\n<p><a href=\"https:\/\/static-blogs.hoy.es\/wp-content\/uploads\/sites\/45\/2022\/04\/Moto-con-motor-Citr\u00f6en.jpg\"><img loading=\"lazy\" class=\"alignleft size-medium wp-image-3135\" src=\"https:\/\/static-blogs.hoy.es\/wp-content\/uploads\/sites\/45\/2022\/04\/Moto-con-motor-Citr\u00f6en-300x225.jpg\" alt=\"\" width=\"300\" height=\"225\" srcset=\"https:\/\/static-blogs.hoy.es\/wp-content\/uploads\/sites\/45\/2022\/04\/Moto-con-motor-Citr\u00f6en-300x225.jpg 300w, https:\/\/static-blogs.hoy.es\/wp-content\/uploads\/sites\/45\/2022\/04\/Moto-con-motor-Citr\u00f6en-768x576.jpg 768w, https:\/\/static-blogs.hoy.es\/wp-content\/uploads\/sites\/45\/2022\/04\/Moto-con-motor-Citr\u00f6en-1024x768.jpg 1024w\" sizes=\"(max-width: 300px) 100vw, 300px\" \/><\/a>Hab\u00eda puesto de t\u00edtulo al presente post &#8220;Un genio en San Rafael de Olivenza&#8221;, pero estoy seguro que muchos curiosos lo leer\u00e1n, pues no hay motos creadas por Citr\u00f6en (al menos en el mercado), y sigue as\u00ed, contin\u00faa leyendo y saldr\u00e1s de dudas.<\/p>\n<p>Un pintor inicia un cuadro con una pincelada, y una vez finalizado el mismo se puede quedar at\u00f3nito con lo conseguido. Hay inventos que surgieron de una idea que no ten\u00eda nada que ver con lo que se lleg\u00f3 a lograr. Pero y, \u00bfsi tienes una idea y el final sabes que solo ser\u00e1 para contemplarlo? a modo de escultura, podr\u00eda ser el caso, pero no lo es.<\/p>\n<p>He tenido el placer de conocer a <strong>Manuel Moya<\/strong>, nacido en Badajoz en 1.953, a los ocho a\u00f1os su familia se traslad\u00f3 a Catalu\u00f1a y all\u00ed pas\u00f3 muchos a\u00f1os de su vida como T\u00e9cnico de mantenimiento aeron\u00e1utico, para regresar a la zona de Badajoz finalizada su vida laboral, concretamente a San Rafael de Olivenza. Esa vida laboral le ha dado mucha experiencia con los motores, y siempre tuvo un sue\u00f1o, construir su propia moto desde un antiguo Citr\u00f6en Dyane seis.<\/p>\n<p>Un a\u00f1o de trabajo, muchas dificultades, realizar piezas manualmente, utilizar piezas de diversos aparatos como de un ventilador, una moto-sierra, una avioneta, una burgman, una Suzuki Bandit y, como no, el dos caballos. Tras todo ello hoy puede decir que ha construido una motocicleta y es la \u00fanica en el mundo con motor de un Citr\u00f6en. Totalmente digno de estar en un museo.<\/p>\n<p>Es una pena que las leyes de nuestro pa\u00eds relativas a los veh\u00edculos de motor son muy estrictas, y hace falta tener un Certificado de Caracter\u00edsticas\/Tarjeta de Inspecci\u00f3n T\u00e9cnica en la que figuren todas las caracter\u00edsticas del veh\u00edculo para poder circular, pero \u00e9l tiene un gran patio dentro de su casa y puede darse el capricho de arrancarla, e incluso rodar por el patio. Una peque\u00f1\u00edsima ruta que le sabe a gloria. \u00bfQui\u00e9n sabe? Igual poni\u00e9ndola en manos de alg\u00fan centro de ingenieros que se dedican a homologaciones alg\u00fan d\u00eda pueda salir, rodar con ella y ver como se queda la boca abierta de cualquiera con el que se cruce.<\/p>\n<p>He tenido la oportunidad de probarla, muy suave y c\u00f3moda. Transmisi\u00f3n autom\u00e1tica por cardan, frenos de disco delantero y trasero, horquilla delantera y mono-amortiguador trasero, luces led, cuadro digital, asiento tapizado en piel\u2026 todos los detalles de una gran motocicleta.<\/p>\n<p>Cuando me sub\u00ed a la moto me dijo: <em>\u201cLa ten\u00eda que haber hecho m\u00e1s grande, te queda peque\u00f1a\u201d<\/em>, y yo le coment\u00e9: <em>\u201cLa moto es tuya y la hiciste para ti\u201d<\/em>. He rodado con muchas motos, trabajo con una BMW, ruedo con los amigos en una Harley, pruebo motocicletas de muchas marcas para hablar de ellas en el blog, pero hasta ahora ha sido un momento \u00fanico. He rodado con una moto con motor Citr\u00f6en, y construida a mano, tornillo a tornillo, una pieza \u00fanica en el mundo. Todo un orgullo para m\u00ed, gracias Manuel.<\/p>\n<p>Si quieres ver un <strong>v\u00eddeo de la entrevista<\/strong> aqu\u00ed lo tienes: <strong><a href=\"https:\/\/youtu.be\/zkmPSKjG2ms\" rel=\"external nofollow\">https:\/\/youtu.be\/zkmPSKjG2ms<\/a><\/strong><\/p>\n<p>Saludos y r\u00e1fagas.<\/p>\n<!-- AddThis Advanced Settings generic via filter on the_content --><!-- AddThis Share Buttons generic via filter on the_content -->","protected":false},"excerpt":{"rendered":"<p>Todos tenemos sue\u00f1os o deseos que son dif\u00edciles de alcanzar. Algunos llegamos a realizarlos, otros los creemos imposibles o inalcanzables y los dejamos a medias o en el tintero. Hab\u00eda puesto de t\u00edtulo al presente post &#8220;Un genio en San Rafael de Olivenza&#8221;, pero estoy seguro que muchos curiosos lo leer\u00e1n, pues no hay motos [&hellip;]<!-- AddThis Advanced Settings generic via filter on get_the_excerpt --><!-- AddThis Share Buttons generic via filter on get_the_excerpt --><\/p>\n","protected":false},"author":49,"featured_media":0,"comment_status":"open","ping_status":"closed","sticky":false,"template":"","format":"standard","meta":[],"categories":[8,9,13,1],"tags":[1472,622,1471],"_links":{"self":[{"href":"https:\/\/blogs.hoy.es\/moterosdehoy\/wp-json\/wp\/v2\/posts\/3134"}],"collection":[{"href":"https:\/\/blogs.hoy.es\/moterosdehoy\/wp-json\/wp\/v2\/posts"}],"about":[{"href":"https:\/\/blogs.hoy.es\/moterosdehoy\/wp-json\/wp\/v2\/types\/post"}],"author":[{"embeddable":true,"href":"https:\/\/blogs.hoy.es\/moterosdehoy\/wp-json\/wp\/v2\/users\/49"}],"replies":[{"embeddable":true,"href":"https:\/\/blogs.hoy.es\/moterosdehoy\/wp-json\/wp\/v2\/comments?post=3134"}],"version-history":[{"count":1,"href":"https:\/\/blogs.hoy.es\/moterosdehoy\/wp-json\/wp\/v2\/posts\/3134\/revisions"}],"predecessor-version":[{"id":3136,"href":"https:\/\/blogs.hoy.es\/moterosdehoy\/wp-json\/wp\/v2\/posts\/3134\/revisions\/3136"}],"wp:attachment":[{"href":"https:\/\/blogs.hoy.es\/moterosdehoy\/wp-json\/wp\/v2\/media?parent=3134"}],"wp:term":[{"taxonomy":"category","embeddable":true,"href":"https:\/\/blogs.hoy.es\/moterosdehoy\/wp-json\/wp\/v2\/categories?post=3134"},{"taxonomy":"post_tag","embeddable":true,"href":"https:\/\/blogs.hoy.es\/moterosdehoy\/wp-json\/wp\/v2\/tags?post=3134"}],"curies":[{"name":"wp","href":"https:\/\/api.w.org\/{rel}","templated":true}]}}