{"id":315,"date":"2012-08-28T16:09:04","date_gmt":"2012-08-28T16:09:04","guid":{"rendered":"http:\/\/blogs.hoy.es\/moterosdehoy\/?p=315"},"modified":"2012-08-28T16:09:04","modified_gmt":"2012-08-28T16:09:04","slug":"concentracion-motera-coria-2012","status":"publish","type":"post","link":"https:\/\/blogs.hoy.es\/moterosdehoy\/2012\/08\/28\/concentracion-motera-coria-2012\/","title":{"rendered":"Concentraci\u00f3n motera Coria 2012"},"content":{"rendered":"<p style=\"text-align: justify;\">\u00a0 \u00a0 Los d\u00edas <strong>del 7 al 9 de septiembre<\/strong> 2012, la <a title=\"Pe\u00f1a Motera Esperando\" href=\"http:\/\/pmesperando.blogspot.com.es\/\" target=\"_blank\" rel=\"external nofollow\">pe\u00f1a motera Esperando<\/a> organiza la <strong>Concentraci\u00f3n motera &#8220;La de C\u00f3ria&#8221;<\/strong>.<\/p>\n<div id=\"attachment_316\" style=\"width: 217px\" class=\"wp-caption alignright\"><a href=\"\/moterosdehoy\/wp-content\/uploads\/sites\/45\/2012\/08\/2012-09-07-C\u00f3ria.jpg\"><img aria-describedby=\"caption-attachment-316\" loading=\"lazy\" class=\"size-medium wp-image-316\" title=\"2012-09-07 C\u00f3ria\" src=\"\/moterosdehoy\/wp-content\/uploads\/sites\/45\/2012\/08\/2012-09-07-C\u00f3ria.jpg\" alt=\"\" width=\"207\" height=\"300\" srcset=\"https:\/\/static-blogs.hoy.es\/wp-content\/uploads\/sites\/45\/2012\/08\/2012-09-07-C\u00f3ria.jpg 548w, https:\/\/static-blogs.hoy.es\/wp-content\/uploads\/sites\/45\/2012\/08\/2012-09-07-C\u00f3ria-207x300.jpg 207w\" sizes=\"(max-width: 207px) 100vw, 207px\" \/><\/a><p id=\"caption-attachment-316\" class=\"wp-caption-text\">Cartel Concentraci\u00f3n Motera Coria 2012<\/p><\/div>\n<p style=\"text-align: justify;\">\u00a0\u00a0 Habr\u00e1 conciertos el viernes y el s\u00e1bado (con el grupo <a title=\"Tenesse\" href=\"http:\/\/www.mformacion.com\/tennessee\/\" target=\"_blank\" rel=\"external nofollow\">Tennessee<\/a>), stuntman, bolsa de regalos y trofeos. Camping gratis, ruta de bares, comidas, cena y desayuno. Ruta por la Sierra de Gata con parada para refrigerio y degustaci\u00f3n gastron\u00f3mica extreme\u00f1a y mucho m\u00e1s, todo ello por el precio de: <strong>30 euros<\/strong> (socios 25 euros)<\/p>\n<p style=\"text-align: justify;\">\u00a0<strong>PROGRAMA CONCENTRACI\u00d3N:<\/strong><\/p>\n<div><span style=\"text-decoration: underline;\"><strong>Viernes 7 de Septiembre<\/strong><\/span><br \/>\n20,00 h. Apertura de Inscripciones \u201cPub La cueva\u201d (Parada de Taxis)<br \/>\nRefrigerio de bienvenida:\u00a0<strong>La Cueva y Al-Karika Copas.<br \/>\n<\/strong>21,30 h. Cena libre. Aconsejamos,\u00a0<strong>Mes\u00f3n \u201cLas Tejas\u201d<\/strong><\/div>\n<div>23,30 h. Concierto grupo:\u00a0<strong>DH\u00c9BAR\u00a0\u00a0\u00c9MBAR.<\/strong><\/div>\n<div>.<\/div>\n<div><span style=\"text-decoration: underline;\"><strong>S\u00e1bado 8 de Septiembre<\/strong><\/span><br \/>\n10,30 h. Reapertura de Inscripciones \u201cPub La Cueva\u201d.<br \/>\n11,30 h. Ruta motera\u00a0\u00a0a\u00a0<strong>Calzadilla (Bar Lao),<\/strong>regreso a Coria\u00a0<strong>\u201cBar El Rinc\u00f3n de la Tapa\u201d y \u201cBar Alkarica\u201d.\u00a0<\/strong><br \/>\n14,00 h. Comida gentileza de\u00a0<strong>Mes\u00f3n \u201cLas Tejas\u201d.<\/strong><br \/>\n17,00 h. Reapertura de Inscripciones<br \/>\n18,00 h.\u00a0Actuaci\u00f3n del acr\u00f3bata motero<strong>\u00a0ANIMAL WHEELING.<\/strong><br \/>\n20,00 h. Ruta por la ciudad con paradas en:\u00a0<strong>Bar Casa Campana y Rest, Bar los Kekes<\/strong>.<br \/>\n21,30 h. Cena men\u00fa en Restaurante Montesol .(sorteo de regalos durante la cena)<br \/>\n23,30 h.Ruta nocturna por Coria y Concierto.\u00a0<strong><a title=\"Tennessee\" href=\"http:\/\/www.mformacion.com\/tennessee\/\" target=\"_blank\" rel=\"external nofollow\">TENNESSEE<\/a> y DEEJAY XEPE.\u00a0<!--more--><\/strong><\/div>\n<div>.<\/div>\n<div><span style=\"text-decoration: underline;\"><strong>Domingo\u00a09 de Septiembre<\/strong><\/span><br \/>\n09,00 h. Reapertura de inscripciones<br \/>\n09,00 h. Desayuno \u201cAl-Karica\u201d<br \/>\n11,00 h. Ruta Mototur\u00edstica, Riolobos\u00a0\u00a0<strong>\u201cBar la Fuente\u201d y Ca\u00f1averal \u201cBar Campanilla\u201d<\/strong><br \/>\n14,00 h. Comida men\u00fa en Restaurante\u00a0\u00a0Montesol.<\/div>\n<div>Sorteo de regalos, entrega de trofeos y placas a todos los moto clubs asistentes y despedida hasta el pr\u00f3ximo a\u00f1o.<\/div>\n<p style=\"text-align: justify;\">.<\/p>\n<p style=\"text-align: justify;\"><strong>\u00a0 \u00a0 Saludos y r\u00e1fagas.<\/strong><\/p>\n<!-- AddThis Advanced Settings generic via filter on the_content --><!-- AddThis Share Buttons generic via filter on the_content -->","protected":false},"excerpt":{"rendered":"<p>\u00a0 \u00a0 Los d\u00edas del 7 al 9 de septiembre 2012, la pe\u00f1a motera Esperando organiza la Concentraci\u00f3n motera &#8220;La de C\u00f3ria&#8221;. \u00a0\u00a0 Habr\u00e1 conciertos el viernes y el s\u00e1bado (con el grupo Tennessee), stuntman, bolsa de regalos y trofeos. Camping gratis, ruta de bares, comidas, cena y desayuno. Ruta por la Sierra de Gata [&hellip;]<!-- AddThis Advanced Settings generic via filter on get_the_excerpt --><!-- AddThis Share Buttons generic via filter on get_the_excerpt --><\/p>\n","protected":false},"author":49,"featured_media":0,"comment_status":"open","ping_status":"closed","sticky":false,"template":"","format":"standard","meta":[],"categories":[13],"tags":[203,227,232,622,639,688],"_links":{"self":[{"href":"https:\/\/blogs.hoy.es\/moterosdehoy\/wp-json\/wp\/v2\/posts\/315"}],"collection":[{"href":"https:\/\/blogs.hoy.es\/moterosdehoy\/wp-json\/wp\/v2\/posts"}],"about":[{"href":"https:\/\/blogs.hoy.es\/moterosdehoy\/wp-json\/wp\/v2\/types\/post"}],"author":[{"embeddable":true,"href":"https:\/\/blogs.hoy.es\/moterosdehoy\/wp-json\/wp\/v2\/users\/49"}],"replies":[{"embeddable":true,"href":"https:\/\/blogs.hoy.es\/moterosdehoy\/wp-json\/wp\/v2\/comments?post=315"}],"version-history":[{"count":0,"href":"https:\/\/blogs.hoy.es\/moterosdehoy\/wp-json\/wp\/v2\/posts\/315\/revisions"}],"wp:attachment":[{"href":"https:\/\/blogs.hoy.es\/moterosdehoy\/wp-json\/wp\/v2\/media?parent=315"}],"wp:term":[{"taxonomy":"category","embeddable":true,"href":"https:\/\/blogs.hoy.es\/moterosdehoy\/wp-json\/wp\/v2\/categories?post=315"},{"taxonomy":"post_tag","embeddable":true,"href":"https:\/\/blogs.hoy.es\/moterosdehoy\/wp-json\/wp\/v2\/tags?post=315"}],"curies":[{"name":"wp","href":"https:\/\/api.w.org\/{rel}","templated":true}]}}