{"id":3172,"date":"2022-06-13T16:26:58","date_gmt":"2022-06-13T16:26:58","guid":{"rendered":"https:\/\/blogs.hoy.es\/moterosdehoy\/?p=3172"},"modified":"2022-06-13T16:26:58","modified_gmt":"2022-06-13T16:26:58","slug":"bela-fest-primer-aniversario","status":"publish","type":"post","link":"https:\/\/blogs.hoy.es\/moterosdehoy\/2022\/06\/13\/bela-fest-primer-aniversario\/","title":{"rendered":"BELA FEST primer aniversario"},"content":{"rendered":"<p>Son muchos los clubes de motos y son muchas las causas que se suceden para que un grupo de amigos o conocidos de el paso de organizar un club, en esta ocasi\u00f3n os presento a BELA, que el <strong>18 de junio<\/strong> celebrar\u00e1 su primer aniversario, en <strong><a href=\"https:\/\/www.mostoles.es\/es\" rel=\"external nofollow\">M\u00f3stoles<\/a> <\/strong>(Madrid).<\/p>\n<p><a href=\"https:\/\/static-blogs.hoy.es\/wp-content\/uploads\/sites\/45\/2022\/06\/BELA-FEST-2022.jpg\"><img loading=\"lazy\" class=\"alignleft size-medium wp-image-3173\" src=\"https:\/\/static-blogs.hoy.es\/wp-content\/uploads\/sites\/45\/2022\/06\/BELA-FEST-2022-212x300.jpg\" alt=\"\" width=\"212\" height=\"300\" srcset=\"https:\/\/static-blogs.hoy.es\/wp-content\/uploads\/sites\/45\/2022\/06\/BELA-FEST-2022-212x300.jpg 212w, https:\/\/static-blogs.hoy.es\/wp-content\/uploads\/sites\/45\/2022\/06\/BELA-FEST-2022-768x1086.jpg 768w, https:\/\/static-blogs.hoy.es\/wp-content\/uploads\/sites\/45\/2022\/06\/BELA-FEST-2022-724x1024.jpg 724w, https:\/\/static-blogs.hoy.es\/wp-content\/uploads\/sites\/45\/2022\/06\/BELA-FEST-2022.jpg 1131w\" sizes=\"(max-width: 212px) 100vw, 212px\" \/><\/a>BELA son las iniciales de &#8220;<a href=\"https:\/\/www.plataformaafectadosela.org\/2021\/08\/iniciativa-bikers-la-ela\/#:~:text=%C2%BFQUE%20ES%20LA%20INICIATIVA%20BIKERS,como%20sus%20familiares%20y%20cuidadores.\" rel=\"external nofollow\">Bikers por la ELA<\/a>&#8220;, y su fundamento es intentar dar visibilidad a la enfermedad ELA (La Esclerosis Lateral Amiotr\u00f3fica,\u00a0es una enfermedad progresiva del sistema nervioso que afecta las c\u00e9lulas nerviosas en el cerebro y la m\u00e9dula espinal, y causa p\u00e9rdida del control muscular).<\/p>\n<p>Desde Bikers por la ELA nos invitan al que sin duda es el acontecimiento anual m\u00e1s importante para ellos, su fiesta de Aniversario o como a ellos les gusta llamarlo \u201cBELA FEST\u201d. A lo largo de este, su primer a\u00f1o, nos quieren agradecer haber sido una parte importante de su objetivo \u201cdar visibilidad a la ELA\u201d. El punto de encuentro ser\u00e1 a las 9:00h, en Cafeter\u00eda Loemi, sita en C\/. Unicornio, 37, de M\u00f3stoles.<\/p>\n<p>En el cartel del evento figura el programa, en el que habr\u00e1 diversos conciertos durante el d\u00eda y gran n\u00famero de actividades y talleres orientados a todas las edades, sobre todo a los ni\u00f1os, y piden contar con nuestra presencia en el momento m\u00e1s importante de ese d\u00eda, la llegada de su Madrina, Raquel, afectada por ELA, a la Plaza del Pradillo, sobre las 12:00h; para que juntos la hagamos sentir nuestro cari\u00f1o y lograr \u201cdetener el tiempo\u201d por un instante en su vida.<\/p>\n<p>El d\u00eda 21 de junio es el d\u00eda mundial de la ELA, y por ello el BELA FEST ser\u00e1 un gran d\u00eda de fiesta.<\/p>\n<p><strong><a href=\"https:\/\/static-blogs.hoy.es\/wp-content\/uploads\/sites\/45\/2022\/06\/Clubes-moteros-de-Extremadura-ELA.jpg\"><img loading=\"lazy\" class=\"alignright size-medium wp-image-3159\" src=\"https:\/\/static-blogs.hoy.es\/wp-content\/uploads\/sites\/45\/2022\/06\/Clubes-moteros-de-Extremadura-ELA-217x300.jpg\" alt=\"\" width=\"217\" height=\"300\" srcset=\"https:\/\/static-blogs.hoy.es\/wp-content\/uploads\/sites\/45\/2022\/06\/Clubes-moteros-de-Extremadura-ELA-217x300.jpg 217w, https:\/\/static-blogs.hoy.es\/wp-content\/uploads\/sites\/45\/2022\/06\/Clubes-moteros-de-Extremadura-ELA-768x1061.jpg 768w, https:\/\/static-blogs.hoy.es\/wp-content\/uploads\/sites\/45\/2022\/06\/Clubes-moteros-de-Extremadura-ELA-741x1024.jpg 741w, https:\/\/static-blogs.hoy.es\/wp-content\/uploads\/sites\/45\/2022\/06\/Clubes-moteros-de-Extremadura-ELA.jpg 1158w\" sizes=\"(max-width: 217px) 100vw, 217px\" \/><\/a>En Extremadura<\/strong>, los moteros tambi\u00e9n queremos dar visibilidad a esta desconocida enfermedad, y<strong> los d\u00edas 18 y 19 de junio<\/strong> se realizar\u00e1 un evento en\u00a0<a href=\"https:\/\/www.fregenaldelasierra.es\/\" rel=\"external nofollow\"><strong>Fregenal de la Sierra<\/strong><\/a> (Badajoz), el s\u00e1bado comenzar\u00e1 a las 21:00h, con conciertos en la plaza de toros de la localidad para continuar la fiesta motera en el Pub Tropical. Hay plazas libres para dormir en el albergue por 11 euros, y posibilidad de acampada, para que no te tengas que marchar tras la fiesta.<\/p>\n<p>Hace unos meses se firm\u00f3 un acuerdo entre cinco clubes moteros de Extremadura para dar visibilidad a la enfermedad ELA. En pocos meses se ha cuadruplicado, ya son veintid\u00f3s los clubes que se han unido, y de seguro que en poco tiempo ser\u00e1n m\u00e1s. Si tienes un grupo de motos y est\u00e1s interesado en colaborar te esperan con los brazos abiertos, puedes acudir ese d\u00eda por all\u00ed y preguntar por alguno de la Directiva, tambi\u00e9n puedes enviar un correo a moterosdehoy@gmail.com para entrar en contacto.<\/p>\n<p>El <strong>d\u00eda 19<\/strong>, se unir\u00e1n moteros de diversos puntos para llegar muchos juntos. En Badajoz se sale a las 9:00h, de la estaci\u00f3n de servicio Shell, de km 2 de la N-432 (carretera de Sevilla). En M\u00e9rida se sale a las 9:00h, del restaurante V\u00eda de la Plata, en el Pol\u00edgono El Prado. En ambos casos para unirse en Zafra. <strong>En Zafra se sale a las 10:00h<\/strong> de la entrada al Recinto Ferial desde carretera de Los Santos de Maimona.<\/p>\n<ul>\n<li>11:30h Ofrenda floral Virgen de los Remedios, en Santuario de Fregenal de la Sierra.<\/li>\n<li>12:00h Degustaci\u00f3n de productos ib\u00e9ricos en caseta por gentileza de la pe\u00f1a motera \u201clos Vend\u00edos\u201d.<\/li>\n<li>12:30h en Paseo de la Constituci\u00f3n de Fregenal, intervenci\u00f3n de responsables y entrega de premios.<\/li>\n<li>Hasta las 17:00h DJs y m\u00fasica, con degustaciones de productos de la zona.<\/li>\n<\/ul>\n<p>Un gran fin de semana cargado de m\u00fasica, moteros y esperanza. La\u00a0<a href=\"https:\/\/elaextremadura.org\/\" rel=\"external nofollow\"><strong>ELA<\/strong><\/a>\u00a0existe conocELA. Adem\u00e1s de pedir colaboraci\u00f3n para que &#8220;<a href=\"https:\/\/adelaweb.org\/la-ela\/investigacion\/\" rel=\"external nofollow\">ELA Investigaci\u00f3n<\/a>&#8221; pueda funcionar, es necesario unos cuidados dignos para los afectados.<\/p>\n<p>Saludos y r\u00e1fagas.<\/p>\n<!-- AddThis Advanced Settings generic via filter on the_content --><!-- AddThis Share Buttons generic via filter on the_content -->","protected":false},"excerpt":{"rendered":"<p>Son muchos los clubes de motos y son muchas las causas que se suceden para que un grupo de amigos o conocidos de el paso de organizar un club, en esta ocasi\u00f3n os presento a BELA, que el 18 de junio celebrar\u00e1 su primer aniversario, en M\u00f3stoles (Madrid). BELA son las iniciales de &#8220;Bikers por [&hellip;]<!-- AddThis Advanced Settings generic via filter on get_the_excerpt --><!-- AddThis Share Buttons generic via filter on get_the_excerpt --><\/p>\n","protected":false},"author":49,"featured_media":0,"comment_status":"open","ping_status":"closed","sticky":false,"template":"","format":"standard","meta":[],"categories":[9,13,1],"tags":[1466,1478,622,1479],"_links":{"self":[{"href":"https:\/\/blogs.hoy.es\/moterosdehoy\/wp-json\/wp\/v2\/posts\/3172"}],"collection":[{"href":"https:\/\/blogs.hoy.es\/moterosdehoy\/wp-json\/wp\/v2\/posts"}],"about":[{"href":"https:\/\/blogs.hoy.es\/moterosdehoy\/wp-json\/wp\/v2\/types\/post"}],"author":[{"embeddable":true,"href":"https:\/\/blogs.hoy.es\/moterosdehoy\/wp-json\/wp\/v2\/users\/49"}],"replies":[{"embeddable":true,"href":"https:\/\/blogs.hoy.es\/moterosdehoy\/wp-json\/wp\/v2\/comments?post=3172"}],"version-history":[{"count":2,"href":"https:\/\/blogs.hoy.es\/moterosdehoy\/wp-json\/wp\/v2\/posts\/3172\/revisions"}],"predecessor-version":[{"id":3175,"href":"https:\/\/blogs.hoy.es\/moterosdehoy\/wp-json\/wp\/v2\/posts\/3172\/revisions\/3175"}],"wp:attachment":[{"href":"https:\/\/blogs.hoy.es\/moterosdehoy\/wp-json\/wp\/v2\/media?parent=3172"}],"wp:term":[{"taxonomy":"category","embeddable":true,"href":"https:\/\/blogs.hoy.es\/moterosdehoy\/wp-json\/wp\/v2\/categories?post=3172"},{"taxonomy":"post_tag","embeddable":true,"href":"https:\/\/blogs.hoy.es\/moterosdehoy\/wp-json\/wp\/v2\/tags?post=3172"}],"curies":[{"name":"wp","href":"https:\/\/api.w.org\/{rel}","templated":true}]}}