{"id":3177,"date":"2022-06-20T17:08:57","date_gmt":"2022-06-20T17:08:57","guid":{"rendered":"https:\/\/blogs.hoy.es\/moterosdehoy\/?p=3177"},"modified":"2022-06-20T17:21:16","modified_gmt":"2022-06-20T17:21:16","slug":"varios-cientos-de-motociclistas-se-unen-en-fregenal-para-dar-visibilidad-a-ela","status":"publish","type":"post","link":"https:\/\/blogs.hoy.es\/moterosdehoy\/2022\/06\/20\/varios-cientos-de-motociclistas-se-unen-en-fregenal-para-dar-visibilidad-a-ela\/","title":{"rendered":"Varios cientos de motociclistas se unen en Fregenal para dar visibilidad a ELA"},"content":{"rendered":"<h3>El fin de semana del 18 y 19 de junio, se ha realizado un evento motociclista en Fregenal de la Sierra (Badajoz). En el mismo han participado en torno a 250 motocicletas, y unos 400 motociclistas.<\/h3>\n<p>El pasado 20 de marzo, cinco grupos\/asociaciones moteras firmaron en M\u00e9rida un acuerdo para dar visibilidad a la enfermedad ELA. En algo menos de tres meses se ha configurado todo un evento de fin de semana, con conciertos, misa con ofrenda floral, entrega de premios&#8230; y lo m\u00e1s importante, hacer olvidar la enfermedad aunque sea por instantes de algunos afectados.<\/p>\n<p><a href=\"https:\/\/static-blogs.hoy.es\/wp-content\/uploads\/sites\/45\/2022\/06\/Evento-para-dar-visibilidad-a-ELA-en-Fregenal-de-la-Sierra.jpg\"><img loading=\"lazy\" class=\"alignleft size-medium wp-image-3178\" src=\"https:\/\/static-blogs.hoy.es\/wp-content\/uploads\/sites\/45\/2022\/06\/Evento-para-dar-visibilidad-a-ELA-en-Fregenal-de-la-Sierra-300x221.jpg\" alt=\"\" width=\"300\" height=\"221\" srcset=\"https:\/\/static-blogs.hoy.es\/wp-content\/uploads\/sites\/45\/2022\/06\/Evento-para-dar-visibilidad-a-ELA-en-Fregenal-de-la-Sierra-300x221.jpg 300w, https:\/\/static-blogs.hoy.es\/wp-content\/uploads\/sites\/45\/2022\/06\/Evento-para-dar-visibilidad-a-ELA-en-Fregenal-de-la-Sierra-768x566.jpg 768w, https:\/\/static-blogs.hoy.es\/wp-content\/uploads\/sites\/45\/2022\/06\/Evento-para-dar-visibilidad-a-ELA-en-Fregenal-de-la-Sierra-1024x755.jpg 1024w, https:\/\/static-blogs.hoy.es\/wp-content\/uploads\/sites\/45\/2022\/06\/Evento-para-dar-visibilidad-a-ELA-en-Fregenal-de-la-Sierra.jpg 1080w\" sizes=\"(max-width: 300px) 100vw, 300px\" \/><\/a><strong>Una imagen vale m\u00e1s que mil palabras<\/strong>, y que mejor que mostrar una imagen en la que se demuestra que <strong>pudimos hacer feliz a personas<\/strong>. Personas que sufren una grave enfermedad, pues <a href=\"https:\/\/espanol.ninds.nih.gov\/es\/trastornos\/forma-larga\/esclerosis-lateral-amiotrofica-ela?msclkid=9d6924baa88011ec99add4ce4e92316c\" rel=\"external nofollow\">ELA (Esclerosis lateral amiotr\u00f3fica)<\/a>\u00a0es un grupo de enfermedades neurol\u00f3gicas raras, que involucran principalmente las c\u00e9lulas nerviosas (neuronas) responsables de controlar el movimiento de los m\u00fasculos voluntarios. Estos m\u00fasculos son los responsables de movimientos como masticar, caminar y hablar. La enfermedad es progresiva, lo que significa que los s\u00edntomas se empeoran con el tiempo. En la actualidad, no hay cura para la ELA, tampoco un tratamiento eficaz capaz de detener o revertir la evoluci\u00f3n de la enfermedad, pero a su vez hay muy pocos medios para dar calidad de vida a los que la padecen, y se ven obligados a darles esos medios sus propios familiares.<\/p>\n<p>Regresando a la fotograf\u00eda. En ella aparecen &#8220;Lola Dorado&#8221; persona que est\u00e1 luchando contra la ELA y poniendo todas sus fuerzas en ayudar a los dem\u00e1s que tambi\u00e9n lo padecen, su risa de satisfacci\u00f3n es la expresi\u00f3n de la vida en su m\u00e1s amplio sentido de la palabra. El otro &#8220;Manuel Balsera&#8221;, la fotograf\u00eda est\u00e1 sacada de su perfil de Facebook y aparecen las siguientes palabras: <em>&#8220;mi risa es la fotograf\u00eda de un coraz\u00f3n abierto a la esperanza intentando transmitir toda la fuerza del mundo. Gracias Merche esta foto la guardar\u00e9 siempre, un beso grande Lola Dorado, eres todo un ejemplo&#8221;.<\/em><\/p>\n<p>S\u00f3lo con lo que he escrito hasta aqu\u00ed, muchos dir\u00e1n, vaya ten\u00eda que haber ido, a otros les dar\u00e1 igual primero porque no perder\u00e1n el tiempo en leerlo. Alguno puede llegar a pensar que es af\u00e1n de protagonismo de alguien. Que pena, nada m\u00e1s lejos de la realidad.<\/p>\n<p>Como comenc\u00e9 explicando en el post, el 20 de marzo de 2020, cinco grupos\/asociaciones moteras firmaron un <a href=\"https:\/\/blogs.hoy.es\/moterosdehoy\/2022\/03\/20\/\">acuerdo para dar visibilidad a la enfermedad ELA<\/a>, todo ello incentivados por &#8220;<a href=\"https:\/\/www.facebook.com\/profile.php?id=100073597789744\" rel=\"external nofollow\">Bikers por la ELA<\/a>&#8220;, grupo de moteros afincados en Madrid y unidos para dar visibilidad a la enfermedad ELA, que en la localidad cacere\u00f1a de Trujillo encontraron a Carlos Pablos y Rosa, dos piezas fundamentales de toda esta maquinaria. En menos de tres meses y gracias a la gran colaboraci\u00f3n del <a href=\"https:\/\/www.fregenaldelasierra.es\/\" rel=\"external nofollow\">Ayuntamiento de Fregenal de la Sierra<\/a>, unido a la persistencia de Carlos Pablos y dem\u00e1s organizadores, menci\u00f3n especial a Manuel Balsera, se ha podido organizar lo que sin duda ser\u00e1 todo un precedente, pues de esos cinco grupos firmantes se ha pasado a 22 en tan breve plazo de tiempo.<\/p>\n<p>Es cierto que \u00e9stos moteros ya ten\u00edan experiencia en la organizaci\u00f3n de eventos solidarios, y ha sido la tercera ocasi\u00f3n, pues en dos ocasiones anteriores ya hab\u00edan unido a 12 grupos en su primera causa, y 15 en la segunda, tras el empujoncito de la firma del acuerdo ha tomado m\u00e1s fuerza.<\/p>\n<p>A la hora de firmar el acuerdo, uno de los puntos se basa en realizar un evento motero solidario para dar visibilidad a la enfermedad ELA, un a\u00f1o en la provincia de Badajoz y otro en la de C\u00e1ceres, alternativamente. Al a\u00f1o que viene toca la provincia de C\u00e1ceres, y desde su organizaci\u00f3n ya est\u00e1n en fase de elegir ubicaci\u00f3n, queda todo un a\u00f1o, ahora se dispone de m\u00e1s tiempo.<\/p>\n<p>Otra de las bases del acuerdo es hacer la entrega de dos premios, uno a nivel provincia de Badajoz, y otro a C\u00e1ceres. Esos premios ser\u00e1n para personas u organizaciones que de alg\u00fan modo incentiven, promuevan o se involucren de alg\u00fan modo especial con el mundo de las dos ruedas en la regi\u00f3n de Extremadura. En \u00e9sta primera edici\u00f3n de los premios han fallado en la provincia de C\u00e1ceres a la Asociaci\u00f3n motera &#8220;15:50&#8221; por haber realizado varios eventos moteros solidarios para recogida de alimentos y enviar una caravana de alimentos para Ucrania. En la provincia de Badajoz a &#8220;Tony M\u00e1rquez&#8221; o &#8220;Antonio M\u00e1rquez&#8221;, mi persona, por la redacci\u00f3n de \u00e9ste blog que en mayo ha alcanzado los diez a\u00f1os, deseando que sea una primera d\u00e9cada de muchas, pues seguir\u00e9 escribiendo y aportando lo que pueda por el mundo de las dos ruedas. <strong>GRACIAS<\/strong>, por el premio. <strong>GRACIAS<\/strong>, a los seguidores del blog. <strong>GRACIAS<\/strong>, a <a href=\"https:\/\/www.hoy.es\/\" rel=\"external nofollow\">HOY<\/a> por permitirme \u00e9ste rinconcito para expresarme.\u00a0<strong>GRACIAS<\/strong>, a los que me apoyan y entre todos formamos la Asociaci\u00f3n Moteros de Hoy, sin vosotros posiblemente ya habr\u00eda desistido.<\/p>\n<p>Pero sobre todo puedo decir &#8220;objetivo conseguido&#8221; pues la redes sociales est\u00e1n invadidas de menciones dando visibilidad a ELA.<\/p>\n<p>#QueCadaKmSume #LaELAexisteConocELA<\/p>\n<p>Saludos y r\u00e1fagas.<\/p>\n<!-- AddThis Advanced Settings generic via filter on the_content --><!-- AddThis Share Buttons generic via filter on the_content -->","protected":false},"excerpt":{"rendered":"<p>El fin de semana del 18 y 19 de junio, se ha realizado un evento motociclista en Fregenal de la Sierra (Badajoz). En el mismo han participado en torno a 250 motocicletas, y unos 400 motociclistas. El pasado 20 de marzo, cinco grupos\/asociaciones moteras firmaron en M\u00e9rida un acuerdo para dar visibilidad a la enfermedad [&hellip;]<!-- AddThis Advanced Settings generic via filter on get_the_excerpt --><!-- AddThis Share Buttons generic via filter on get_the_excerpt --><\/p>\n","protected":false},"author":49,"featured_media":0,"comment_status":"open","ping_status":"closed","sticky":false,"template":"","format":"standard","meta":[],"categories":[9,13,1],"tags":[69,1467,418,1465,622,936],"_links":{"self":[{"href":"https:\/\/blogs.hoy.es\/moterosdehoy\/wp-json\/wp\/v2\/posts\/3177"}],"collection":[{"href":"https:\/\/blogs.hoy.es\/moterosdehoy\/wp-json\/wp\/v2\/posts"}],"about":[{"href":"https:\/\/blogs.hoy.es\/moterosdehoy\/wp-json\/wp\/v2\/types\/post"}],"author":[{"embeddable":true,"href":"https:\/\/blogs.hoy.es\/moterosdehoy\/wp-json\/wp\/v2\/users\/49"}],"replies":[{"embeddable":true,"href":"https:\/\/blogs.hoy.es\/moterosdehoy\/wp-json\/wp\/v2\/comments?post=3177"}],"version-history":[{"count":4,"href":"https:\/\/blogs.hoy.es\/moterosdehoy\/wp-json\/wp\/v2\/posts\/3177\/revisions"}],"predecessor-version":[{"id":3182,"href":"https:\/\/blogs.hoy.es\/moterosdehoy\/wp-json\/wp\/v2\/posts\/3177\/revisions\/3182"}],"wp:attachment":[{"href":"https:\/\/blogs.hoy.es\/moterosdehoy\/wp-json\/wp\/v2\/media?parent=3177"}],"wp:term":[{"taxonomy":"category","embeddable":true,"href":"https:\/\/blogs.hoy.es\/moterosdehoy\/wp-json\/wp\/v2\/categories?post=3177"},{"taxonomy":"post_tag","embeddable":true,"href":"https:\/\/blogs.hoy.es\/moterosdehoy\/wp-json\/wp\/v2\/tags?post=3177"}],"curies":[{"name":"wp","href":"https:\/\/api.w.org\/{rel}","templated":true}]}}