{"id":318,"date":"2012-08-31T16:16:04","date_gmt":"2012-08-31T16:16:04","guid":{"rendered":"http:\/\/blogs.hoy.es\/moterosdehoy\/?p=318"},"modified":"2012-08-31T16:16:04","modified_gmt":"2012-08-31T16:16:04","slug":"kedadas-del-amor","status":"publish","type":"post","link":"https:\/\/blogs.hoy.es\/moterosdehoy\/2012\/08\/31\/kedadas-del-amor\/","title":{"rendered":"Kedadas del amor"},"content":{"rendered":"<h2 style=\"text-align: justify;\">\u00a0 \u00a0 Una nueva iniciativa llega al mundo de las motos, en \u00e9ste peculiar caso es de la mano de &#8220;El Escoc\u00e9s de Gredos&#8221; \u00bfqu\u00e9\u00a0os parece organizar kedadas del amor en una casa rural?.<\/h2>\n<div id=\"attachment_319\" style=\"width: 211px\" class=\"wp-caption alignright\"><a href=\"\/moterosdehoy\/wp-content\/uploads\/sites\/45\/2012\/08\/Kedadas-del-amor.jpg\"><img aria-describedby=\"caption-attachment-319\" loading=\"lazy\" class=\"size-medium wp-image-319\" title=\"Kedadas del amor\" src=\"\/moterosdehoy\/wp-content\/uploads\/sites\/45\/2012\/08\/Kedadas-del-amor.jpg\" alt=\"\" width=\"201\" height=\"300\" srcset=\"https:\/\/static-blogs.hoy.es\/wp-content\/uploads\/sites\/45\/2012\/08\/Kedadas-del-amor.jpg 646w, https:\/\/static-blogs.hoy.es\/wp-content\/uploads\/sites\/45\/2012\/08\/Kedadas-del-amor-202x300.jpg 202w\" sizes=\"(max-width: 201px) 100vw, 201px\" \/><\/a><p id=\"caption-attachment-319\" class=\"wp-caption-text\">Kedadas del amor<\/p><\/div>\n<p style=\"text-align: justify;\">\u00a0 \u00a0 Tan f\u00e1cil como echarle un poco de intenci\u00f3n y ganitas de conocer gente af\u00edn.<\/p>\n<p style=\"text-align: justify;\">\u00a0 \u00a0 Bien sabemos, o al menos lo prevemos, que nuestra media naranja esta por ah\u00ed en alguna parte, pues bien, \u00e9sta puede ser la oportunidad que estabas esperando. Las chicas, reuniros 4 amigas y los chicos, al igual reuniros 4 amigos para iniciar esta\u00a0aventura del amor y qui\u00e9n sabe, pueden surgir chispas y que no sean de nuestros tubos de escape.<\/p>\n<p style=\"text-align: justify;\">\u00a0 \u00a0Vosotros mismos os podr\u00e9is presentar y hacer un primer contacto a trav\u00e9s de\u00a0<a title=\"Kedadas del amor\" href=\"https:\/\/www.facebook.com\/groups\/455017844532542\/\" target=\"_blank\" rel=\"external nofollow\">facebook<\/a>, gustos, aficiones, viajes en moto, en fin, lo que cada cual quiera encontrar y listo, de camino a esa cita a ciegas. \u00bfDonde? en la <strong><a title=\"Casa rural motera el Escoc\u00e9s errante\" href=\"http:\/\/www.lacasaruraldelescoceserrante.com\/\" target=\"_blank\" rel=\"external nofollow\">casa rural motera del Escoc\u00e9s errante<\/a>, en plena <a title=\"Sierra de Gredos\" href=\"http:\/\/www.patrimonionatural.org\/ren.php?espacio_id=2\" target=\"_blank\" rel=\"external nofollow\">Sierra de Gredos<\/a><\/strong>, en concreto en la localidad de <a title=\"Cepeda de la Mora\" href=\"http:\/\/www.elrollodecepeda.org\/\" target=\"_blank\" rel=\"external nofollow\">Cepeda de la Mora<\/a> (<a title=\"\u00c1vila\" href=\"http:\/\/www.avila.es\/opencms\/opencms\/AVIL\" target=\"_blank\" rel=\"external nofollow\">\u00c1vila<\/a>)<\/p>\n<p style=\"text-align: justify;\">\u00a0 \u00a0Pues la iniciativa ya est\u00e1 en marcha y\u00a0Alfredo Calder\u00f3n (Escoc\u00e9s), nos propone\u00a0un fin se semana completo en la casa rural del Escoc\u00e9s errante.<\/p>\n<p style=\"text-align: justify;\">\u00a0 \u00a0<span style=\"text-decoration: underline;\"> Fines de semana<\/span><\/p>\n<ul style=\"text-align: justify;\">\n<li>31 de Agosto, 1 y 2 de Septiembre. Aqu\u00ed coincide casi con luna llena.<\/li>\n<li>7, 8, y 9 Septiembre.<\/li>\n<li>14, 15 y 16 Septiembre.<\/li>\n<li>21, 22 y 23 Septiembre. Que coincide con la <a title=\"VI \"La despu\u00e9s del verano\"\" href=\"http:\/\/www.planetacustom.es\/index.php?it=7&#038;evn=272\" target=\"_blank\" rel=\"external nofollow\">VI ruta moto tur\u00edstica<\/a>, \u201cLa despu\u00e9s del verano\u201d en el mismo pueblo.<\/li>\n<li>28, 29 y 30 Septiembre.<\/li>\n<\/ul>\n<p style=\"text-align: justify;\">\u00a0 \u00a0Una vez elegidos los d\u00edas y las compa\u00f1\u00edas, deber\u00e9is poneros en contacto con el &#8220;Escoc\u00e9s&#8221; al tel\u00e9fono 686 96 64 16 y cerrar las fechas elegidas. \u00c9l nos anima diciendo:<\/p>\n<p style=\"text-align: center;\"><em>Que no os de verg\u00fcenza, solo tenemos una vida&#8230; viv\u00e1mosla en buena compa\u00f1\u00eda.<\/em><br \/>\n<strong><em>Escoc\u00e9s.<\/em><\/strong><\/p>\n<p style=\"text-align: justify;\"><strong><em><\/em><\/strong>\u00a0 \u00a0Para saber m\u00e1s o participar haz<strong> <a title=\"Participar en la Kedada del amor\" href=\"https:\/\/www.facebook.com\/groups\/455017844532542\/\" target=\"_blank\" rel=\"external nofollow\">click aqu\u00ed<\/a>.<\/strong><\/p>\n<p style=\"text-align: justify;\">\u00a0 \u00a0Me parece una iniciativa muy buena y que mejor lugar que la Sierra de Gredos, con buenas curvas para nuestras monturas y unos paisajes id\u00edlicos donde qui\u00e9n sabe si puede surgir el amor, jaja, seguro que s\u00ed.<\/p>\n<p style=\"text-align: justify;\">\u00a0 \u00a0<strong>\u00c9sta era el post que publicaba el 31 de agosto, pero la iniciativa no tuvo mucha acogida y a mediados de septiembre el propio &#8220;Escoc\u00e9s&#8221; publicaba que tras la VI ruta moto tur\u00edstica &#8220;La despu\u00e9s del verano&#8221; el proyecto dejaba de funcionar y adem\u00e1s la casa rural cerraba sus puertas.<\/strong><\/p>\n<p style=\"text-align: justify;\"><strong>\u00a0 \u00a0 Saludos y r\u00e1fagas.<\/strong><\/p>\n<p style=\"text-align: justify;\">\n<!-- AddThis Advanced Settings generic via filter on the_content --><!-- AddThis Share Buttons generic via filter on the_content -->","protected":false},"excerpt":{"rendered":"<p>\u00a0 \u00a0 Una nueva iniciativa llega al mundo de las motos, en \u00e9ste peculiar caso es de la mano de &#8220;El Escoc\u00e9s de Gredos&#8221; \u00bfqu\u00e9\u00a0os parece organizar kedadas del amor en una casa rural?. \u00a0 \u00a0 Tan f\u00e1cil como echarle un poco de intenci\u00f3n y ganitas de conocer gente af\u00edn. \u00a0 \u00a0 Bien sabemos, o [&hellip;]<!-- AddThis Advanced Settings generic via filter on get_the_excerpt --><!-- AddThis Share Buttons generic via filter on get_the_excerpt --><\/p>\n","protected":false},"author":49,"featured_media":0,"comment_status":"open","ping_status":"closed","sticky":false,"template":"","format":"standard","meta":[],"categories":[13],"tags":[144,374,553,622,639],"_links":{"self":[{"href":"https:\/\/blogs.hoy.es\/moterosdehoy\/wp-json\/wp\/v2\/posts\/318"}],"collection":[{"href":"https:\/\/blogs.hoy.es\/moterosdehoy\/wp-json\/wp\/v2\/posts"}],"about":[{"href":"https:\/\/blogs.hoy.es\/moterosdehoy\/wp-json\/wp\/v2\/types\/post"}],"author":[{"embeddable":true,"href":"https:\/\/blogs.hoy.es\/moterosdehoy\/wp-json\/wp\/v2\/users\/49"}],"replies":[{"embeddable":true,"href":"https:\/\/blogs.hoy.es\/moterosdehoy\/wp-json\/wp\/v2\/comments?post=318"}],"version-history":[{"count":0,"href":"https:\/\/blogs.hoy.es\/moterosdehoy\/wp-json\/wp\/v2\/posts\/318\/revisions"}],"wp:attachment":[{"href":"https:\/\/blogs.hoy.es\/moterosdehoy\/wp-json\/wp\/v2\/media?parent=318"}],"wp:term":[{"taxonomy":"category","embeddable":true,"href":"https:\/\/blogs.hoy.es\/moterosdehoy\/wp-json\/wp\/v2\/categories?post=318"},{"taxonomy":"post_tag","embeddable":true,"href":"https:\/\/blogs.hoy.es\/moterosdehoy\/wp-json\/wp\/v2\/tags?post=318"}],"curies":[{"name":"wp","href":"https:\/\/api.w.org\/{rel}","templated":true}]}}