{"id":3184,"date":"2022-06-30T16:59:16","date_gmt":"2022-06-30T16:59:16","guid":{"rendered":"https:\/\/blogs.hoy.es\/moterosdehoy\/?p=3184"},"modified":"2023-01-05T09:58:29","modified_gmt":"2023-01-05T09:58:29","slug":"ruta-de-bela-a-alarilla-guadalajara","status":"publish","type":"post","link":"https:\/\/blogs.hoy.es\/moterosdehoy\/2022\/06\/30\/ruta-de-bela-a-alarilla-guadalajara\/","title":{"rendered":"Ruta de BELA a Alarilla, Guadalajara"},"content":{"rendered":"<p>Pues no hay ning\u00fan error, seguimos con el blog de motos, alguno al ver lo de BELA pensar\u00eda que est\u00e1 mal escrito y era algo de embarcaciones.<\/p>\n<p><a href=\"https:\/\/static-blogs.hoy.es\/wp-content\/uploads\/sites\/45\/2022\/06\/BELA-2022.jpg\"><img loading=\"lazy\" class=\"alignleft size-medium wp-image-3185\" src=\"https:\/\/static-blogs.hoy.es\/wp-content\/uploads\/sites\/45\/2022\/06\/BELA-2022-300x225.jpg\" alt=\"\" width=\"300\" height=\"225\" srcset=\"https:\/\/static-blogs.hoy.es\/wp-content\/uploads\/sites\/45\/2022\/06\/BELA-2022-300x225.jpg 300w, https:\/\/static-blogs.hoy.es\/wp-content\/uploads\/sites\/45\/2022\/06\/BELA-2022.jpg 720w\" sizes=\"(max-width: 300px) 100vw, 300px\" \/><\/a><\/p>\n<p>Hay muchos tipos de clubes de moto, algunos sin fin establecido, unos sin estructura&#8230; otros con ambas cosas, es el caso de BELA, <a href=\"https:\/\/www.facebook.com\/profile.php?id=100073597789744\" rel=\"external nofollow\">Bikers por la ELA<\/a>.<\/p>\n<p>El domingo 3 de julio realizar\u00e1n una ruta como viene siendo habitual a Alarilla (Guadalajara), para visitar a Pepe Tarriza, padrino y fundador de la Asociaci\u00f3n Bikers por la ELA. En \u00e9sta ocasi\u00f3n se le har\u00e1 entrega de un detalle por tales circunstancias.<\/p>\n<p>Todos los amigos y simpatizantes que quieran acompa\u00f1ar ser\u00e1n como siempre bien recibidos.<\/p>\n<p>El punto de encuentro ser\u00e1\u00a0en la Cafeter\u00eda Grupo Loemi, en C\/. Unicornio, 37, de M\u00f3stoles (Madrid) desde las 9:15h.<br \/>\nSalida, con dep\u00f3sitos llenos, a las\u00a0 9:45h<br \/>\n<a href=\"https:\/\/maps.app.goo.gl\/nagqKwW4oGSEBhos9\" target=\"_blank\" rel=\"noopener noreferrer external nofollow\" data-saferedirecturl=\"https:\/\/www.google.com\/url?q=https:\/\/maps.app.goo.gl\/nagqKwW4oGSEBhos9&amp;source=gmail&amp;ust=1656693452504000&amp;usg=AOvVaw0vwnZkDcOR2sE_Vh2Js_gt\">https:\/\/maps.app.goo.gl\/nagqKw<wbr \/>W4oGSEBhos9<\/a><br \/>\nPunto de encuentro 125cc y quien se quiera sumar desde aqu\u00ed para ir todos juntos a Alarilla<br \/>\nHora encuentro 10.50h Hora salida 11.30h<br \/>\n<a href=\"https:\/\/maps.app.goo.gl\/HKXqaGzrRWDwoDEc6\" target=\"_blank\" rel=\"noopener noreferrer external nofollow\" data-saferedirecturl=\"https:\/\/www.google.com\/url?q=https:\/\/maps.app.goo.gl\/HKXqaGzrRWDwoDEc6&amp;source=gmail&amp;ust=1656693452504000&amp;usg=AOvVaw17clPoJ6QYPd6HltDiXnj7\">https:\/\/maps.app.goo.gl\/HKXqaG<wbr \/>zrRWDwoDEc6<\/a><br \/>\nPor si alguien prefiere ir directamente a Alarilla, se pretende llegar sobre las 12:00h:\u00a0<a href=\"https:\/\/maps.google.com\/?q=19227+Alarilla%2C+Guadalajara&amp;ftid=0xd43a0a456790215:0x4017ec4a226d9e69&amp;entry=gps\" target=\"_blank\" rel=\"noopener noreferrer\" data-saferedirecturl=\"https:\/\/www.google.com\/url?q=https:\/\/maps.google.com\/?q%3D19227%2BAlarilla%252C%2BGuadalajara%26ftid%3D0xd43a0a456790215:0x4017ec4a226d9e69%26entry%3Dgps&amp;source=gmail&amp;ust=1656693452504000&amp;usg=AOvVaw1AZs3hNCfYp34eRm89FqpI\">https:\/\/maps.google.com\/?q=192<wbr \/>27+Alarilla%2C+Guadalajara&amp;fti<wbr \/>d=0xd43a0a456790215:0x4017ec4a<wbr \/>226d9e69&amp;entry=gps<\/a><\/p>\n<p>En esta ocasi\u00f3n se tomar\u00e1 algo con Pepe, familia y vecinos de Alarilla. Y se har\u00e1 entrega de un detalle.<\/p>\n<p>No esta organizada comida. Quien quiera quedarse a comer tiene que ponerse en contacto con Virginia 692881082 Bar del pueblo.<\/p>\n<p>#Quecadakmsume #Vamosaparareltiempo<\/p>\n<p>Saludos y r\u00e1fagas.<\/p>\n<!-- AddThis Advanced Settings generic via filter on the_content --><!-- AddThis Share Buttons generic via filter on the_content -->","protected":false},"excerpt":{"rendered":"<p>Pues no hay ning\u00fan error, seguimos con el blog de motos, alguno al ver lo de BELA pensar\u00eda que est\u00e1 mal escrito y era algo de embarcaciones. Hay muchos tipos de clubes de moto, algunos sin fin establecido, unos sin estructura&#8230; otros con ambas cosas, es el caso de BELA, Bikers por la ELA. El [&hellip;]<!-- AddThis Advanced Settings generic via filter on get_the_excerpt --><!-- AddThis Share Buttons generic via filter on get_the_excerpt --><\/p>\n","protected":false},"author":49,"featured_media":0,"comment_status":"open","ping_status":"closed","sticky":false,"template":"","format":"standard","meta":[],"categories":[13,1],"tags":[1467,1465,1171,622,1480],"_links":{"self":[{"href":"https:\/\/blogs.hoy.es\/moterosdehoy\/wp-json\/wp\/v2\/posts\/3184"}],"collection":[{"href":"https:\/\/blogs.hoy.es\/moterosdehoy\/wp-json\/wp\/v2\/posts"}],"about":[{"href":"https:\/\/blogs.hoy.es\/moterosdehoy\/wp-json\/wp\/v2\/types\/post"}],"author":[{"embeddable":true,"href":"https:\/\/blogs.hoy.es\/moterosdehoy\/wp-json\/wp\/v2\/users\/49"}],"replies":[{"embeddable":true,"href":"https:\/\/blogs.hoy.es\/moterosdehoy\/wp-json\/wp\/v2\/comments?post=3184"}],"version-history":[{"count":2,"href":"https:\/\/blogs.hoy.es\/moterosdehoy\/wp-json\/wp\/v2\/posts\/3184\/revisions"}],"predecessor-version":[{"id":3187,"href":"https:\/\/blogs.hoy.es\/moterosdehoy\/wp-json\/wp\/v2\/posts\/3184\/revisions\/3187"}],"wp:attachment":[{"href":"https:\/\/blogs.hoy.es\/moterosdehoy\/wp-json\/wp\/v2\/media?parent=3184"}],"wp:term":[{"taxonomy":"category","embeddable":true,"href":"https:\/\/blogs.hoy.es\/moterosdehoy\/wp-json\/wp\/v2\/categories?post=3184"},{"taxonomy":"post_tag","embeddable":true,"href":"https:\/\/blogs.hoy.es\/moterosdehoy\/wp-json\/wp\/v2\/tags?post=3184"}],"curies":[{"name":"wp","href":"https:\/\/api.w.org\/{rel}","templated":true}]}}