{"id":3188,"date":"2022-07-01T16:57:18","date_gmt":"2022-07-01T16:57:18","guid":{"rendered":"https:\/\/blogs.hoy.es\/moterosdehoy\/?p=3188"},"modified":"2023-01-05T09:58:38","modified_gmt":"2023-01-05T09:58:38","slug":"rutas-moteras-del-primer-fin-de-semana-de-julio-en-extremadura","status":"publish","type":"post","link":"https:\/\/blogs.hoy.es\/moterosdehoy\/2022\/07\/01\/rutas-moteras-del-primer-fin-de-semana-de-julio-en-extremadura\/","title":{"rendered":"Rutas moteras del primer fin de semana de julio en Extremadura"},"content":{"rendered":"<p>Se aproxima un fin de semana con temperaturas elevadas, pero las ganas de moto no impedir\u00e1n que se muevan este fin de semana, a\u00fan nos encontramos saliendo de la pandemia y quedan muchos amigos que visitar.<\/p>\n<p>Hemos comenzado julio y que mejor manera que con dos quedadas moteras, una en Vivares y otra en Castuera, ambas en la provincia de Badajoz, y ambas para el domingo 3 de julio.<\/p>\n<p><a href=\"https:\/\/static-blogs.hoy.es\/wp-content\/uploads\/sites\/45\/2022\/07\/Vivares-2022.jpg\"><img loading=\"lazy\" class=\"alignleft size-medium wp-image-3189\" src=\"https:\/\/static-blogs.hoy.es\/wp-content\/uploads\/sites\/45\/2022\/07\/Vivares-2022-212x300.jpg\" alt=\"\" width=\"212\" height=\"300\" srcset=\"https:\/\/static-blogs.hoy.es\/wp-content\/uploads\/sites\/45\/2022\/07\/Vivares-2022-212x300.jpg 212w, https:\/\/static-blogs.hoy.es\/wp-content\/uploads\/sites\/45\/2022\/07\/Vivares-2022.jpg 452w\" sizes=\"(max-width: 212px) 100vw, 212px\" \/><\/a>Bajo el nombre de <strong>&#8220;II Quedada Motera Vivares&#8221;<\/strong>, y organizado por el Moto Club Vivares, nos llega la segunda quedada motera de <a href=\"https:\/\/vivares.es\/\" rel=\"external nofollow\">Vivares<\/a> (Badajoz).<\/p>\n<p>El punto de encuentro ser\u00e1 desde las 8:30h, en caf\u00e9 bar Medina, para desayuno desde las 8:30h, hasta las 10h.<\/p>\n<p>A las 10:15h, inicio de ruta pasando por Zorita, Conquista de la Sierra y Garciaz, sobre las 11:30h se realizar\u00e1 un parada en la Plaza de Espa\u00f1a de Berzocana, para seguir a las 12h, pasando por Ca\u00f1amero, Logros\u00e1n, Zorita, y finalizaci\u00f3n en Vivares.<\/p>\n<p>Sobre las 13:30h, comida en el sal\u00f3n multiusos de Vivares, kiosko Bar la Plaza.<\/p>\n<p>Con una <strong>inscripci\u00f3n de 12\u20ac<\/strong> anuncian sal\u00f3n acondicionado, amplio aparcamiento, barra, caldereta tradicional, m\u00fasica y buen ambiente. Todos los ingredientes necesarios para pasar un gran d\u00eda.<\/p>\n<p>Tenemos otra opci\u00f3n en Castuera. Con un cartel algo m\u00e1s sencillo pero con las mismas ganas de pasarlo bien.<a href=\"https:\/\/static-blogs.hoy.es\/wp-content\/uploads\/sites\/45\/2022\/07\/Castuera-2022.jpg\"><img loading=\"lazy\" class=\"alignright size-medium wp-image-3190\" src=\"https:\/\/static-blogs.hoy.es\/wp-content\/uploads\/sites\/45\/2022\/07\/Castuera-2022-296x300.jpg\" alt=\"\" width=\"296\" height=\"300\" srcset=\"https:\/\/static-blogs.hoy.es\/wp-content\/uploads\/sites\/45\/2022\/07\/Castuera-2022-296x300.jpg 296w, https:\/\/static-blogs.hoy.es\/wp-content\/uploads\/sites\/45\/2022\/07\/Castuera-2022-768x778.jpg 768w, https:\/\/static-blogs.hoy.es\/wp-content\/uploads\/sites\/45\/2022\/07\/Castuera-2022.jpg 963w\" sizes=\"(max-width: 296px) 100vw, 296px\" \/><\/a><\/p>\n<p><strong><a href=\"https:\/\/www.facebook.com\/Motoclub-La-Serena-456745311177492\" rel=\"external nofollow\">Moto Club La Serena<\/a> celebra su 17 aniversario.<\/strong><\/p>\n<p>El propio t\u00edtulo ya lo dice todo, diecisiete a\u00f1os dan para tener mucha experiencia. El Moto Club La Serena, con base en la localidad de Castuera (Badajoz) est\u00e1 de aniversario.<\/p>\n<p>El punto de encuentro ser\u00e1 desde las 9:30h, en el recinto ferial de Castuera. All\u00ed desayuno hasta las 11h.<\/p>\n<p>A las 11:15h, ruta por La Serena, con aperitivos en Monterrubio de la Sierra, y al finalizar paella y dos consumiciones en la Sede del Moto Club. Todo ello con una <strong>inscripci\u00f3n de 8\u20ac<\/strong>.<\/p>\n<p>Todo apunta que ser\u00e1n un gran d\u00eda entre amigos y \u00bfC\u00f3mo no? buen momento para hacer nuevas amistades.<\/p>\n<p>En ambos eventos colaboran sus Ayuntamientos, por lo que la buena organizaci\u00f3n y el buen rollo est\u00e1n asegurados.<\/p>\n<p>Nos vemos en alguna de ellas.<\/p>\n<p>Saludos y r\u00e1fagas.<\/p>\n<!-- AddThis Advanced Settings generic via filter on the_content --><!-- AddThis Share Buttons generic via filter on the_content -->","protected":false},"excerpt":{"rendered":"<p>Se aproxima un fin de semana con temperaturas elevadas, pero las ganas de moto no impedir\u00e1n que se muevan este fin de semana, a\u00fan nos encontramos saliendo de la pandemia y quedan muchos amigos que visitar. Hemos comenzado julio y que mejor manera que con dos quedadas moteras, una en Vivares y otra en Castuera, [&hellip;]<!-- AddThis Advanced Settings generic via filter on get_the_excerpt --><!-- AddThis Share Buttons generic via filter on get_the_excerpt --><\/p>\n","protected":false},"author":49,"featured_media":0,"comment_status":"open","ping_status":"closed","sticky":false,"template":"","format":"standard","meta":[],"categories":[13,1],"tags":[1135,622,1482,1481,664,1483],"_links":{"self":[{"href":"https:\/\/blogs.hoy.es\/moterosdehoy\/wp-json\/wp\/v2\/posts\/3188"}],"collection":[{"href":"https:\/\/blogs.hoy.es\/moterosdehoy\/wp-json\/wp\/v2\/posts"}],"about":[{"href":"https:\/\/blogs.hoy.es\/moterosdehoy\/wp-json\/wp\/v2\/types\/post"}],"author":[{"embeddable":true,"href":"https:\/\/blogs.hoy.es\/moterosdehoy\/wp-json\/wp\/v2\/users\/49"}],"replies":[{"embeddable":true,"href":"https:\/\/blogs.hoy.es\/moterosdehoy\/wp-json\/wp\/v2\/comments?post=3188"}],"version-history":[{"count":2,"href":"https:\/\/blogs.hoy.es\/moterosdehoy\/wp-json\/wp\/v2\/posts\/3188\/revisions"}],"predecessor-version":[{"id":3192,"href":"https:\/\/blogs.hoy.es\/moterosdehoy\/wp-json\/wp\/v2\/posts\/3188\/revisions\/3192"}],"wp:attachment":[{"href":"https:\/\/blogs.hoy.es\/moterosdehoy\/wp-json\/wp\/v2\/media?parent=3188"}],"wp:term":[{"taxonomy":"category","embeddable":true,"href":"https:\/\/blogs.hoy.es\/moterosdehoy\/wp-json\/wp\/v2\/categories?post=3188"},{"taxonomy":"post_tag","embeddable":true,"href":"https:\/\/blogs.hoy.es\/moterosdehoy\/wp-json\/wp\/v2\/tags?post=3188"}],"curies":[{"name":"wp","href":"https:\/\/api.w.org\/{rel}","templated":true}]}}