{"id":3194,"date":"2022-07-08T17:45:02","date_gmt":"2022-07-08T17:45:02","guid":{"rendered":"https:\/\/blogs.hoy.es\/moterosdehoy\/?p=3194"},"modified":"2023-01-05T09:58:46","modified_gmt":"2023-01-05T09:58:46","slug":"vi-festival-rolling-custom-club","status":"publish","type":"post","link":"https:\/\/blogs.hoy.es\/moterosdehoy\/2022\/07\/08\/vi-festival-rolling-custom-club\/","title":{"rendered":"VI Festival Rolling Custom Club"},"content":{"rendered":"<h3>El s\u00e1bado 16 de julio tendremos en Plasencia (C\u00e1ceres) el VI Festival Rolling Custom Rock.<\/h3>\n<p><a href=\"https:\/\/static-blogs.hoy.es\/wp-content\/uploads\/sites\/45\/2022\/07\/VI-Festival-Rolling.jpg\"><img loading=\"lazy\" class=\"alignleft size-medium wp-image-3195\" src=\"https:\/\/static-blogs.hoy.es\/wp-content\/uploads\/sites\/45\/2022\/07\/VI-Festival-Rolling-213x300.jpg\" alt=\"\" width=\"213\" height=\"300\" srcset=\"https:\/\/static-blogs.hoy.es\/wp-content\/uploads\/sites\/45\/2022\/07\/VI-Festival-Rolling-213x300.jpg 213w, https:\/\/static-blogs.hoy.es\/wp-content\/uploads\/sites\/45\/2022\/07\/VI-Festival-Rolling-768x1084.jpg 768w, https:\/\/static-blogs.hoy.es\/wp-content\/uploads\/sites\/45\/2022\/07\/VI-Festival-Rolling-726x1024.jpg 726w, https:\/\/static-blogs.hoy.es\/wp-content\/uploads\/sites\/45\/2022\/07\/VI-Festival-Rolling.jpg 1451w\" sizes=\"(max-width: 213px) 100vw, 213px\" \/><\/a>Estamos a poco m\u00e1s de una semana y ya suena el Festival Rolling Custom Rock, en \u00e9sta ocasi\u00f3n ser\u00e1 la sexta, y tendr\u00e1 un car\u00e1cter especial, dado que ir\u00e1 acompa\u00f1ado de la inauguraci\u00f3n de la sede del club motero <a href=\"https:\/\/www.facebook.com\/rollingcustomclub\" rel=\"external nofollow\">Rolling Custom Club<\/a>, de <a href=\"https:\/\/www.plasencia.es\/web\/\" rel=\"external nofollow\">Plasencia<\/a>.<\/p>\n<p>El festival ir\u00e1 precedido de un encuentro en la Plaza Mayor de Plasencia, all\u00ed tendr\u00e1n un detalle con un afectado de ELA. En \u00e9sta edici\u00f3n el Festival se vuelca para dar visibilidad a la <a href=\"https:\/\/elaextremadura.org\/\" rel=\"external nofollow\">enfermedad ELA<\/a> (Esclerosis Lateral Amiotr\u00f3fica), d\u00e1ndole un toque solidario, y uni\u00e9ndose a otros veinti\u00fan clubes extreme\u00f1os que trabajan por darle visibilidad. Los moteros somos solidarios.<\/p>\n<p>En la Plaza Mayor se unir\u00e1n sobre el medio d\u00eda, saludos, abrazos, solidaridad, amistad, unos refrigerios en los bares de la plaza&#8230; y de all\u00ed, sobre las 13:30h, partir\u00e1n para su nueva Sede, donde tendr\u00e1 lugar la inauguraci\u00f3n de la misma, por lo que la fiesta comenzar\u00e1 pronto.<\/p>\n<p>Sobre las 17:00h, tendr\u00e1 lugar la primera actuaci\u00f3n, siguiendo encadenadas para dar una tarde\/noche con mucha m\u00fasica.<\/p>\n<p>Entre los grupos figuran <a href=\"https:\/\/www.youtube.com\/watch?v=ELM9PaEIU6E\" rel=\"external nofollow\">NO PROCEDE<\/a>, <a href=\"https:\/\/www.youtube.com\/watch?v=7yRZHgW3Pu0\" rel=\"external nofollow\">THE KLEEJOSS BAND<\/a>, <a href=\"https:\/\/www.youtube.com\/watch?v=FooWhyaqK0w\" rel=\"external nofollow\">JOLLY JOKER<\/a>, y HOY NO PUEDO.<\/p>\n<p>Seguro que ser\u00e1 un gran festival, y como en ediciones anteriores con entrada gratuita \u00bfTE LO VAS A PERDER?<\/p>\n<p>Saludos y r\u00e1fagas.<\/p>\n<!-- AddThis Advanced Settings generic via filter on the_content --><!-- AddThis Share Buttons generic via filter on the_content -->","protected":false},"excerpt":{"rendered":"<p>El s\u00e1bado 16 de julio tendremos en Plasencia (C\u00e1ceres) el VI Festival Rolling Custom Rock. Estamos a poco m\u00e1s de una semana y ya suena el Festival Rolling Custom Rock, en \u00e9sta ocasi\u00f3n ser\u00e1 la sexta, y tendr\u00e1 un car\u00e1cter especial, dado que ir\u00e1 acompa\u00f1ado de la inauguraci\u00f3n de la sede del club motero Rolling [&hellip;]<!-- AddThis Advanced Settings generic via filter on get_the_excerpt --><!-- AddThis Share Buttons generic via filter on get_the_excerpt --><\/p>\n","protected":false},"author":49,"featured_media":0,"comment_status":"open","ping_status":"closed","sticky":false,"template":"","format":"standard","meta":[],"categories":[13,1],"tags":[382,622,732,733,1133,1092,1484],"_links":{"self":[{"href":"https:\/\/blogs.hoy.es\/moterosdehoy\/wp-json\/wp\/v2\/posts\/3194"}],"collection":[{"href":"https:\/\/blogs.hoy.es\/moterosdehoy\/wp-json\/wp\/v2\/posts"}],"about":[{"href":"https:\/\/blogs.hoy.es\/moterosdehoy\/wp-json\/wp\/v2\/types\/post"}],"author":[{"embeddable":true,"href":"https:\/\/blogs.hoy.es\/moterosdehoy\/wp-json\/wp\/v2\/users\/49"}],"replies":[{"embeddable":true,"href":"https:\/\/blogs.hoy.es\/moterosdehoy\/wp-json\/wp\/v2\/comments?post=3194"}],"version-history":[{"count":2,"href":"https:\/\/blogs.hoy.es\/moterosdehoy\/wp-json\/wp\/v2\/posts\/3194\/revisions"}],"predecessor-version":[{"id":3197,"href":"https:\/\/blogs.hoy.es\/moterosdehoy\/wp-json\/wp\/v2\/posts\/3194\/revisions\/3197"}],"wp:attachment":[{"href":"https:\/\/blogs.hoy.es\/moterosdehoy\/wp-json\/wp\/v2\/media?parent=3194"}],"wp:term":[{"taxonomy":"category","embeddable":true,"href":"https:\/\/blogs.hoy.es\/moterosdehoy\/wp-json\/wp\/v2\/categories?post=3194"},{"taxonomy":"post_tag","embeddable":true,"href":"https:\/\/blogs.hoy.es\/moterosdehoy\/wp-json\/wp\/v2\/tags?post=3194"}],"curies":[{"name":"wp","href":"https:\/\/api.w.org\/{rel}","templated":true}]}}