{"id":3204,"date":"2022-07-26T07:52:41","date_gmt":"2022-07-26T07:52:41","guid":{"rendered":"https:\/\/blogs.hoy.es\/moterosdehoy\/?p=3204"},"modified":"2023-01-05T09:59:06","modified_gmt":"2023-01-05T09:59:06","slug":"jaraiz-a-dos-ruedas","status":"publish","type":"post","link":"https:\/\/blogs.hoy.es\/moterosdehoy\/2022\/07\/26\/jaraiz-a-dos-ruedas\/","title":{"rendered":"Jara\u00edz a dos ruedas"},"content":{"rendered":"<p>Para \u00e9ste fin de semana tenemos la conocida concentraci\u00f3n motera de Jara\u00edz de la Vera, en C\u00e1ceres.<\/p>\n<p><a href=\"https:\/\/static-blogs.hoy.es\/wp-content\/uploads\/sites\/45\/2022\/07\/Jara\u00edz-2022.jpg\"><img loading=\"lazy\" class=\"alignleft size-medium wp-image-3206\" src=\"https:\/\/static-blogs.hoy.es\/wp-content\/uploads\/sites\/45\/2022\/07\/Jara\u00edz-2022-300x300.jpg\" alt=\"\" width=\"300\" height=\"300\" srcset=\"https:\/\/static-blogs.hoy.es\/wp-content\/uploads\/sites\/45\/2022\/07\/Jara\u00edz-2022-300x300.jpg 300w, https:\/\/static-blogs.hoy.es\/wp-content\/uploads\/sites\/45\/2022\/07\/Jara\u00edz-2022-150x150.jpg 150w, https:\/\/static-blogs.hoy.es\/wp-content\/uploads\/sites\/45\/2022\/07\/Jara\u00edz-2022-768x768.jpg 768w, https:\/\/static-blogs.hoy.es\/wp-content\/uploads\/sites\/45\/2022\/07\/Jara\u00edz-2022-1024x1024.jpg 1024w, https:\/\/static-blogs.hoy.es\/wp-content\/uploads\/sites\/45\/2022\/07\/Jara\u00edz-2022.jpg 1080w\" sizes=\"(max-width: 300px) 100vw, 300px\" \/><\/a>La <a href=\"https:\/\/www.facebook.com\/losbalinesjaraiz\" rel=\"external nofollow\">Pe\u00f1a Motera &#8220;Los Balines&#8221;<\/a> nos ha preparado una concentraci\u00f3n motera para los d\u00edas 29, 30 y 31 de julio, como en ediciones anteriores en su localidad &#8220;<a href=\"https:\/\/www.jaraizdelavera.es\/\" rel=\"external nofollow\">Jara\u00edz de la Vera<\/a>&#8220;, y con un nombre bien acertado &#8220;Jara\u00edz a dos ruedas&#8221;, pues uno de los alicientes de la concentraci\u00f3n es unirse en la traves\u00eda en la uni\u00f3n de dos carreteras junto a la Plaza Santa Ana. All\u00ed hay varios restaurantes, y el personal acude junto a la carretera para ver quemadas de ruedas, y escuchar el rugir de los escapes. Aunque est\u00e1 cogiendo mucha fuerza la ruta de antorchas nocturna, y decayendo lo anterior por la calor del medio d\u00eda.<\/p>\n<p>Hay que decir que esta concentraci\u00f3n fue durante muchos a\u00f1os la reina de las concentraciones moteras de Extremadura, mientras se encontr\u00f3 de la mano del\u00a0&#8220;Moto Club La Vera, La cabra tira al monte&#8221;, que por el motivo que sea tras casi treinta ediciones decidieron dejarlo. Ahora de la mano de &#8220;Los Balines&#8221; a\u00fan est\u00e1 lejos de conseguir los n\u00fameros que llegaron a alcanzar de inscritos, pero todo se andar\u00e1, y el que siembra recoge.<\/p>\n<p>Tendr\u00e1n dos tipos de <strong>inscripciones<\/strong>, una de <strong>20\u20ac<\/strong>, en la que llevas incluido: mochila, camiseta de concentraci\u00f3n, lata de piment\u00f3n de la Vera, monodosis de aceite, pegatina de &#8220;Los Balines&#8221;, mechero, tapa de paella el s\u00e1bado, ticket de desayuno, preservativo (parece que la cosa promete), derecho de acampada, entrada a la piscina municipal, ficha de lavado, descuento en carburante, ticket de cerveza, revista motera, y entrada a &#8220;La Boite Terraza&#8221;.<\/p>\n<p>Si quieres m\u00e1s, hay una <strong>inscripci\u00f3n<\/strong> de <strong>30\u20ac<\/strong>, que adem\u00e1s de lo anterior te incluye: consumici\u00f3n, cena del s\u00e1bado, y sorteos durante la cena.<\/p>\n<p>Como veis, todos los ingredientes necesarios para tener un gran fin de semana motero. Adem\u00e1s hay que decir que en las \u00faltimas ediciones han cambiado el lugar de ubicaci\u00f3n de las tiendas para la acampada, y trasladado a un lugar con m\u00e1s sombra de \u00e1rboles, lo que es de agradecer.<\/p>\n<p>Todo dar\u00e1 comienzo el viernes a las 18:00h, con apertura de inscripciones en la Plaza Santa Ana, de <a href=\"https:\/\/es.wikipedia.org\/wiki\/Jara%C3%ADz_de_la_Vera\" rel=\"external nofollow\">Jara\u00edz<\/a>. Y como punto final tendr\u00e1n ruta por La Vera, con salida el domingo a las 10:00h. Si quieres ver todo el programa haz clic en la fotograf\u00eda del cartel y ah\u00ed lo tienes detallado.<\/p>\n<p>Adem\u00e1s en caso de cansarte de concentraci\u00f3n, tienes unas carreteras preciosas y un mont\u00f3n de piscinas naturales.<\/p>\n<p>\u00bfTe lo vas a perder?<\/p>\n<p>Saludos y r\u00e1fagas.<\/p>\n<!-- AddThis Advanced Settings generic via filter on the_content --><!-- AddThis Share Buttons generic via filter on the_content -->","protected":false},"excerpt":{"rendered":"<p>Para \u00e9ste fin de semana tenemos la conocida concentraci\u00f3n motera de Jara\u00edz de la Vera, en C\u00e1ceres. La Pe\u00f1a Motera &#8220;Los Balines&#8221; nos ha preparado una concentraci\u00f3n motera para los d\u00edas 29, 30 y 31 de julio, como en ediciones anteriores en su localidad &#8220;Jara\u00edz de la Vera&#8220;, y con un nombre bien acertado &#8220;Jara\u00edz [&hellip;]<!-- AddThis Advanced Settings generic via filter on get_the_excerpt --><!-- AddThis Share Buttons generic via filter on get_the_excerpt --><\/p>\n","protected":false},"author":49,"featured_media":0,"comment_status":"open","ping_status":"closed","sticky":false,"template":"","format":"standard","meta":[],"categories":[13,1],"tags":[1488,1486,523,622,664,1487],"_links":{"self":[{"href":"https:\/\/blogs.hoy.es\/moterosdehoy\/wp-json\/wp\/v2\/posts\/3204"}],"collection":[{"href":"https:\/\/blogs.hoy.es\/moterosdehoy\/wp-json\/wp\/v2\/posts"}],"about":[{"href":"https:\/\/blogs.hoy.es\/moterosdehoy\/wp-json\/wp\/v2\/types\/post"}],"author":[{"embeddable":true,"href":"https:\/\/blogs.hoy.es\/moterosdehoy\/wp-json\/wp\/v2\/users\/49"}],"replies":[{"embeddable":true,"href":"https:\/\/blogs.hoy.es\/moterosdehoy\/wp-json\/wp\/v2\/comments?post=3204"}],"version-history":[{"count":4,"href":"https:\/\/blogs.hoy.es\/moterosdehoy\/wp-json\/wp\/v2\/posts\/3204\/revisions"}],"predecessor-version":[{"id":3210,"href":"https:\/\/blogs.hoy.es\/moterosdehoy\/wp-json\/wp\/v2\/posts\/3204\/revisions\/3210"}],"wp:attachment":[{"href":"https:\/\/blogs.hoy.es\/moterosdehoy\/wp-json\/wp\/v2\/media?parent=3204"}],"wp:term":[{"taxonomy":"category","embeddable":true,"href":"https:\/\/blogs.hoy.es\/moterosdehoy\/wp-json\/wp\/v2\/categories?post=3204"},{"taxonomy":"post_tag","embeddable":true,"href":"https:\/\/blogs.hoy.es\/moterosdehoy\/wp-json\/wp\/v2\/tags?post=3204"}],"curies":[{"name":"wp","href":"https:\/\/api.w.org\/{rel}","templated":true}]}}