{"id":3228,"date":"2022-08-31T18:30:52","date_gmt":"2022-08-31T18:30:52","guid":{"rendered":"https:\/\/blogs.hoy.es\/moterosdehoy\/?p=3228"},"modified":"2023-01-05T09:59:17","modified_gmt":"2023-01-05T09:59:17","slug":"primer-fin-de-semana-septiembre-en-extremadura","status":"publish","type":"post","link":"https:\/\/blogs.hoy.es\/moterosdehoy\/2022\/08\/31\/primer-fin-de-semana-septiembre-en-extremadura\/","title":{"rendered":"Primer fin de semana septiembre en Extremadura"},"content":{"rendered":"<p>Comienza septiembre y en Extremadura abrimos el mes con dos eventos moteros.<\/p>\n<p>En esta ocasi\u00f3n os traigo un evento de la provincia de C\u00e1ceres y otro de Badajoz.<\/p>\n<p><img loading=\"lazy\" class=\"alignleft size-medium wp-image-3229\" src=\"https:\/\/static-blogs.hoy.es\/wp-content\/uploads\/sites\/45\/2022\/08\/Coria-2022-300x300.jpg\" alt=\"\" width=\"300\" height=\"300\" srcset=\"https:\/\/static-blogs.hoy.es\/wp-content\/uploads\/sites\/45\/2022\/08\/Coria-2022-300x300.jpg 300w, https:\/\/static-blogs.hoy.es\/wp-content\/uploads\/sites\/45\/2022\/08\/Coria-2022-150x150.jpg 150w, https:\/\/static-blogs.hoy.es\/wp-content\/uploads\/sites\/45\/2022\/08\/Coria-2022.jpg 526w\" sizes=\"(max-width: 300px) 100vw, 300px\" \/><strong>D\u00edas 2, 3 y 4 de septiembre, en Coria (C\u00e1ceres):<\/strong><\/p>\n<p>La pe\u00f1a motera Esperando, nos trae su decimoquinta concentraci\u00f3n motera.<\/p>\n<p>Dar\u00e1 comienzo el viernes d\u00eda 2, con apertura de inscripciones a las 19:30h, en la Plaza de San Pedro, de Coria. Dejar\u00e1n la cena libre, y a las 23:30h, tendr\u00e1n conciertos de Diana Mart\u00edn y D.N.I., en la misma Plaza.<\/p>\n<p>El s\u00e1bado d\u00eda 3, habr\u00e1 apertura de inscripciones a las 9:30h, en la Plaza de San Pedro. A las 11:30h, inicio de ruta a Calzadilla, con parada en el bar Lobato, y regreso a Coria, para llegar a las 14:00h, al bar La Ermita, donde tendr\u00e1 lugar la comida. A las 18h, juegos moteros en la Plaza de San Pedro, y a las 19:30h, ruta bar\u00edtima por la localidad. A las 21:30h, cena en el restaurante Palacio Ducal, para finalizar el d\u00eda con concierto de Ma Non Troppo, en la Plaza de San Pedro.<\/p>\n<p>El domingo d\u00eda 4, a las 9:30h de nuevo apertura de inscripciones. Habr\u00e1 desayuno gratis para los inscritos por gentileza de los socios de la Pe\u00f1a Motera Esperando. A las 11h inicio de ruta, parando en Ceclav\u00edn y Portaje, para finalizar a las 14:30h en el restaurante Montesol, de Coria, donde habr\u00e1 sorteos, entrega de premios, despedida y cierre.<\/p>\n<p><strong>D\u00eda 3 de septiembre, en Medell\u00edn (Badajoz):\u00a0<\/strong><a href=\"https:\/\/static-blogs.hoy.es\/wp-content\/uploads\/sites\/45\/2022\/08\/La-Palapa-2022.jpg\"><img loading=\"lazy\" class=\"alignright size-medium wp-image-3231\" src=\"https:\/\/static-blogs.hoy.es\/wp-content\/uploads\/sites\/45\/2022\/08\/La-Palapa-2022-240x300.jpg\" alt=\"\" width=\"240\" height=\"300\" srcset=\"https:\/\/static-blogs.hoy.es\/wp-content\/uploads\/sites\/45\/2022\/08\/La-Palapa-2022-240x300.jpg 240w, https:\/\/static-blogs.hoy.es\/wp-content\/uploads\/sites\/45\/2022\/08\/La-Palapa-2022-768x960.jpg 768w, https:\/\/static-blogs.hoy.es\/wp-content\/uploads\/sites\/45\/2022\/08\/La-Palapa-2022-819x1024.jpg 819w, https:\/\/static-blogs.hoy.es\/wp-content\/uploads\/sites\/45\/2022\/08\/La-Palapa-2022.jpg 1080w\" sizes=\"(max-width: 240px) 100vw, 240px\" \/><\/a><\/p>\n<p>El restaurante &#8220;La Palapa&#8221; de Medell\u00edn-Playa, organiza su &#8220;Tercera quedada motera&#8221;.<\/p>\n<p>El punto de encuentro es en el propio restaurante &#8220;La Palapa&#8221;, donde tendr\u00e1 lugar el desayuno y apertura de inscripciones. Seguidamente se realizar\u00e1 una ruta por la comarca, para regresar al punto de partida, y habr\u00e1 actuaci\u00f3n de Stund de Emilio Zamora.<\/p>\n<p>Es una quedada de un d\u00eda, pero cargada de buen ambiente motero y todos los ingredientes necesarios para pasar un buen d\u00eda.<\/p>\n<p>Saludos y r\u00e1fagas.<\/p>\n<!-- AddThis Advanced Settings generic via filter on the_content --><!-- AddThis Share Buttons generic via filter on the_content -->","protected":false},"excerpt":{"rendered":"<p>Comienza septiembre y en Extremadura abrimos el mes con dos eventos moteros. En esta ocasi\u00f3n os traigo un evento de la provincia de C\u00e1ceres y otro de Badajoz. D\u00edas 2, 3 y 4 de septiembre, en Coria (C\u00e1ceres): La pe\u00f1a motera Esperando, nos trae su decimoquinta concentraci\u00f3n motera. Dar\u00e1 comienzo el viernes d\u00eda 2, con [&hellip;]<!-- AddThis Advanced Settings generic via filter on get_the_excerpt --><!-- AddThis Share Buttons generic via filter on get_the_excerpt --><\/p>\n","protected":false},"author":49,"featured_media":0,"comment_status":"open","ping_status":"closed","sticky":false,"template":"","format":"standard","meta":[],"categories":[13,1],"tags":[314,622,763],"_links":{"self":[{"href":"https:\/\/blogs.hoy.es\/moterosdehoy\/wp-json\/wp\/v2\/posts\/3228"}],"collection":[{"href":"https:\/\/blogs.hoy.es\/moterosdehoy\/wp-json\/wp\/v2\/posts"}],"about":[{"href":"https:\/\/blogs.hoy.es\/moterosdehoy\/wp-json\/wp\/v2\/types\/post"}],"author":[{"embeddable":true,"href":"https:\/\/blogs.hoy.es\/moterosdehoy\/wp-json\/wp\/v2\/users\/49"}],"replies":[{"embeddable":true,"href":"https:\/\/blogs.hoy.es\/moterosdehoy\/wp-json\/wp\/v2\/comments?post=3228"}],"version-history":[{"count":3,"href":"https:\/\/blogs.hoy.es\/moterosdehoy\/wp-json\/wp\/v2\/posts\/3228\/revisions"}],"predecessor-version":[{"id":3233,"href":"https:\/\/blogs.hoy.es\/moterosdehoy\/wp-json\/wp\/v2\/posts\/3228\/revisions\/3233"}],"wp:attachment":[{"href":"https:\/\/blogs.hoy.es\/moterosdehoy\/wp-json\/wp\/v2\/media?parent=3228"}],"wp:term":[{"taxonomy":"category","embeddable":true,"href":"https:\/\/blogs.hoy.es\/moterosdehoy\/wp-json\/wp\/v2\/categories?post=3228"},{"taxonomy":"post_tag","embeddable":true,"href":"https:\/\/blogs.hoy.es\/moterosdehoy\/wp-json\/wp\/v2\/tags?post=3228"}],"curies":[{"name":"wp","href":"https:\/\/api.w.org\/{rel}","templated":true}]}}