{"id":3238,"date":"2022-09-12T17:58:33","date_gmt":"2022-09-12T17:58:33","guid":{"rendered":"https:\/\/blogs.hoy.es\/moterosdehoy\/?p=3238"},"modified":"2023-01-05T09:59:30","modified_gmt":"2023-01-05T09:59:30","slug":"xvi-concentracion-de-motos-buitres-leonaos","status":"publish","type":"post","link":"https:\/\/blogs.hoy.es\/moterosdehoy\/2022\/09\/12\/xvi-concentracion-de-motos-buitres-leonaos\/","title":{"rendered":"XVI Concentraci\u00f3n de Motos Buitres Leonaos"},"content":{"rendered":"<h3>Del 15 al 18 de septiembre tendremos en C\u00e1ceres la d\u00e9cimo sexta concentraci\u00f3n internacional motera del moto club &#8220;<a href=\"https:\/\/buitresleonaos.com\/\" rel=\"external nofollow\">BUITRES LEONAOS<\/a>&#8220;.<\/h3>\n<p><a href=\"https:\/\/static-blogs.hoy.es\/wp-content\/uploads\/sites\/45\/2022\/09\/Buitres_2022.jpg\"><img loading=\"lazy\" class=\"alignleft size-medium wp-image-3239\" src=\"https:\/\/static-blogs.hoy.es\/wp-content\/uploads\/sites\/45\/2022\/09\/Buitres_2022-212x300.jpg\" alt=\"\" width=\"212\" height=\"300\" srcset=\"https:\/\/static-blogs.hoy.es\/wp-content\/uploads\/sites\/45\/2022\/09\/Buitres_2022-212x300.jpg 212w, https:\/\/static-blogs.hoy.es\/wp-content\/uploads\/sites\/45\/2022\/09\/Buitres_2022.jpg 724w\" sizes=\"(max-width: 212px) 100vw, 212px\" \/><\/a>Tendr\u00e1 lugar en el recinto h\u00edpico de <a href=\"https:\/\/www.ayto-caceres.es\/\" rel=\"external nofollow\">C\u00e1ceres<\/a>, y ser\u00e1 un fin de semana cargado de todos los ingredientes necesarios para tener un gran evento motero, rutas, conciertos, zona de acampada, fiesta, acceso gratuito a conciertos y espect\u00e1culos&#8230;<\/p>\n<div dir=\"auto\">Para los que vayan a pasar los cuatro d\u00edas hay una Inscripci\u00f3n voluntaria de<\/div>\n<div dir=\"auto\">35\u20ac en taquilla, aunque el acceso al recinto es gratuito.<\/div>\n<div dir=\"auto\">La inscripci\u00f3n Incluye: zona de acampada, campers y auto caravanas + 5 cervezas en recinto + cervezas en ruta + paella el viernes a medio d\u00eda + picoteo el s\u00e1bado a medio d\u00eda + cena del s\u00e1bado + desayuno del domingo + comida del domingo + camiseta + pin conmemorativos + merchandising.<\/div>\n<div dir=\"auto\">TROFEOS: Al primer y segundo grupo nacional con m\u00e1s inscritos, al grupo internacional con m\u00e1s inscritos, al motero m\u00e1s lejano inscrito, al motero m\u00e1s longevo inscrito, al motero m\u00e1s joven inscrito.<\/div>\n<div dir=\"auto\">En el <a href=\"https:\/\/www.facebook.com\/BuitresLeonaos\" rel=\"external nofollow\">Facebook de los Buitres<\/a> ten\u00e9is disponibles todos los horarios de la muchas actividades que tendr\u00e1n durante el fin de semana. Entre lo que cabe destacar el concierto de <a href=\"https:\/\/www.facebook.com\/RosiesInHell\/\" rel=\"external nofollow\">Rosie&#8217;s in Hell<\/a>, tributo de AC\/DC en el que todas sus integrantes son chicas, que tendr\u00e1 lugar el viernes sobre las 22h. La ruta matutina del s\u00e1bado, que suele ser bar\u00edtima por ciudad. El concierto de Los Rebeldes, el s\u00e1bado sobre las 00:30h. La ruta matutina del domingo, que en esta ocasi\u00f3n ser\u00e1 a Arroyo de la Luz.<\/div>\n<div dir=\"auto\">\u00bfTe lo vas a perder?<\/div>\n<div dir=\"auto\">Saludos y r\u00e1fagas.<\/div>\n<!-- AddThis Advanced Settings generic via filter on the_content --><!-- AddThis Share Buttons generic via filter on the_content -->","protected":false},"excerpt":{"rendered":"<p>Del 15 al 18 de septiembre tendremos en C\u00e1ceres la d\u00e9cimo sexta concentraci\u00f3n internacional motera del moto club &#8220;BUITRES LEONAOS&#8220;. Tendr\u00e1 lugar en el recinto h\u00edpico de C\u00e1ceres, y ser\u00e1 un fin de semana cargado de todos los ingredientes necesarios para tener un gran evento motero, rutas, conciertos, zona de acampada, fiesta, acceso gratuito a [&hellip;]<!-- AddThis Advanced Settings generic via filter on get_the_excerpt --><!-- AddThis Share Buttons generic via filter on get_the_excerpt --><\/p>\n","protected":false},"author":49,"featured_media":0,"comment_status":"open","ping_status":"closed","sticky":false,"template":"","format":"standard","meta":[],"categories":[13,1],"tags":[120,126,622,1490],"_links":{"self":[{"href":"https:\/\/blogs.hoy.es\/moterosdehoy\/wp-json\/wp\/v2\/posts\/3238"}],"collection":[{"href":"https:\/\/blogs.hoy.es\/moterosdehoy\/wp-json\/wp\/v2\/posts"}],"about":[{"href":"https:\/\/blogs.hoy.es\/moterosdehoy\/wp-json\/wp\/v2\/types\/post"}],"author":[{"embeddable":true,"href":"https:\/\/blogs.hoy.es\/moterosdehoy\/wp-json\/wp\/v2\/users\/49"}],"replies":[{"embeddable":true,"href":"https:\/\/blogs.hoy.es\/moterosdehoy\/wp-json\/wp\/v2\/comments?post=3238"}],"version-history":[{"count":1,"href":"https:\/\/blogs.hoy.es\/moterosdehoy\/wp-json\/wp\/v2\/posts\/3238\/revisions"}],"predecessor-version":[{"id":3240,"href":"https:\/\/blogs.hoy.es\/moterosdehoy\/wp-json\/wp\/v2\/posts\/3238\/revisions\/3240"}],"wp:attachment":[{"href":"https:\/\/blogs.hoy.es\/moterosdehoy\/wp-json\/wp\/v2\/media?parent=3238"}],"wp:term":[{"taxonomy":"category","embeddable":true,"href":"https:\/\/blogs.hoy.es\/moterosdehoy\/wp-json\/wp\/v2\/categories?post=3238"},{"taxonomy":"post_tag","embeddable":true,"href":"https:\/\/blogs.hoy.es\/moterosdehoy\/wp-json\/wp\/v2\/tags?post=3238"}],"curies":[{"name":"wp","href":"https:\/\/api.w.org\/{rel}","templated":true}]}}