{"id":3241,"date":"2022-09-12T18:47:02","date_gmt":"2022-09-12T18:47:02","guid":{"rendered":"https:\/\/blogs.hoy.es\/moterosdehoy\/?p=3241"},"modified":"2023-01-05T09:59:37","modified_gmt":"2023-01-05T09:59:37","slug":"decima-reunion-motera-en-navalvillar-de-pela","status":"publish","type":"post","link":"https:\/\/blogs.hoy.es\/moterosdehoy\/2022\/09\/12\/decima-reunion-motera-en-navalvillar-de-pela\/","title":{"rendered":"D\u00e9cima reuni\u00f3n motera en Navalvillar de Pela"},"content":{"rendered":"<p>El domingo 18 de septiembre, la pe\u00f1a motera &#8220;<a href=\"https:\/\/www.facebook.com\/www.elpistonbellotero.es\" rel=\"external nofollow\">El pist\u00f3n bellotero<\/a>&#8220;, nos ha organizado su d\u00e9cima reuni\u00f3n motera, y como en ediciones anteriores tendr\u00e1 lugar en su localidad &#8220;<a href=\"https:\/\/es.wikipedia.org\/wiki\/Navalvillar_de_Pela\" rel=\"external nofollow\">Navalvillar de Pela<\/a>&#8221; (Badajoz).<\/p>\n<p><a href=\"https:\/\/static-blogs.hoy.es\/wp-content\/uploads\/sites\/45\/2022\/09\/El-piston-bellotero-2022.jpg\"><img loading=\"lazy\" class=\"alignleft size-medium wp-image-3242\" src=\"https:\/\/static-blogs.hoy.es\/wp-content\/uploads\/sites\/45\/2022\/09\/El-piston-bellotero-2022-213x300.jpg\" alt=\"\" width=\"213\" height=\"300\" srcset=\"https:\/\/static-blogs.hoy.es\/wp-content\/uploads\/sites\/45\/2022\/09\/El-piston-bellotero-2022-213x300.jpg 213w, https:\/\/static-blogs.hoy.es\/wp-content\/uploads\/sites\/45\/2022\/09\/El-piston-bellotero-2022-768x1081.jpg 768w, https:\/\/static-blogs.hoy.es\/wp-content\/uploads\/sites\/45\/2022\/09\/El-piston-bellotero-2022-728x1024.jpg 728w, https:\/\/static-blogs.hoy.es\/wp-content\/uploads\/sites\/45\/2022\/09\/El-piston-bellotero-2022.jpg 1137w\" sizes=\"(max-width: 213px) 100vw, 213px\" \/><\/a>Un gran domingo entre amigos, en el que no puede faltar ruta motera, fiesta, buen ambiente&#8230; y adem\u00e1s parece que tras una semana de esa esperada lluvia, el fin de semana dispondremos de buen tiempo, lo que incitar\u00e1 a sacar la moto.<\/p>\n<p>De 10 a 11 horas tendr\u00e1n disponibles las inscripciones en la Plaza del Emigrante (Parque), que con 15 euros te dar\u00e1 derecho a dos consumiciones en ruta, comida, y camiseta para los primeros 150 inscritos.<\/p>\n<p>En \u00e9sta ocasi\u00f3n ha coincidido con la concentraci\u00f3n &#8220;<a href=\"https:\/\/blogs.hoy.es\/moterosdehoy\/2022\/09\/12\/xvi-concentracion-de-motos-buitres-leonaos\/\">Buitres Leonaos de C\u00e1ceres<\/a>&#8221; que es m\u00e1s larga, llegando del jueves 15, al domingo 18; pero Extremadura es muy grande y hay muchos moteros, por lo que seguro que en ambas habr\u00e1 buen ambiente motero y se podr\u00e1 disfrutar de las motos y la amistad.<\/p>\n<p>Saludos y r\u00e1fagas.<\/p>\n<!-- AddThis Advanced Settings generic via filter on the_content --><!-- AddThis Share Buttons generic via filter on the_content -->","protected":false},"excerpt":{"rendered":"<p>El domingo 18 de septiembre, la pe\u00f1a motera &#8220;El pist\u00f3n bellotero&#8220;, nos ha organizado su d\u00e9cima reuni\u00f3n motera, y como en ediciones anteriores tendr\u00e1 lugar en su localidad &#8220;Navalvillar de Pela&#8221; (Badajoz). Un gran domingo entre amigos, en el que no puede faltar ruta motera, fiesta, buen ambiente&#8230; y adem\u00e1s parece que tras una semana [&hellip;]<!-- AddThis Advanced Settings generic via filter on get_the_excerpt --><!-- AddThis Share Buttons generic via filter on get_the_excerpt --><\/p>\n","protected":false},"author":49,"featured_media":0,"comment_status":"open","ping_status":"closed","sticky":false,"template":"","format":"standard","meta":[],"categories":[13,1],"tags":[363,622,735],"_links":{"self":[{"href":"https:\/\/blogs.hoy.es\/moterosdehoy\/wp-json\/wp\/v2\/posts\/3241"}],"collection":[{"href":"https:\/\/blogs.hoy.es\/moterosdehoy\/wp-json\/wp\/v2\/posts"}],"about":[{"href":"https:\/\/blogs.hoy.es\/moterosdehoy\/wp-json\/wp\/v2\/types\/post"}],"author":[{"embeddable":true,"href":"https:\/\/blogs.hoy.es\/moterosdehoy\/wp-json\/wp\/v2\/users\/49"}],"replies":[{"embeddable":true,"href":"https:\/\/blogs.hoy.es\/moterosdehoy\/wp-json\/wp\/v2\/comments?post=3241"}],"version-history":[{"count":1,"href":"https:\/\/blogs.hoy.es\/moterosdehoy\/wp-json\/wp\/v2\/posts\/3241\/revisions"}],"predecessor-version":[{"id":3243,"href":"https:\/\/blogs.hoy.es\/moterosdehoy\/wp-json\/wp\/v2\/posts\/3241\/revisions\/3243"}],"wp:attachment":[{"href":"https:\/\/blogs.hoy.es\/moterosdehoy\/wp-json\/wp\/v2\/media?parent=3241"}],"wp:term":[{"taxonomy":"category","embeddable":true,"href":"https:\/\/blogs.hoy.es\/moterosdehoy\/wp-json\/wp\/v2\/categories?post=3241"},{"taxonomy":"post_tag","embeddable":true,"href":"https:\/\/blogs.hoy.es\/moterosdehoy\/wp-json\/wp\/v2\/tags?post=3241"}],"curies":[{"name":"wp","href":"https:\/\/api.w.org\/{rel}","templated":true}]}}