{"id":3245,"date":"2022-09-19T21:55:51","date_gmt":"2022-09-19T21:55:51","guid":{"rendered":"https:\/\/blogs.hoy.es\/moterosdehoy\/?p=3245"},"modified":"2023-01-05T09:59:43","modified_gmt":"2023-01-05T09:59:43","slug":"eventos-moteros-del-24-y-25-de-septiembre-en-extremadura","status":"publish","type":"post","link":"https:\/\/blogs.hoy.es\/moterosdehoy\/2022\/09\/19\/eventos-moteros-del-24-y-25-de-septiembre-en-extremadura\/","title":{"rendered":"Eventos moteros del 24 y 25 de septiembre en Extremadura"},"content":{"rendered":"<p>Tras un fin de semana largo cargado de fiesta, rutas y motos, de la mano del moto club Buitres Leonaos, de C\u00e1ceres, tenemos unos d\u00edas para descansar y pasar la resaca, pero se avecina un fin de semana cargado de eventos moteros. Por un lado puede parecer un poco de lio, pero por otro est\u00e1n muy repartidos, y hay para todos los gustos.<\/p>\n<p>Por comenzar por alguna, el d\u00eda 25 de septiembre tenemos una movilizaci\u00f3n reivindicativa por la plataforma <a href=\"https:\/\/seguridadmotociclistas.org\/\" rel=\"external nofollow\">IMU<\/a> (Uni\u00f3n Internacional para la Defensa de los Motociclistas), es a nivel nacional y tendr\u00e1 lugar en 17 ciudades. Con manifestaci\u00f3n en: A Coru\u00f1a, Barcelona, Bilbao, Ceuta, Donostia, Gij\u00f3n, Ja\u00e9n, Le\u00f3n, Madrid, <a href=\"https:\/\/es.wikipedia.org\/wiki\/M%C3%A9rida_(Espa%C3%B1a)\" rel=\"external nofollow\">M\u00e9rida<\/a>, Palma, Pamplona, Salamanca, Toledo, Valencia y Vigo. Y reuni\u00f3n en Santander, dado que all\u00ed no han permitido la manifestaci\u00f3n.<\/p>\n<p>Seguro que en \u00e9sta semana se sumar\u00e1 alg\u00fan punto m\u00e1s, de momento en <a href=\"https:\/\/es.wikipedia.org\/wiki\/Extremadura\" rel=\"external nofollow\">Extremadura<\/a> contamos con manifestaci\u00f3n en M\u00e9rida.<\/p>\n<p><a href=\"https:\/\/static-blogs.hoy.es\/wp-content\/uploads\/sites\/45\/2022\/09\/Cartel-2022.jpg\"><img loading=\"lazy\" class=\"alignleft size-medium wp-image-3246\" src=\"https:\/\/static-blogs.hoy.es\/wp-content\/uploads\/sites\/45\/2022\/09\/Cartel-2022-212x300.jpg\" alt=\"\" width=\"212\" height=\"300\" srcset=\"https:\/\/static-blogs.hoy.es\/wp-content\/uploads\/sites\/45\/2022\/09\/Cartel-2022-212x300.jpg 212w, https:\/\/static-blogs.hoy.es\/wp-content\/uploads\/sites\/45\/2022\/09\/Cartel-2022-768x1087.jpg 768w, https:\/\/static-blogs.hoy.es\/wp-content\/uploads\/sites\/45\/2022\/09\/Cartel-2022-724x1024.jpg 724w\" sizes=\"(max-width: 212px) 100vw, 212px\" \/><\/a>El punto de encuentro ser\u00e1, como en ediciones anteriores, en el Pol\u00edgono &#8220;La Heredad&#8221; (<strong>M\u00e9rida<\/strong>), a las <strong>11:00 horas, del 25 de septiembre<\/strong>.<\/p>\n<p>11:30 h, lectura del manifiesto.<\/p>\n<p>12:00 h, salida de la manifestaci\u00f3n por la localidad de M\u00e9rida, con parada para un minuto de silencio por los motociclistas que nos acompa\u00f1ar\u00e1n desde el cielo, fotograf\u00edas para redes sociales y fin de ruta en el punto de encuentro.<\/p>\n<p>Conviene poner de manifiesto que algo falla, solo durante los meses de julio y agosto m\u00e1s de 80 motociclistas han fallecido en siniestros viales, y m\u00e1s de 200 con lesiones que les hicieron pasar por el hospital.<\/p>\n<p>Es un gran momento para olvidarse del tipo de moto, de si perteneces a un Club o eres un free biker, de si va fulano y no me cae bien. Todos nos movemos sobre las dos ruedas y nos encontramos los mismos problemas. \u00danete y reivindica tus derechos.<\/p>\n<p>Los d\u00edas <strong>24 y 25 de septiembre en Almaraz<\/strong> (C\u00e1ceres):<a href=\"https:\/\/static-blogs.hoy.es\/wp-content\/uploads\/sites\/45\/2022\/09\/PHOTO-2022-09-17-12-42-14.jpg\"><img loading=\"lazy\" class=\"alignright size-medium wp-image-3247\" src=\"https:\/\/static-blogs.hoy.es\/wp-content\/uploads\/sites\/45\/2022\/09\/PHOTO-2022-09-17-12-42-14-212x300.jpg\" alt=\"\" width=\"212\" height=\"300\" srcset=\"https:\/\/static-blogs.hoy.es\/wp-content\/uploads\/sites\/45\/2022\/09\/PHOTO-2022-09-17-12-42-14-212x300.jpg 212w, https:\/\/static-blogs.hoy.es\/wp-content\/uploads\/sites\/45\/2022\/09\/PHOTO-2022-09-17-12-42-14.jpg 452w\" sizes=\"(max-width: 212px) 100vw, 212px\" \/><\/a><\/p>\n<p>A las 8:00 h, del d\u00eda 24 dar\u00e1 comienzo la\u00a0<a href=\"https:\/\/www.facebook.com\/events\/1188805565273389\" rel=\"external nofollow\">XI Concentraci\u00f3n de motos de Almaraz<\/a>, con apertura de\u00a0inscripciones con el desayuno, una ruta por la zona, ruta de ca\u00f1as, comida, espect\u00e1culos moteros y m\u00fasica.<\/p>\n<p>Viene organizado de la mano del moto club &#8220;Moteros de Almaraz&#8221;, que por\u00a015 euros de la inscripci\u00f3n obtendr\u00e1s buen ambiente, acampada gratis en la zona de concentraci\u00f3n, tikets de consumiciones, sorteos y regalos, que deben de ser muchos pues tienen dos carteles cargados de colaboradores.<\/p>\n<p>El domingo ser\u00e1 d\u00eda de resaca, dado que la fiesta tiene anunciado finalizar casi a la hora del amanecer.<\/p>\n<p>Almaraz se encuentra a mitad de camino entre Madrid y Badajoz, por lo que hay muchos moteros de ambas ciudades que aprovechan \u00e9ste evento para pasar un fin de semana juntos.<\/p>\n<p>De nuevo otro evento de dos d\u00edas, el <strong>24 y 25 de septiembre en Trujillo<\/strong> (C\u00e1ceres):<\/p>\n<p><a href=\"https:\/\/static-blogs.hoy.es\/wp-content\/uploads\/sites\/45\/2022\/09\/Turgalium.jpg\"><img loading=\"lazy\" class=\"alignleft size-medium wp-image-3249\" src=\"https:\/\/static-blogs.hoy.es\/wp-content\/uploads\/sites\/45\/2022\/09\/Turgalium-214x300.jpg\" alt=\"\" width=\"214\" height=\"300\" srcset=\"https:\/\/static-blogs.hoy.es\/wp-content\/uploads\/sites\/45\/2022\/09\/Turgalium-214x300.jpg 214w, https:\/\/static-blogs.hoy.es\/wp-content\/uploads\/sites\/45\/2022\/09\/Turgalium-768x1078.jpg 768w, https:\/\/static-blogs.hoy.es\/wp-content\/uploads\/sites\/45\/2022\/09\/Turgalium-730x1024.jpg 730w, https:\/\/static-blogs.hoy.es\/wp-content\/uploads\/sites\/45\/2022\/09\/Turgalium.jpg 945w\" sizes=\"(max-width: 214px) 100vw, 214px\" \/><\/a>El <a href=\"https:\/\/www.facebook.com\/groups\/1058045931295638\" rel=\"external nofollow\">grupo motero Turgalium<\/a>, de Trujillo, nos organiza su XII Ruta Motera Ciudad de Trujillo.<\/p>\n<p>Este evento tiene un trasfondo solidario a favor de <a href=\"https:\/\/elaextremadura.org\/\" rel=\"external nofollow\">ELA Extremadura<\/a>, quiz\u00e1s no se consiga aporte econ\u00f3mico, pero la gran intenci\u00f3n es darle visibilidad a la enfermedad ELA (Esclerosis Lateral Amiotr\u00f3fica). Es una enfermedad neurol\u00f3gica devastadora que resulta en la degeneraci\u00f3n selectiva de neuronas motoras. Esta enfermedad letal se caracteriza por una debilidad asim\u00e9trica y progresiva, y la atrofia tanto de los m\u00fasculos de los miembros, como de los tor\u00e1cicos, abdominales y bulbares.<\/p>\n<p>Se trata de un evento con una hora de comienzo de la que no estamos acostumbrados, pues comenzar\u00e1 por la tarde del d\u00eda 24, concretamente apertura de inscripciones en el Bar Polo (Trujillo) a las 17:30h, para iniciar una ruta a las 18:30h. Seguido de cena-barbacoa en el Hotel Per\u00fa, donde habr\u00e1 una actuaci\u00f3n musical.<\/p>\n<p>El domingo comenzar\u00e1 el d\u00eda con apertura de inscripciones en la Plaza Mayor a las 10:30h, para iniciar una ruta a las 11:30h, con parada para un pincho a las 12:30h, en el bar Ruta 66, actual Sede del grupo motero Turgalium. Finalizando la ruta con comida fin de fiesta sobre las 15h, en el Hotel Per\u00fa, de Trujillo.<\/p>\n<p>Todo apunta a ser un gran fin de semana en Trujillo.<\/p>\n<p>Para finalizar, el d\u00eda <strong>25 de septiembre en Villar del Rey<\/strong> (Badajoz):<a href=\"https:\/\/static-blogs.hoy.es\/wp-content\/uploads\/sites\/45\/2022\/09\/PHOTO-2022-08-12-20-12-35.jpg\"><img loading=\"lazy\" class=\"alignright size-medium wp-image-3250\" src=\"https:\/\/static-blogs.hoy.es\/wp-content\/uploads\/sites\/45\/2022\/09\/PHOTO-2022-08-12-20-12-35-202x300.jpg\" alt=\"\" width=\"202\" height=\"300\" srcset=\"https:\/\/static-blogs.hoy.es\/wp-content\/uploads\/sites\/45\/2022\/09\/PHOTO-2022-08-12-20-12-35-202x300.jpg 202w, https:\/\/static-blogs.hoy.es\/wp-content\/uploads\/sites\/45\/2022\/09\/PHOTO-2022-08-12-20-12-35-768x1143.jpg 768w, https:\/\/static-blogs.hoy.es\/wp-content\/uploads\/sites\/45\/2022\/09\/PHOTO-2022-08-12-20-12-35-688x1024.jpg 688w, https:\/\/static-blogs.hoy.es\/wp-content\/uploads\/sites\/45\/2022\/09\/PHOTO-2022-08-12-20-12-35.jpg 1075w\" sizes=\"(max-width: 202px) 100vw, 202px\" \/><\/a><\/p>\n<p>Se trata de la &#8220;VI Quedada Motera&#8221; en recuerdo de Arturo Barroso Plata. Como en ediciones anteriores es una quedada motera de un d\u00eda, con ruta por carretera de unos 100 kms, y una segunda ruta paralela por campo, pues hay mucha afici\u00f3n al enduro en la localidad.<\/p>\n<p>Las rutas partir\u00e1n a las 11:00h, del recinto ferial de <a href=\"https:\/\/es.wikipedia.org\/wiki\/Villar_del_Rey\" rel=\"external nofollow\">Villar del Rey<\/a>, y finalizadas ambas se unir\u00e1n de nuevo en el recinto ferial, donde ser\u00e1 la comida a base de caldereta, mientras se podr\u00e1 disfrutar de buena m\u00fasica y emotivos homenajes.<\/p>\n<p>En definitiva todos los ingredientes necesarios para pasar un gran d\u00eda motero, reencontrarse con amigos, hacerlos nuevos&#8230; \u00bfTe la vas a perder?<\/p>\n<p>Cuatro eventos moteros en Extremadura durante el mismo fin de semana, dos en la provincia de C\u00e1ceres y dos en la de Badajoz. Seguro que encuentras alguno de tu gusto. Bien por cercan\u00eda, bien por afectividad. Ahora solo toca esperar que la lluvia respete el fin de semana.<\/p>\n<p>Saludos y r\u00e1fagas.<\/p>\n<!-- AddThis Advanced Settings generic via filter on the_content --><!-- AddThis Share Buttons generic via filter on the_content -->","protected":false},"excerpt":{"rendered":"<p>Tras un fin de semana largo cargado de fiesta, rutas y motos, de la mano del moto club Buitres Leonaos, de C\u00e1ceres, tenemos unos d\u00edas para descansar y pasar la resaca, pero se avecina un fin de semana cargado de eventos moteros. Por un lado puede parecer un poco de lio, pero por otro est\u00e1n [&hellip;]<!-- AddThis Advanced Settings generic via filter on get_the_excerpt --><!-- AddThis Share Buttons generic via filter on get_the_excerpt --><\/p>\n","protected":false},"author":49,"featured_media":0,"comment_status":"open","ping_status":"closed","sticky":false,"template":"","format":"standard","meta":[],"categories":[13,1],"tags":[258,1475,382,622],"_links":{"self":[{"href":"https:\/\/blogs.hoy.es\/moterosdehoy\/wp-json\/wp\/v2\/posts\/3245"}],"collection":[{"href":"https:\/\/blogs.hoy.es\/moterosdehoy\/wp-json\/wp\/v2\/posts"}],"about":[{"href":"https:\/\/blogs.hoy.es\/moterosdehoy\/wp-json\/wp\/v2\/types\/post"}],"author":[{"embeddable":true,"href":"https:\/\/blogs.hoy.es\/moterosdehoy\/wp-json\/wp\/v2\/users\/49"}],"replies":[{"embeddable":true,"href":"https:\/\/blogs.hoy.es\/moterosdehoy\/wp-json\/wp\/v2\/comments?post=3245"}],"version-history":[{"count":4,"href":"https:\/\/blogs.hoy.es\/moterosdehoy\/wp-json\/wp\/v2\/posts\/3245\/revisions"}],"predecessor-version":[{"id":3253,"href":"https:\/\/blogs.hoy.es\/moterosdehoy\/wp-json\/wp\/v2\/posts\/3245\/revisions\/3253"}],"wp:attachment":[{"href":"https:\/\/blogs.hoy.es\/moterosdehoy\/wp-json\/wp\/v2\/media?parent=3245"}],"wp:term":[{"taxonomy":"category","embeddable":true,"href":"https:\/\/blogs.hoy.es\/moterosdehoy\/wp-json\/wp\/v2\/categories?post=3245"},{"taxonomy":"post_tag","embeddable":true,"href":"https:\/\/blogs.hoy.es\/moterosdehoy\/wp-json\/wp\/v2\/tags?post=3245"}],"curies":[{"name":"wp","href":"https:\/\/api.w.org\/{rel}","templated":true}]}}