{"id":3255,"date":"2022-09-29T21:37:12","date_gmt":"2022-09-29T21:37:12","guid":{"rendered":"https:\/\/blogs.hoy.es\/moterosdehoy\/?p=3255"},"modified":"2023-01-05T09:59:50","modified_gmt":"2023-01-05T09:59:50","slug":"ii-ruta-motera-refugio-badajoz","status":"publish","type":"post","link":"https:\/\/blogs.hoy.es\/moterosdehoy\/2022\/09\/29\/ii-ruta-motera-refugio-badajoz\/","title":{"rendered":"II Ruta Motera Refugio, Badajoz"},"content":{"rendered":"<h3>En todas las ciudades hay locales moteros, y en el caso de Badajoz ya lleva una d\u00e9cada EL PUB REFUGIO.<\/h3>\n<p>Son muchas las andaduras, historias que contar, cosas que mejor dejarlas en el tintero, pero son vivencias, y esas vivencias seguir\u00e1n adelante pues &#8220;el refu&#8221; es mucho refu, y Estefi, su gerente, tiene cuerda para rato. Este domingo tenemos la &#8220;II Ruta Motera Refugio&#8221;.<\/p>\n<p><a href=\"https:\/\/static-blogs.hoy.es\/wp-content\/uploads\/sites\/45\/2022\/09\/Ruta-el-Refugio.jpg\"><img loading=\"lazy\" class=\"alignleft size-medium wp-image-3257\" src=\"https:\/\/static-blogs.hoy.es\/wp-content\/uploads\/sites\/45\/2022\/09\/Ruta-el-Refugio-213x300.jpg\" alt=\"\" width=\"213\" height=\"300\" srcset=\"https:\/\/static-blogs.hoy.es\/wp-content\/uploads\/sites\/45\/2022\/09\/Ruta-el-Refugio-213x300.jpg 213w, https:\/\/static-blogs.hoy.es\/wp-content\/uploads\/sites\/45\/2022\/09\/Ruta-el-Refugio-768x1080.jpg 768w, https:\/\/static-blogs.hoy.es\/wp-content\/uploads\/sites\/45\/2022\/09\/Ruta-el-Refugio-728x1024.jpg 728w, https:\/\/static-blogs.hoy.es\/wp-content\/uploads\/sites\/45\/2022\/09\/Ruta-el-Refugio.jpg 910w\" sizes=\"(max-width: 213px) 100vw, 213px\" \/><\/a>Tras el \u00e9xito de la primera ruta el a\u00f1o pasado &#8220;arrancamos que nos vamos&#8221;.<\/p>\n<p>El punto de encuentro ser\u00e1 en el parque de San Fernando, en <a href=\"https:\/\/es.wikipedia.org\/wiki\/Badajoz\" rel=\"external nofollow\">Badajoz<\/a>, concretamente en otro establecimiento con referencia motera, el bar &#8220;Andrea&#8217;s Tapas&#8221;. Donde &#8220;Fran&#8221; y su equipo estar\u00e1 esperando desde las 9:50 horas para aportarnos unas migas, e iniciar con fuerza una ruta sobre las 10:50h. Ruta de unos 65 kil\u00f3metros hasta parar en la gasolinera Galp de Montijo (EX-328) donde se realizar\u00e1 una parada y continuar hasta el Pub Refugio.<\/p>\n<p>La previsi\u00f3n de hora al Pub Refugio es sobre las 13:30 h, que depender\u00e1 del tr\u00e1fico, del tipo de motos que prevalezca en la ruta, del tiempo, de las ganas de llegar&#8230; all\u00ed con una inscripci\u00f3n de 5\u20ac, la cual ya est\u00e1 a la venta en el propio Pub Refugio, y ese d\u00eda se podr\u00e1 sacar durante la salida, parada, o en el mismo Pub Refugio, se obtendr\u00e1 una chapa del evento, una consumici\u00f3n, acceso a sorteos, comida, buen ambiente, buena m\u00fasica&#8230;<\/p>\n<p>\u00bfTe lo vas a perder? Nos vemos en el Refu.<\/p>\n<p>Saludos y r\u00e1fagas.<\/p>\n<!-- AddThis Advanced Settings generic via filter on the_content --><!-- AddThis Share Buttons generic via filter on the_content -->","protected":false},"excerpt":{"rendered":"<p>En todas las ciudades hay locales moteros, y en el caso de Badajoz ya lleva una d\u00e9cada EL PUB REFUGIO. Son muchas las andaduras, historias que contar, cosas que mejor dejarlas en el tintero, pero son vivencias, y esas vivencias seguir\u00e1n adelante pues &#8220;el refu&#8221; es mucho refu, y Estefi, su gerente, tiene cuerda para [&hellip;]<!-- AddThis Advanced Settings generic via filter on get_the_excerpt --><!-- AddThis Share Buttons generic via filter on get_the_excerpt --><\/p>\n","protected":false},"author":49,"featured_media":0,"comment_status":"open","ping_status":"closed","sticky":false,"template":"","format":"standard","meta":[],"categories":[13,1],"tags":[87,622,1293,1241],"_links":{"self":[{"href":"https:\/\/blogs.hoy.es\/moterosdehoy\/wp-json\/wp\/v2\/posts\/3255"}],"collection":[{"href":"https:\/\/blogs.hoy.es\/moterosdehoy\/wp-json\/wp\/v2\/posts"}],"about":[{"href":"https:\/\/blogs.hoy.es\/moterosdehoy\/wp-json\/wp\/v2\/types\/post"}],"author":[{"embeddable":true,"href":"https:\/\/blogs.hoy.es\/moterosdehoy\/wp-json\/wp\/v2\/users\/49"}],"replies":[{"embeddable":true,"href":"https:\/\/blogs.hoy.es\/moterosdehoy\/wp-json\/wp\/v2\/comments?post=3255"}],"version-history":[{"count":3,"href":"https:\/\/blogs.hoy.es\/moterosdehoy\/wp-json\/wp\/v2\/posts\/3255\/revisions"}],"predecessor-version":[{"id":3260,"href":"https:\/\/blogs.hoy.es\/moterosdehoy\/wp-json\/wp\/v2\/posts\/3255\/revisions\/3260"}],"wp:attachment":[{"href":"https:\/\/blogs.hoy.es\/moterosdehoy\/wp-json\/wp\/v2\/media?parent=3255"}],"wp:term":[{"taxonomy":"category","embeddable":true,"href":"https:\/\/blogs.hoy.es\/moterosdehoy\/wp-json\/wp\/v2\/categories?post=3255"},{"taxonomy":"post_tag","embeddable":true,"href":"https:\/\/blogs.hoy.es\/moterosdehoy\/wp-json\/wp\/v2\/tags?post=3255"}],"curies":[{"name":"wp","href":"https:\/\/api.w.org\/{rel}","templated":true}]}}