{"id":3262,"date":"2022-10-03T20:22:39","date_gmt":"2022-10-03T20:22:39","guid":{"rendered":"https:\/\/blogs.hoy.es\/moterosdehoy\/?p=3262"},"modified":"2023-01-05T10:00:06","modified_gmt":"2023-01-05T10:00:06","slug":"4o-festival-motero-callejeando-food-fest-en-badajoz","status":"publish","type":"post","link":"https:\/\/blogs.hoy.es\/moterosdehoy\/2022\/10\/03\/4o-festival-motero-callejeando-food-fest-en-badajoz\/","title":{"rendered":"4\u00ba Festival motero Callejeando Food Fest en Badajoz"},"content":{"rendered":"<p>Vamos a por la cuarta edici\u00f3n del Festival Callejeando Food Fest en <a href=\"https:\/\/www.aytobadajoz.es\/es\/ayto\/portada\" rel=\"external nofollow\">Badajoz<\/a>. En esta ocasi\u00f3n tendr\u00e1 lugar del viernes d\u00eda 7, al domingo 9 de octubre de 2022, y como en ediciones anteriores para finalizar lo har\u00e1 con una concentraci\u00f3n motera.<\/p>\n<p>Callejeando Food Fest, son varios d\u00edas con actuaciones musicales, danza, juegos, y diversas actividades para disfrutar del Auditorio Municipal Ricardo Carapeto, como no, rodeado de veh\u00edculos <a href=\"https:\/\/www.google.com\/search?q=food+truck&amp;rlz=1C1GCEA_enES994ES994&amp;sxsrf=ALiCzsZM7LUXAsGboif04OeUECKmvA3oug:1664828464173&amp;source=lnms&amp;tbm=isch&amp;sa=X&amp;ved=2ahUKEwjR39-p8cT6AhVb_rsIHVuHAPcQ_AUoAXoECAIQAw&amp;biw=1366&amp;bih=657&amp;dpr=1\">Food Truck<\/a>, cada uno de ellos especializado en un tipo de comida, hamburguesas, perritos calientes, burritos,\u00a0 gofres, pizzas&#8230; hay para todos los gustos. La entrada es libre, por lo que como en ediciones anteriores ser\u00e1n muchos los curiosos que acudan a la cita.<\/p>\n<p><a href=\"https:\/\/static-blogs.hoy.es\/wp-content\/uploads\/sites\/45\/2022\/10\/Callejeando-Food-Fest-Badajoz_.jpg\"><img loading=\"lazy\" class=\"alignleft size-medium wp-image-3263\" src=\"https:\/\/static-blogs.hoy.es\/wp-content\/uploads\/sites\/45\/2022\/10\/Callejeando-Food-Fest-Badajoz_-212x300.jpg\" alt=\"\" width=\"212\" height=\"300\" srcset=\"https:\/\/static-blogs.hoy.es\/wp-content\/uploads\/sites\/45\/2022\/10\/Callejeando-Food-Fest-Badajoz_-212x300.jpg 212w, https:\/\/static-blogs.hoy.es\/wp-content\/uploads\/sites\/45\/2022\/10\/Callejeando-Food-Fest-Badajoz_-768x1086.jpg 768w, https:\/\/static-blogs.hoy.es\/wp-content\/uploads\/sites\/45\/2022\/10\/Callejeando-Food-Fest-Badajoz_-724x1024.jpg 724w, https:\/\/static-blogs.hoy.es\/wp-content\/uploads\/sites\/45\/2022\/10\/Callejeando-Food-Fest-Badajoz_.jpg 1131w\" sizes=\"(max-width: 212px) 100vw, 212px\" \/><\/a>El domingo 9 de octubre realizaremos una ruta motera, para finalizar en el Auditorio Municipal y disfrutar del Callejando Food Fest.<\/p>\n<p>El punto de encuentro ser\u00e1 en el Parque de San Fernando, bar Andrea&#8217;s Tapas, desde las 9:45 horas.<\/p>\n<p>A las 10:45h, comenzar\u00e1 una ruta por la Presa Pe\u00f1a del \u00c1guila, de Villar del Rey, llegando hasta Alburquerque y realizando una parada en Valdebotoa, en el Bar Benito.<\/p>\n<p>12:50h, reanudar\u00e1 la ruta para finalizar en el Auditorio Municipal Ricardo Carapeto, de Badajoz, donde llegaremos sobre las 13:10h.<\/p>\n<p>A las 14:00h, comida, amenizado con un concierto y sorteos, para finalizar el evento a las 16:00h.<\/p>\n<p>En el cartel de esta edici\u00f3n se puede observar una fotograf\u00eda de grupo de la edici\u00f3n del a\u00f1o pasado. Junto a la zona donde se estacionar\u00e1n las motos se instalar\u00e1 un peque\u00f1o stand, con venta de art\u00edculos de la Asociaci\u00f3n Moteros de Hoy, y habr\u00e1n parches para dar visibilidad a <a href=\"https:\/\/elaextremadura.org\/\" rel=\"external nofollow\">ELA Extremadura<\/a>, pues varios grupos moteros se han unido para apoyarles y darles visibilidad.<\/p>\n<p>Que no te lo cuenten, pasa y disfruta de buen ambiente, y por supuesto a probar la comida de los Food Truck.<\/p>\n<p>Saludos y r\u00e1fagas.<\/p>\n<!-- AddThis Advanced Settings generic via filter on the_content --><!-- AddThis Share Buttons generic via filter on the_content -->","protected":false},"excerpt":{"rendered":"<p>Vamos a por la cuarta edici\u00f3n del Festival Callejeando Food Fest en Badajoz. En esta ocasi\u00f3n tendr\u00e1 lugar del viernes d\u00eda 7, al domingo 9 de octubre de 2022, y como en ediciones anteriores para finalizar lo har\u00e1 con una concentraci\u00f3n motera. Callejeando Food Fest, son varios d\u00edas con actuaciones musicales, danza, juegos, y diversas [&hellip;]<!-- AddThis Advanced Settings generic via filter on get_the_excerpt --><!-- AddThis Share Buttons generic via filter on get_the_excerpt --><\/p>\n","protected":false},"author":49,"featured_media":0,"comment_status":"open","ping_status":"closed","sticky":false,"template":"","format":"standard","meta":[],"categories":[13,1],"tags":[82,1382,1383,1491,1240,622],"_links":{"self":[{"href":"https:\/\/blogs.hoy.es\/moterosdehoy\/wp-json\/wp\/v2\/posts\/3262"}],"collection":[{"href":"https:\/\/blogs.hoy.es\/moterosdehoy\/wp-json\/wp\/v2\/posts"}],"about":[{"href":"https:\/\/blogs.hoy.es\/moterosdehoy\/wp-json\/wp\/v2\/types\/post"}],"author":[{"embeddable":true,"href":"https:\/\/blogs.hoy.es\/moterosdehoy\/wp-json\/wp\/v2\/users\/49"}],"replies":[{"embeddable":true,"href":"https:\/\/blogs.hoy.es\/moterosdehoy\/wp-json\/wp\/v2\/comments?post=3262"}],"version-history":[{"count":2,"href":"https:\/\/blogs.hoy.es\/moterosdehoy\/wp-json\/wp\/v2\/posts\/3262\/revisions"}],"predecessor-version":[{"id":3265,"href":"https:\/\/blogs.hoy.es\/moterosdehoy\/wp-json\/wp\/v2\/posts\/3262\/revisions\/3265"}],"wp:attachment":[{"href":"https:\/\/blogs.hoy.es\/moterosdehoy\/wp-json\/wp\/v2\/media?parent=3262"}],"wp:term":[{"taxonomy":"category","embeddable":true,"href":"https:\/\/blogs.hoy.es\/moterosdehoy\/wp-json\/wp\/v2\/categories?post=3262"},{"taxonomy":"post_tag","embeddable":true,"href":"https:\/\/blogs.hoy.es\/moterosdehoy\/wp-json\/wp\/v2\/tags?post=3262"}],"curies":[{"name":"wp","href":"https:\/\/api.w.org\/{rel}","templated":true}]}}