{"id":327,"date":"2012-09-05T18:36:51","date_gmt":"2012-09-05T18:36:51","guid":{"rendered":"http:\/\/blogs.hoy.es\/moterosdehoy\/?p=327"},"modified":"2012-09-05T18:36:51","modified_gmt":"2012-09-05T18:36:51","slug":"vi-concentracion-buitres-leonaos-caceres","status":"publish","type":"post","link":"https:\/\/blogs.hoy.es\/moterosdehoy\/2012\/09\/05\/vi-concentracion-buitres-leonaos-caceres\/","title":{"rendered":"VI Concentraci\u00f3n Buitres Leonaos, C\u00e1ceres"},"content":{"rendered":"<p style=\"text-align: justify;\">\u00a0 De la mano del <strong><a title=\"Motoclub \"Buitres Leonaos\"\" href=\"http:\/\/www.buitresleonaos.com\/\" target=\"_blank\" rel=\"external nofollow\">motoclub \u201cBuitres Leonaos\u201d<\/a><\/strong> los pr\u00f3ximos <strong>d\u00edas 21, 22 y 23 de septiembre<\/strong> se celebrar\u00e1 su <strong>X aniversario<\/strong> y para ello organizan en C\u00e1ceres en\u00a0 la <strong>VI Concentraci\u00f3n Internacional<\/strong>.<\/p>\n<div class=\"mceTemp\" style=\"text-align: justify;\">\n<dl id=\"attachment_328\" class=\"wp-caption alignright\" style=\"width: 221px;\">\n<dt class=\"wp-caption-dt\"><a href=\"\/moterosdehoy\/wp-content\/uploads\/sites\/45\/2012\/09\/Cartel-VI-Concentraci\u00f3n-Buitres-Leonaos.jpg\"><img loading=\"lazy\" class=\"size-medium wp-image-328\" title=\"Cartel VI Concentraci\u00f3n Buitres Leonaos\" src=\"\/moterosdehoy\/wp-content\/uploads\/sites\/45\/2012\/09\/Cartel-VI-Concentraci\u00f3n-Buitres-Leonaos.jpg\" alt=\"\" width=\"211\" height=\"300\" srcset=\"https:\/\/static-blogs.hoy.es\/wp-content\/uploads\/sites\/45\/2012\/09\/Cartel-VI-Concentraci\u00f3n-Buitres-Leonaos.jpg 600w, https:\/\/static-blogs.hoy.es\/wp-content\/uploads\/sites\/45\/2012\/09\/Cartel-VI-Concentraci\u00f3n-Buitres-Leonaos-212x300.jpg 212w\" sizes=\"(max-width: 211px) 100vw, 211px\" \/><\/a><\/dt>\n<dd class=\"wp-caption-dd\">Cartel concentraci\u00f3n motera.<\/dd>\n<\/dl>\n<\/div>\n<p style=\"text-align: justify;\">\u00a0 \u00a0 El lugar de encuentro ser\u00e1 en el <a href=\"http:\/\/callejero.interbusca.com\/CACERES\/CACERES\/Parkea-parque+el+cuartillo-1.html\" target=\"_blank\" rel=\"external nofollow\"><strong>Parque del Cuartillo<\/strong><\/a>, contando con zona de acampada en c\u00e9sped, recinto vigilado, rutas, conciertos, tatoos, show er\u00f3tico, mercadillo, barbacoa, servicio de bar 24 horas, regalos y fiesta, muuuucha fiesta.<\/p>\n<p style=\"text-align: justify;\">\u00a0 \u00a0El programa previsto es:<\/p>\n<p style=\"text-align: justify;\"><span style=\"text-decoration: underline;\"><strong>VIERNES 21<\/strong><\/span><br \/>\n17:OO h. Apertura de inscripciones.<br \/>\n18:0O h. Rutas por las arterias de la ciudad, se organizar\u00e1n en grupos reducidos con la finalidad de ubicar a los que vengan de fuera y no conozcan la ciudad.<\/p>\n<p style=\"text-align: justify;\">Por la noche en el recinto de la concentraci\u00f3n y comenzada la fiesta habr\u00e1 concierto por los grupos <strong>&#8220;<a title=\"El malo del cuento\" href=\"http:\/\/www.elmalodelcuento.net\/\" target=\"_blank\" rel=\"external nofollow\">El malo del cuento<\/a>&#8221; y &#8220;Free Music&#8221;<\/strong>, ambos grupos son de C\u00e1ceres.<\/p>\n<p><span style=\"text-decoration: underline;\"><strong>SABADO 22<\/strong><\/span><br \/>\n10:00 h. Diana.<br \/>\n11:00 h. Rutas por la ciudad y refrigerio en <a title=\"Pub Kelly,s\" href=\"http:\/\/www.decaceres.es\/empresas\/kellysirishpub\" target=\"_blank\" rel=\"external nofollow\">Pub Kelly&#8217;s<\/a><br \/>\n15:00 h. Comida, consistente en sardinada en el recinto de la concentraci\u00f3n y degustaci\u00f3n de productos t\u00edpicos de la zona.<br \/>\n17:00 h. Juegos y concurso (Tatoos, Tira soga&#8230;)<br \/>\n20:30 h. Cena, barbacoa al estilo argentino.<br \/>\n22:30 h. Homenaje a los compa\u00f1eros\u00a0ca\u00eddos.<\/p>\n<p>Posteriormente fiesta con la actuaci\u00f3n de los grupos<strong> &#8220;<a title=\"Tennesse\" href=\"http:\/\/www.mformacion.com\/tennessee\/\" target=\"_blank\" rel=\"external nofollow\">Tennessee<\/a>&#8221; y &#8220;Free Music&#8221;<\/strong>, adem\u00e1s habr\u00e1 <strong>Striptease de &#8220;Anita BomBom&#8221;<\/strong><\/p>\n<p><span style=\"text-decoration: underline;\"><strong>DOMINGO 23<\/strong><\/span><br \/>\n10:00 h. Desayuno.<!--more--><br \/>\n11:00 h. Ruta a &#8220;<a title=\"Rinc\u00f3n de Ballesteros\" href=\"http:\/\/es.wikipedia.org\/wiki\/Rinc%C3%B3n_de_Ballesteros\" target=\"_blank\" rel=\"external nofollow\">Rinc\u00f3n de Ballesteros<\/a>&#8221; donde se tomar\u00e1 un refrigerio y de vuelta a la zona de la concentraci\u00f3n.<br \/>\n15:00 h. Comida, consistente en una gran <strong>PAELLADA<\/strong>.<br \/>\n15:30 h. Entrega de trofeos y regalos.<br \/>\n16:30 h. Clausura de la concentraci\u00f3n.<\/p>\n<p style=\"text-align: justify;\">\u00a0 \u00a0El precio de las inscripciones es de\u00a0<strong>30 euros<\/strong>\u00a0para todo el fin de semana,\u00a0<strong>25 en venta anticipada<\/strong>\u00a0on-line, y\u00a0<strong>15 euros si es solo para el domingo<\/strong>.<\/p>\n<p style=\"text-align: justify;\">\u00a0 \u00a0El motoclub \u201cBuitres Leonaos\u201d se fund\u00f3 en el a\u00f1o 2002 por cinco aficionados a las motos custom, siendo ahora m\u00e1s de 20 miembros.<\/p>\n<p style=\"text-align: justify;\">\u00a0 \u00a0Adem\u00e1s de organizar rutas y concentraciones, tienen <a title=\"Participaci\u00f3n social de los Buitres Leonaos\" href=\"http:\/\/participacion.ayto-caceres.es\/asociacion\/moto-club-buitres-leonaos\" target=\"_blank\" rel=\"external nofollow\">actividades sociales<\/a>. Participan con la Hermandad de Donantes de Sangre y con eventos del Ayuntamiento. Con motivo del terremoto de Hait\u00ed realizaron una marcha motera solidaria con la que consiguieron recaudar m\u00e1s de 2.200 euros.<\/p>\n<p style=\"text-align: justify;\">\u00a0 \u00a0 El a\u00f1o pasado la concentraci\u00f3n transcurri\u00f3 con un<strong> buen ambiente fiestero y de camarader\u00eda<\/strong>, y lo mejor sin sustos, aunque hubo alg\u00fan descontento con la ruta del domingo, pues tuvo muy buen comienzo, con personal del motoclub en los cruces se\u00f1alizando su trayectoria, pero el regreso al punto de concentraci\u00f3n cada cual lo hac\u00eda a su antojo, dando lugar a algunos moteros perdidos.<\/p>\n<p style=\"text-align: justify;\"><strong>\u00a0 \u00a0 \u00a0Saludos y r\u00e1fagas.<\/strong><\/p>\n<!-- AddThis Advanced Settings generic via filter on the_content --><!-- AddThis Share Buttons generic via filter on the_content -->","protected":false},"excerpt":{"rendered":"<p>\u00a0 De la mano del motoclub \u201cBuitres Leonaos\u201d los pr\u00f3ximos d\u00edas 21, 22 y 23 de septiembre se celebrar\u00e1 su X aniversario y para ello organizan en C\u00e1ceres en\u00a0 la VI Concentraci\u00f3n Internacional. Cartel concentraci\u00f3n motera. \u00a0 \u00a0 El lugar de encuentro ser\u00e1 en el Parque del Cuartillo, contando con zona de acampada en c\u00e9sped, [&hellip;]<!-- AddThis Advanced Settings generic via filter on get_the_excerpt --><!-- AddThis Share Buttons generic via filter on get_the_excerpt --><\/p>\n","protected":false},"author":49,"featured_media":0,"comment_status":"open","ping_status":"closed","sticky":false,"template":"","format":"standard","meta":[],"categories":[13],"tags":[198,229,622,624,639],"_links":{"self":[{"href":"https:\/\/blogs.hoy.es\/moterosdehoy\/wp-json\/wp\/v2\/posts\/327"}],"collection":[{"href":"https:\/\/blogs.hoy.es\/moterosdehoy\/wp-json\/wp\/v2\/posts"}],"about":[{"href":"https:\/\/blogs.hoy.es\/moterosdehoy\/wp-json\/wp\/v2\/types\/post"}],"author":[{"embeddable":true,"href":"https:\/\/blogs.hoy.es\/moterosdehoy\/wp-json\/wp\/v2\/users\/49"}],"replies":[{"embeddable":true,"href":"https:\/\/blogs.hoy.es\/moterosdehoy\/wp-json\/wp\/v2\/comments?post=327"}],"version-history":[{"count":0,"href":"https:\/\/blogs.hoy.es\/moterosdehoy\/wp-json\/wp\/v2\/posts\/327\/revisions"}],"wp:attachment":[{"href":"https:\/\/blogs.hoy.es\/moterosdehoy\/wp-json\/wp\/v2\/media?parent=327"}],"wp:term":[{"taxonomy":"category","embeddable":true,"href":"https:\/\/blogs.hoy.es\/moterosdehoy\/wp-json\/wp\/v2\/categories?post=327"},{"taxonomy":"post_tag","embeddable":true,"href":"https:\/\/blogs.hoy.es\/moterosdehoy\/wp-json\/wp\/v2\/tags?post=327"}],"curies":[{"name":"wp","href":"https:\/\/api.w.org\/{rel}","templated":true}]}}