{"id":3274,"date":"2022-11-09T18:07:10","date_gmt":"2022-11-09T18:07:10","guid":{"rendered":"https:\/\/blogs.hoy.es\/moterosdehoy\/?p=3274"},"modified":"2023-01-05T10:00:27","modified_gmt":"2023-01-05T10:00:27","slug":"segunda-quedada-motera-ruta-376","status":"publish","type":"post","link":"https:\/\/blogs.hoy.es\/moterosdehoy\/2022\/11\/09\/segunda-quedada-motera-ruta-376\/","title":{"rendered":"Segunda quedada motera Ruta 376"},"content":{"rendered":"<h3>Tras el \u00e9xito de la primera quedada, un a\u00f1o despu\u00e9s llega la &#8220;2\u00aa Quedada Motera Ruta 376&#8221;<\/h3>\n<p><a href=\"https:\/\/static-blogs.hoy.es\/wp-content\/uploads\/sites\/45\/2022\/11\/Ruta-376.jpg\"><img loading=\"lazy\" class=\"alignleft size-medium wp-image-3275\" src=\"https:\/\/static-blogs.hoy.es\/wp-content\/uploads\/sites\/45\/2022\/11\/Ruta-376-201x300.jpg\" alt=\"\" width=\"201\" height=\"300\" srcset=\"https:\/\/static-blogs.hoy.es\/wp-content\/uploads\/sites\/45\/2022\/11\/Ruta-376-201x300.jpg 201w, https:\/\/static-blogs.hoy.es\/wp-content\/uploads\/sites\/45\/2022\/11\/Ruta-376-768x1146.jpg 768w, https:\/\/static-blogs.hoy.es\/wp-content\/uploads\/sites\/45\/2022\/11\/Ruta-376-686x1024.jpg 686w, https:\/\/static-blogs.hoy.es\/wp-content\/uploads\/sites\/45\/2022\/11\/Ruta-376.jpg 1072w\" sizes=\"(max-width: 201px) 100vw, 201px\" \/><\/a>El pr\u00f3ximo <strong>s\u00e1bado, 12 de noviembre<\/strong>, tendremos en el Restaurante Ruta 376, sito en la Autov\u00eda A-5 km 375, un buen d\u00eda de fiesta motera, como en la edici\u00f3n anterior viene de la mano de la &#8220;Pe\u00f1a Motera Los Flipaos&#8221;. All\u00ed ser\u00e1 el punto de encuentro, donde a las 10:00 horas tendr\u00e1 lugar la apertura de inscripciones, para a las 11:00 horas iniciar una ruta por la zona.<\/p>\n<p>La ruta tendr\u00e1 dos paradas, una en Guadiana y otra en Alvarado, con refrigerios en sendos lugares, para finalizar en el punto de encuentro donde estar\u00e1 esperando sobre las 14:30h, paella y caldereta.<\/p>\n<p>Existe una inscripci\u00f3n de 10\u20ac, con la que tendr\u00e1s refrigerios en la ruta, acceso a la paella y caldereta del medio d\u00eda, y participar en sorteos y regalos. Adem\u00e1s de la inscripci\u00f3n una parte ir\u00e1 destinada a la Asociaci\u00f3n <a href=\"https:\/\/elaextremadura.org\/\" rel=\"external nofollow\">ELA Extremadura<\/a>.<\/p>\n<p>En Extremadura los moteros nos hemos unido para dar visibilidad a la enfermedad ELA, pues en muchos casos el desconocimiento ayuda a dar de lado, como m\u00ednimo con la uni\u00f3n vamos a hacer que suene al igual que nuestras motos. #LaELAexisteConocELA #QueCadaKMsume<\/p>\n<p>Seguro que ser\u00e1 un gran d\u00eda entre amigos, \u00bfte lo vas a perder?<\/p>\n<p>Si quieres conocer m\u00e1s publicaciones de \u00e9ste tipo puedes <a href=\"https:\/\/www.facebook.com\/moterosdehoy\/\" rel=\"external nofollow\">seguirme en facebook<\/a>.<\/p>\n<p>Saludos y r\u00e1fagas.<\/p>\n<!-- AddThis Advanced Settings generic via filter on the_content --><!-- AddThis Share Buttons generic via filter on the_content -->","protected":false},"excerpt":{"rendered":"<p>Tras el \u00e9xito de la primera quedada, un a\u00f1o despu\u00e9s llega la &#8220;2\u00aa Quedada Motera Ruta 376&#8221; El pr\u00f3ximo s\u00e1bado, 12 de noviembre, tendremos en el Restaurante Ruta 376, sito en la Autov\u00eda A-5 km 375, un buen d\u00eda de fiesta motera, como en la edici\u00f3n anterior viene de la mano de la &#8220;Pe\u00f1a Motera [&hellip;]<!-- AddThis Advanced Settings generic via filter on get_the_excerpt --><!-- AddThis Share Buttons generic via filter on get_the_excerpt --><\/p>\n","protected":false},"author":49,"featured_media":0,"comment_status":"open","ping_status":"closed","sticky":false,"template":"","format":"standard","meta":[],"categories":[13,1],"tags":[87,382,622,626,816,1492],"_links":{"self":[{"href":"https:\/\/blogs.hoy.es\/moterosdehoy\/wp-json\/wp\/v2\/posts\/3274"}],"collection":[{"href":"https:\/\/blogs.hoy.es\/moterosdehoy\/wp-json\/wp\/v2\/posts"}],"about":[{"href":"https:\/\/blogs.hoy.es\/moterosdehoy\/wp-json\/wp\/v2\/types\/post"}],"author":[{"embeddable":true,"href":"https:\/\/blogs.hoy.es\/moterosdehoy\/wp-json\/wp\/v2\/users\/49"}],"replies":[{"embeddable":true,"href":"https:\/\/blogs.hoy.es\/moterosdehoy\/wp-json\/wp\/v2\/comments?post=3274"}],"version-history":[{"count":2,"href":"https:\/\/blogs.hoy.es\/moterosdehoy\/wp-json\/wp\/v2\/posts\/3274\/revisions"}],"predecessor-version":[{"id":3277,"href":"https:\/\/blogs.hoy.es\/moterosdehoy\/wp-json\/wp\/v2\/posts\/3274\/revisions\/3277"}],"wp:attachment":[{"href":"https:\/\/blogs.hoy.es\/moterosdehoy\/wp-json\/wp\/v2\/media?parent=3274"}],"wp:term":[{"taxonomy":"category","embeddable":true,"href":"https:\/\/blogs.hoy.es\/moterosdehoy\/wp-json\/wp\/v2\/categories?post=3274"},{"taxonomy":"post_tag","embeddable":true,"href":"https:\/\/blogs.hoy.es\/moterosdehoy\/wp-json\/wp\/v2\/tags?post=3274"}],"curies":[{"name":"wp","href":"https:\/\/api.w.org\/{rel}","templated":true}]}}