{"id":3282,"date":"2022-11-23T22:37:28","date_gmt":"2022-11-23T22:37:28","guid":{"rendered":"https:\/\/blogs.hoy.es\/moterosdehoy\/?p=3282"},"modified":"2023-01-05T10:00:42","modified_gmt":"2023-01-05T10:00:42","slug":"recogida-solidaria-moraleja-biker","status":"publish","type":"post","link":"https:\/\/blogs.hoy.es\/moterosdehoy\/2022\/11\/23\/recogida-solidaria-moraleja-biker\/","title":{"rendered":"Recogida solidaria Moraleja Biker"},"content":{"rendered":"<p>Vamos a por la <strong>quinta recogida solidaria en Moraleja<\/strong> de alimentos, art\u00edculos de aseo, e higiene, que ir\u00e1n destinados al banco de alimentos de la localidad, y que se realizar\u00e1 de la mano de la Asociaci\u00f3n Moraleja Biker, el s\u00e1bado 10 de diciembre, desde las 09:00 horas.<\/p>\n<p><a href=\"https:\/\/static-blogs.hoy.es\/wp-content\/uploads\/sites\/45\/2022\/11\/Moraleja-Biker-recogida-solidaria.jpg\"><img loading=\"lazy\" class=\"alignleft size-medium wp-image-3283\" src=\"https:\/\/static-blogs.hoy.es\/wp-content\/uploads\/sites\/45\/2022\/11\/Moraleja-Biker-recogida-solidaria-300x293.jpg\" alt=\"\" width=\"300\" height=\"293\" srcset=\"https:\/\/static-blogs.hoy.es\/wp-content\/uploads\/sites\/45\/2022\/11\/Moraleja-Biker-recogida-solidaria-300x293.jpg 300w, https:\/\/static-blogs.hoy.es\/wp-content\/uploads\/sites\/45\/2022\/11\/Moraleja-Biker-recogida-solidaria.jpg 640w\" sizes=\"(max-width: 300px) 100vw, 300px\" \/><\/a>Como es un club de motos el encargado de la recogida, se realizar\u00e1 en su Sede, sita en Calle Postureo, 13, de Moraleja, y ser\u00e1 un d\u00eda de fiesta, con ruta motera, buen ambiente, amistad, y hermandad.<\/p>\n<p>Tienen una inscripci\u00f3n de 12 euros, en la que incluyen:<\/p>\n<ul>\n<li>Caf\u00e9 con migas.<\/li>\n<li>Comida.<\/li>\n<li>1 Cerveza en SEDE.<\/li>\n<li>1\u00a0 Cerveza en ruta.<\/li>\n<\/ul>\n<p>Por motivos organizativos para asistir es necesaria preinscripci\u00f3n en el correo electr\u00f3nico: moralejabiker.oficial.02@gmail.com indicando nombre del asistente. Lo que no es necesario para acudir, aunque sea sin moto para aportar alg\u00fan art\u00edculo a la recogida solidaria.<\/p>\n<p>Si a\u00fan no conoces la SEDE de MORALEJA BIKER, no te lo puedes perder. Un local con mucho trabajo de fondo por parte de todos sus integrantes, que estar\u00e1n m\u00e1s que agradecidos de vernos llenar su Sede, y que de seguro nos har\u00e1n pasar un gran d\u00eda.<\/p>\n<p>Saludos y r\u00e1fagas.<\/p>\n<!-- AddThis Advanced Settings generic via filter on the_content --><!-- AddThis Share Buttons generic via filter on the_content -->","protected":false},"excerpt":{"rendered":"<p>Vamos a por la quinta recogida solidaria en Moraleja de alimentos, art\u00edculos de aseo, e higiene, que ir\u00e1n destinados al banco de alimentos de la localidad, y que se realizar\u00e1 de la mano de la Asociaci\u00f3n Moraleja Biker, el s\u00e1bado 10 de diciembre, desde las 09:00 horas. Como es un club de motos el encargado [&hellip;]<!-- AddThis Advanced Settings generic via filter on get_the_excerpt --><!-- AddThis Share Buttons generic via filter on get_the_excerpt --><\/p>\n","protected":false},"author":49,"featured_media":0,"comment_status":"open","ping_status":"closed","sticky":false,"template":"","format":"standard","meta":[],"categories":[13],"tags":[1496,1048,622,1432],"_links":{"self":[{"href":"https:\/\/blogs.hoy.es\/moterosdehoy\/wp-json\/wp\/v2\/posts\/3282"}],"collection":[{"href":"https:\/\/blogs.hoy.es\/moterosdehoy\/wp-json\/wp\/v2\/posts"}],"about":[{"href":"https:\/\/blogs.hoy.es\/moterosdehoy\/wp-json\/wp\/v2\/types\/post"}],"author":[{"embeddable":true,"href":"https:\/\/blogs.hoy.es\/moterosdehoy\/wp-json\/wp\/v2\/users\/49"}],"replies":[{"embeddable":true,"href":"https:\/\/blogs.hoy.es\/moterosdehoy\/wp-json\/wp\/v2\/comments?post=3282"}],"version-history":[{"count":1,"href":"https:\/\/blogs.hoy.es\/moterosdehoy\/wp-json\/wp\/v2\/posts\/3282\/revisions"}],"predecessor-version":[{"id":3284,"href":"https:\/\/blogs.hoy.es\/moterosdehoy\/wp-json\/wp\/v2\/posts\/3282\/revisions\/3284"}],"wp:attachment":[{"href":"https:\/\/blogs.hoy.es\/moterosdehoy\/wp-json\/wp\/v2\/media?parent=3282"}],"wp:term":[{"taxonomy":"category","embeddable":true,"href":"https:\/\/blogs.hoy.es\/moterosdehoy\/wp-json\/wp\/v2\/categories?post=3282"},{"taxonomy":"post_tag","embeddable":true,"href":"https:\/\/blogs.hoy.es\/moterosdehoy\/wp-json\/wp\/v2\/tags?post=3282"}],"curies":[{"name":"wp","href":"https:\/\/api.w.org\/{rel}","templated":true}]}}