{"id":3290,"date":"2022-12-15T09:07:10","date_gmt":"2022-12-15T09:07:10","guid":{"rendered":"https:\/\/blogs.hoy.es\/moterosdehoy\/?p=3290"},"modified":"2023-01-05T10:01:07","modified_gmt":"2023-01-05T10:01:07","slug":"recogida-de-juguetes-y-alimentos-en-badajoz","status":"publish","type":"post","link":"https:\/\/blogs.hoy.es\/moterosdehoy\/2022\/12\/15\/recogida-de-juguetes-y-alimentos-en-badajoz\/","title":{"rendered":"Recogida de juguetes y alimentos en Badajoz"},"content":{"rendered":"<p>El s\u00e1bado d\u00eda 17, tendremos en la Sede de Moteros de Hoy, una recogida de juguetes y alimentos, ser\u00e1 bajo el nombre de <strong>TOY RUN 2022 BADAJOZ<\/strong>.<\/p>\n<p><a href=\"https:\/\/static-blogs.hoy.es\/wp-content\/uploads\/sites\/45\/2022\/12\/Toy-Run-2022-Badajoz-.jpg\"><img loading=\"lazy\" class=\"alignleft size-medium wp-image-3291\" src=\"https:\/\/static-blogs.hoy.es\/wp-content\/uploads\/sites\/45\/2022\/12\/Toy-Run-2022-Badajoz--212x300.jpg\" alt=\"\" width=\"212\" height=\"300\" srcset=\"https:\/\/static-blogs.hoy.es\/wp-content\/uploads\/sites\/45\/2022\/12\/Toy-Run-2022-Badajoz--212x300.jpg 212w, https:\/\/static-blogs.hoy.es\/wp-content\/uploads\/sites\/45\/2022\/12\/Toy-Run-2022-Badajoz--768x1086.jpg 768w, https:\/\/static-blogs.hoy.es\/wp-content\/uploads\/sites\/45\/2022\/12\/Toy-Run-2022-Badajoz--724x1024.jpg 724w\" sizes=\"(max-width: 212px) 100vw, 212px\" \/><\/a>Nuevamente este a\u00f1o tendremos recogida de juguetes y alimentos, acci\u00f3n que se lleva realizando desde hace una semana, y se est\u00e1n recogiendo en nuestra Sede, sita en Av. Antonio Cuellar Gragera, 15, 06003, Badajoz (Centro C\u00edvico de Pardaleras).<\/p>\n<p>La idea es que ning\u00fan ni\u00f1o se quede sin juguete. Para ello, se recogen juguetes nuevos, y juguetes de segunda mano pero que est\u00e9n como nuevos. En ediciones anteriores hemos recogido de todo, bicicletas que se han quedado peque\u00f1as, balones, mu\u00f1ecas, juegos&#8230; libros, cuentos&#8230; por lo que seguro que tendr\u00e1s algo por casa que no utilizas y que se encuentra en buen estado para que otra persona\/ni\u00f1o la pueda utilizar.<\/p>\n<p>Tambi\u00e9n se realiza recogida de alimentos y art\u00edculos de higiene, dado que hay muchas personas que lo est\u00e1n pasando mal.<\/p>\n<p><strong>Todos los ni\u00f1os que hagan entrega de alg\u00fan juguete, alimentos, o art\u00edculos de higiene obtendr\u00e1n un detalle<\/strong> (hasta fin de existencias).<\/p>\n<p>Se acerca la Navidad, todos sacamos el lado solidario, y son muchas las asociaciones que recogen material de uno u otro modo. La <a href=\"https:\/\/www.facebook.com\/moteroshoy\" rel=\"external nofollow\">Asociaci\u00f3n Moteros de Hoy<\/a> te damos otra posibilidad, adem\u00e1s estaremos all\u00ed esper\u00e1ndote con la actuaci\u00f3n musical de &#8220;Sara Mel\u00e9ndez&#8221;, alguna barra para bebidas, y algo de picoteo, todo a precios populares.\u00a0<a href=\"https:\/\/static-blogs.hoy.es\/wp-content\/uploads\/sites\/45\/2022\/12\/SOBF.jpg\"><img loading=\"lazy\" class=\"alignright size-medium wp-image-3292\" src=\"https:\/\/static-blogs.hoy.es\/wp-content\/uploads\/sites\/45\/2022\/12\/SOBF-253x300.jpg\" alt=\"\" width=\"253\" height=\"300\" srcset=\"https:\/\/static-blogs.hoy.es\/wp-content\/uploads\/sites\/45\/2022\/12\/SOBF-253x300.jpg 253w, https:\/\/static-blogs.hoy.es\/wp-content\/uploads\/sites\/45\/2022\/12\/SOBF-768x912.jpg 768w, https:\/\/static-blogs.hoy.es\/wp-content\/uploads\/sites\/45\/2022\/12\/SOBF-862x1024.jpg 862w, https:\/\/static-blogs.hoy.es\/wp-content\/uploads\/sites\/45\/2022\/12\/SOBF.jpg 1724w\" sizes=\"(max-width: 253px) 100vw, 253px\" \/><\/a><\/p>\n<p>En la recogida de este a\u00f1o, gran parte de ello ir\u00e1 destinado a Montijo, pues al d\u00eda siguiente el Club de motos &#8220;<a href=\"https:\/\/www.facebook.com\/Sons-of-Birrafria-108217541697451\" rel=\"external nofollow\">Sons Of Birrafr\u00eda<\/a>&#8221; (SOBF) tambi\u00e9n realizar\u00e1 una recogida de juguetes y alimentos, que al ser la primera, all\u00ed estaremos para echarles una mano. La uni\u00f3n hace la fuerza.<\/p>\n<p>Te esperamos el s\u00e1bado en el Centro C\u00edvico de Pardaleras, en Badajoz, y el domingo d\u00eda 18 en el &#8220;Caf\u00e9 Bar B2&#8221; de Montijo.<\/p>\n<p>\u00bfTe lo vas a perder?<\/p>\n<p>Saludos y r\u00e1fagas.<\/p>\n<!-- AddThis Advanced Settings generic via filter on the_content --><!-- AddThis Share Buttons generic via filter on the_content -->","protected":false},"excerpt":{"rendered":"<p>El s\u00e1bado d\u00eda 17, tendremos en la Sede de Moteros de Hoy, una recogida de juguetes y alimentos, ser\u00e1 bajo el nombre de TOY RUN 2022 BADAJOZ. Nuevamente este a\u00f1o tendremos recogida de juguetes y alimentos, acci\u00f3n que se lleva realizando desde hace una semana, y se est\u00e1n recogiendo en nuestra Sede, sita en Av. [&hellip;]<!-- AddThis Advanced Settings generic via filter on get_the_excerpt --><!-- AddThis Share Buttons generic via filter on get_the_excerpt --><\/p>\n","protected":false},"author":49,"featured_media":0,"comment_status":"open","ping_status":"closed","sticky":false,"template":"","format":"standard","meta":[],"categories":[13,1],"tags":[87,622,1250,1399,1497],"_links":{"self":[{"href":"https:\/\/blogs.hoy.es\/moterosdehoy\/wp-json\/wp\/v2\/posts\/3290"}],"collection":[{"href":"https:\/\/blogs.hoy.es\/moterosdehoy\/wp-json\/wp\/v2\/posts"}],"about":[{"href":"https:\/\/blogs.hoy.es\/moterosdehoy\/wp-json\/wp\/v2\/types\/post"}],"author":[{"embeddable":true,"href":"https:\/\/blogs.hoy.es\/moterosdehoy\/wp-json\/wp\/v2\/users\/49"}],"replies":[{"embeddable":true,"href":"https:\/\/blogs.hoy.es\/moterosdehoy\/wp-json\/wp\/v2\/comments?post=3290"}],"version-history":[{"count":1,"href":"https:\/\/blogs.hoy.es\/moterosdehoy\/wp-json\/wp\/v2\/posts\/3290\/revisions"}],"predecessor-version":[{"id":3293,"href":"https:\/\/blogs.hoy.es\/moterosdehoy\/wp-json\/wp\/v2\/posts\/3290\/revisions\/3293"}],"wp:attachment":[{"href":"https:\/\/blogs.hoy.es\/moterosdehoy\/wp-json\/wp\/v2\/media?parent=3290"}],"wp:term":[{"taxonomy":"category","embeddable":true,"href":"https:\/\/blogs.hoy.es\/moterosdehoy\/wp-json\/wp\/v2\/categories?post=3290"},{"taxonomy":"post_tag","embeddable":true,"href":"https:\/\/blogs.hoy.es\/moterosdehoy\/wp-json\/wp\/v2\/tags?post=3290"}],"curies":[{"name":"wp","href":"https:\/\/api.w.org\/{rel}","templated":true}]}}