{"id":3295,"date":"2022-12-26T08:07:04","date_gmt":"2022-12-26T08:07:04","guid":{"rendered":"https:\/\/blogs.hoy.es\/moterosdehoy\/?p=3295"},"modified":"2023-01-05T10:01:17","modified_gmt":"2023-01-05T10:01:17","slug":"felices-fiestas-y-prospero-2023","status":"publish","type":"post","link":"https:\/\/blogs.hoy.es\/moterosdehoy\/2022\/12\/26\/felices-fiestas-y-prospero-2023\/","title":{"rendered":"Felices fiestas y pr\u00f3spero 2023"},"content":{"rendered":"<h3>Viva la sobredosis de solidaridad, amistad y un mundo lleno de luz y color.<\/h3>\n<div id=\"attachment_3296\" style=\"width: 310px\" class=\"wp-caption alignleft\"><a href=\"https:\/\/static-blogs.hoy.es\/wp-content\/uploads\/sites\/45\/2022\/12\/Feliz-Navidad-Moteros-de-Hoy.jpg\"><img aria-describedby=\"caption-attachment-3296\" loading=\"lazy\" class=\"size-medium wp-image-3296\" src=\"https:\/\/static-blogs.hoy.es\/wp-content\/uploads\/sites\/45\/2022\/12\/Feliz-Navidad-Moteros-de-Hoy-300x227.jpg\" alt=\"\" width=\"300\" height=\"227\" srcset=\"https:\/\/static-blogs.hoy.es\/wp-content\/uploads\/sites\/45\/2022\/12\/Feliz-Navidad-Moteros-de-Hoy-300x227.jpg 300w, https:\/\/static-blogs.hoy.es\/wp-content\/uploads\/sites\/45\/2022\/12\/Feliz-Navidad-Moteros-de-Hoy-768x582.jpg 768w, https:\/\/static-blogs.hoy.es\/wp-content\/uploads\/sites\/45\/2022\/12\/Feliz-Navidad-Moteros-de-Hoy-1024x777.jpg 1024w, https:\/\/static-blogs.hoy.es\/wp-content\/uploads\/sites\/45\/2022\/12\/Feliz-Navidad-Moteros-de-Hoy.jpg 1713w\" sizes=\"(max-width: 300px) 100vw, 300px\" \/><\/a><p id=\"caption-attachment-3296\" class=\"wp-caption-text\">Felicitaci\u00f3n Navide\u00f1a MDH<\/p><\/div>\n<p>Nos encontramos en plenas fiestas de Navidad y a todos nos gusta ver todo lleno de adornos navide\u00f1os, luces, guirnaldas, arbolitos adornados, la familia se re\u00fane, los lejanos recuerdan enviar alg\u00fan mensaje, los amigos exaltan la amistad&#8230; y adem\u00e1s llegan regalos, para algunos en Pap\u00e1 Noel, para otros los Reyes Magos, pero todos recibiremos alg\u00fan regalo, sobre todo los ni\u00f1os.<\/p>\n<p>La <a href=\"https:\/\/www.facebook.com\/moteroshoy\" rel=\"external nofollow\">Asociaci\u00f3n Moteros de Hoy<\/a> lleva diez a\u00f1os realizando una gran recogida de juguetes, tanto nuevos como usados con opci\u00f3n de segundo uso, sin mayor trascendencia que el motivo de &#8220;<strong><em>que ning\u00fan ni\u00f1o se quede sin juguete<\/em><\/strong>&#8220;, sabemos que eso es complicado pero nosotros ponemos nuestro granito de arena. En \u00e9sta Navidad se repartir\u00e1n entre varias asociaciones de ayuda a necesitados, de las poblaciones de Badajoz y Montijo.<\/p>\n<p>Hay que ser conscientes que el a\u00f1o tiene 365 d\u00edas, por lo que hay que dosificar toda esa amabilidad, solidaridad, amistad&#8230; que el a\u00f1o nuevo nos traiga felicidad.<\/p>\n<p>Saludos y r\u00e1fagas.<\/p>\n<!-- AddThis Advanced Settings generic via filter on the_content --><!-- AddThis Share Buttons generic via filter on the_content -->","protected":false},"excerpt":{"rendered":"<p>Viva la sobredosis de solidaridad, amistad y un mundo lleno de luz y color. Nos encontramos en plenas fiestas de Navidad y a todos nos gusta ver todo lleno de adornos navide\u00f1os, luces, guirnaldas, arbolitos adornados, la familia se re\u00fane, los lejanos recuerdan enviar alg\u00fan mensaje, los amigos exaltan la amistad&#8230; y adem\u00e1s llegan regalos, [&hellip;]<!-- AddThis Advanced Settings generic via filter on get_the_excerpt --><!-- AddThis Share Buttons generic via filter on get_the_excerpt --><\/p>\n","protected":false},"author":49,"featured_media":0,"comment_status":"open","ping_status":"closed","sticky":false,"template":"","format":"standard","meta":[],"categories":[13,1],"tags":[1499,1498,399,618,622,1500],"_links":{"self":[{"href":"https:\/\/blogs.hoy.es\/moterosdehoy\/wp-json\/wp\/v2\/posts\/3295"}],"collection":[{"href":"https:\/\/blogs.hoy.es\/moterosdehoy\/wp-json\/wp\/v2\/posts"}],"about":[{"href":"https:\/\/blogs.hoy.es\/moterosdehoy\/wp-json\/wp\/v2\/types\/post"}],"author":[{"embeddable":true,"href":"https:\/\/blogs.hoy.es\/moterosdehoy\/wp-json\/wp\/v2\/users\/49"}],"replies":[{"embeddable":true,"href":"https:\/\/blogs.hoy.es\/moterosdehoy\/wp-json\/wp\/v2\/comments?post=3295"}],"version-history":[{"count":1,"href":"https:\/\/blogs.hoy.es\/moterosdehoy\/wp-json\/wp\/v2\/posts\/3295\/revisions"}],"predecessor-version":[{"id":3297,"href":"https:\/\/blogs.hoy.es\/moterosdehoy\/wp-json\/wp\/v2\/posts\/3295\/revisions\/3297"}],"wp:attachment":[{"href":"https:\/\/blogs.hoy.es\/moterosdehoy\/wp-json\/wp\/v2\/media?parent=3295"}],"wp:term":[{"taxonomy":"category","embeddable":true,"href":"https:\/\/blogs.hoy.es\/moterosdehoy\/wp-json\/wp\/v2\/categories?post=3295"},{"taxonomy":"post_tag","embeddable":true,"href":"https:\/\/blogs.hoy.es\/moterosdehoy\/wp-json\/wp\/v2\/tags?post=3295"}],"curies":[{"name":"wp","href":"https:\/\/api.w.org\/{rel}","templated":true}]}}