{"id":3299,"date":"2023-01-05T11:00:14","date_gmt":"2023-01-05T11:00:14","guid":{"rendered":"https:\/\/blogs.hoy.es\/moterosdehoy\/?p=3299"},"modified":"2023-01-05T11:00:14","modified_gmt":"2023-01-05T11:00:14","slug":"todos-con-alberto","status":"publish","type":"post","link":"https:\/\/blogs.hoy.es\/moterosdehoy\/2023\/01\/05\/todos-con-alberto\/","title":{"rendered":"Todos con Alberto"},"content":{"rendered":"<h3>Alberto es un ni\u00f1o de Salamanca que padece una enfermedad y necesita de ayuda urgente.<\/h3>\n<p><a href=\"https:\/\/static-blogs.hoy.es\/wp-content\/uploads\/sites\/45\/2023\/01\/Todos-con-Alberto.jpg\"><img loading=\"lazy\" class=\"alignleft size-medium wp-image-3300\" src=\"https:\/\/static-blogs.hoy.es\/wp-content\/uploads\/sites\/45\/2023\/01\/Todos-con-Alberto-240x300.jpg\" alt=\"\" width=\"240\" height=\"300\" srcset=\"https:\/\/static-blogs.hoy.es\/wp-content\/uploads\/sites\/45\/2023\/01\/Todos-con-Alberto-240x300.jpg 240w, https:\/\/static-blogs.hoy.es\/wp-content\/uploads\/sites\/45\/2023\/01\/Todos-con-Alberto-768x960.jpg 768w, https:\/\/static-blogs.hoy.es\/wp-content\/uploads\/sites\/45\/2023\/01\/Todos-con-Alberto-819x1024.jpg 819w, https:\/\/static-blogs.hoy.es\/wp-content\/uploads\/sites\/45\/2023\/01\/Todos-con-Alberto.jpg 1080w\" sizes=\"(max-width: 240px) 100vw, 240px\" \/><\/a>El s\u00e1bado 14 de enero tendremos en <a href=\"https:\/\/www.plasencia.es\/web\/\" rel=\"external nofollow\">Plasencia<\/a> (C\u00e1ceres) un evento motero con trasfondo solidario, \u00bfmotivo? hacer ruido para reclamar donantes de m\u00e9dula.<\/p>\n<p>El punto de encuentro ser\u00e1 a las 10:00 horas, en la gasolinera BP de Plasencia, para todos juntos partir a las 11:00h, hacia la Plaza Mayor de Plasencia. All\u00ed habr\u00e1 stand informativos, y la concentraci\u00f3n estar\u00e1 amenizada por Paco Santos, para pasar un buen s\u00e1bado.<\/p>\n<p>Da gusto mirar a la cara de Alberto y ver esa felicidad de un ni\u00f1o que solo quiere mejorarse y poder jugar con sus amigos. Tiene que haber alguien compatible con \u00e9l, hazte donante de m\u00e9dula y permite que siga jugando. Para poder ser donante de m\u00e9dula requieren unos requisitos, entre ellos tener entre los 18 y 40 a\u00f1os de edad, el abanico es amplio, pero parece no ser suficiente.<\/p>\n<p>El caso de Alberto demuestra que es un gran luchador. Tiene 4 a\u00f1itos y hasta junio del pasado a\u00f1o se encontraba sano, el tratamiento comenz\u00f3 bien pero en noviembre ha tenido la reca\u00edda y ha empezado la carrera de fondo, no hay mucho tiempo. Est\u00e1 diagnosticado de tener un linfoma de burkitt, y se encuentra con met\u00e1stasis en la m\u00e9dula, de ah\u00ed el necesitar <strong>ayuda urgente<\/strong>.<\/p>\n<p>Algunos podr\u00e1n decir que hay muchos casos de linfomas y\u00a0<a href=\"https:\/\/pocofrecuentes.org\/\" rel=\"external nofollow\">enfermedades raras<\/a>\u00a0o poco frecuentes, igual con los avances que tenemos no se investiga lo suficiente.<\/p>\n<p>En Extremadura contamos con la Asociaci\u00f3n para la donaci\u00f3n de m\u00e9dula \u00f3sea (<a href=\"https:\/\/admo.es\/\" rel=\"external nofollow\">ADMO<\/a>)<\/p>\n<p>Los centros de salud se quejan de que no tienen facultativos, y los que est\u00e1n se encuentran saturados. Eso es lo que tenemos a la vista. Vamos a una consulta y adem\u00e1s de darnos cita para dentro de mucho tiempo, al llegar a nuestra hora nos toca esperar, pues han dado demasiadas citas para el d\u00eda y el doctor no tiene tiempo material de poder tratarlos dentro del tiempo establecido para cada paciente. Si eso es lo que vemos, \u00bfQu\u00e9 pasar\u00e1 con la investigaci\u00f3n?<\/p>\n<p>Saludos y r\u00e1fagas.<\/p>\n<!-- AddThis Advanced Settings generic via filter on the_content --><!-- AddThis Share Buttons generic via filter on the_content -->","protected":false},"excerpt":{"rendered":"<p>Alberto es un ni\u00f1o de Salamanca que padece una enfermedad y necesita de ayuda urgente. El s\u00e1bado 14 de enero tendremos en Plasencia (C\u00e1ceres) un evento motero con trasfondo solidario, \u00bfmotivo? hacer ruido para reclamar donantes de m\u00e9dula. El punto de encuentro ser\u00e1 a las 10:00 horas, en la gasolinera BP de Plasencia, para todos [&hellip;]<!-- AddThis Advanced Settings generic via filter on get_the_excerpt --><!-- AddThis Share Buttons generic via filter on get_the_excerpt --><\/p>\n","protected":false},"author":49,"featured_media":0,"comment_status":"open","ping_status":"closed","sticky":false,"template":"","format":"standard","meta":[],"categories":[9,13,1],"tags":[1501,1502,1503,622,1133],"_links":{"self":[{"href":"https:\/\/blogs.hoy.es\/moterosdehoy\/wp-json\/wp\/v2\/posts\/3299"}],"collection":[{"href":"https:\/\/blogs.hoy.es\/moterosdehoy\/wp-json\/wp\/v2\/posts"}],"about":[{"href":"https:\/\/blogs.hoy.es\/moterosdehoy\/wp-json\/wp\/v2\/types\/post"}],"author":[{"embeddable":true,"href":"https:\/\/blogs.hoy.es\/moterosdehoy\/wp-json\/wp\/v2\/users\/49"}],"replies":[{"embeddable":true,"href":"https:\/\/blogs.hoy.es\/moterosdehoy\/wp-json\/wp\/v2\/comments?post=3299"}],"version-history":[{"count":1,"href":"https:\/\/blogs.hoy.es\/moterosdehoy\/wp-json\/wp\/v2\/posts\/3299\/revisions"}],"predecessor-version":[{"id":3301,"href":"https:\/\/blogs.hoy.es\/moterosdehoy\/wp-json\/wp\/v2\/posts\/3299\/revisions\/3301"}],"wp:attachment":[{"href":"https:\/\/blogs.hoy.es\/moterosdehoy\/wp-json\/wp\/v2\/media?parent=3299"}],"wp:term":[{"taxonomy":"category","embeddable":true,"href":"https:\/\/blogs.hoy.es\/moterosdehoy\/wp-json\/wp\/v2\/categories?post=3299"},{"taxonomy":"post_tag","embeddable":true,"href":"https:\/\/blogs.hoy.es\/moterosdehoy\/wp-json\/wp\/v2\/tags?post=3299"}],"curies":[{"name":"wp","href":"https:\/\/api.w.org\/{rel}","templated":true}]}}