{"id":3304,"date":"2023-02-02T08:33:56","date_gmt":"2023-02-02T08:33:56","guid":{"rendered":"https:\/\/blogs.hoy.es\/moterosdehoy\/?p=3304"},"modified":"2023-02-02T08:33:56","modified_gmt":"2023-02-02T08:33:56","slug":"una-bionda-sesga-la-vida-de-otro-motorista-en-badajoz","status":"publish","type":"post","link":"https:\/\/blogs.hoy.es\/moterosdehoy\/2023\/02\/02\/una-bionda-sesga-la-vida-de-otro-motorista-en-badajoz\/","title":{"rendered":"Una bionda sesga la vida de otro motorista en Badajoz"},"content":{"rendered":"<h3>Ayer, d\u00eda 1 de febrero de 2023, una bionda fue la encargada de quitar la vida a otro motorista en un siniestro vial.<\/h3>\n<p>Sobre las 17:00 horas de ayer y seg\u00fan testigos del siniestro, cuando &#8220;Manuel Tello&#8221; se trasladaba entre las poblaciones de Puebla de la Calzada y Valdelacalzada, a seiscientos metros tras salir de Puebla de la Calzada inici\u00f3 una maniobra de adelantamiento a dos turismos que al parecer reduc\u00edan la velocidad porque un cami\u00f3n iba a girar a la izquierda, maniobra para evitar colisionar con el cami\u00f3n trat\u00f3 de esquivarlo por el \u00fanico lugar que le quedaba libre, la izquierda, chocando con la bionda &#8220;guarda ra\u00edl&#8221; all\u00ed existente. La cual le arrebat\u00f3 la vida.<\/p>\n<p><a href=\"https:\/\/static-blogs.hoy.es\/wp-content\/uploads\/sites\/45\/2023\/02\/Manuel-Tello-Garc\u00eda.jpg\"><img loading=\"lazy\" class=\"alignleft size-medium wp-image-3305\" src=\"https:\/\/static-blogs.hoy.es\/wp-content\/uploads\/sites\/45\/2023\/02\/Manuel-Tello-Garc\u00eda-300x206.jpg\" alt=\"\" width=\"300\" height=\"206\" srcset=\"https:\/\/static-blogs.hoy.es\/wp-content\/uploads\/sites\/45\/2023\/02\/Manuel-Tello-Garc\u00eda-300x206.jpg 300w, https:\/\/static-blogs.hoy.es\/wp-content\/uploads\/sites\/45\/2023\/02\/Manuel-Tello-Garc\u00eda-768x527.jpg 768w, https:\/\/static-blogs.hoy.es\/wp-content\/uploads\/sites\/45\/2023\/02\/Manuel-Tello-Garc\u00eda.jpg 960w\" sizes=\"(max-width: 300px) 100vw, 300px\" \/><\/a>Manuel Tello Garc\u00eda, 59 a\u00f1os, vecino de Valdelacalzada, conocido de muchos y amigo de todos. Muchos hemos tenido el placer de rodar con \u00e9l, de echar unas risas, compartir momentos, tener vivencias&#8230; Es muy dif\u00edcil aceptar que una persona a la cual est\u00e1s acostumbrado a ver, a tratar, de momento recibes una llamada telef\u00f3nica o te encuentras con la noticia, HA TENIDO UN ACCIDENTE. YA NO EST\u00c1 CON NOSOTROS. \u00bfNo puede ser verdad? Se han equivocado. Es lo primero que se te pasa por la cabeza.<\/p>\n<p>Durante la ma\u00f1ana le realizar\u00e1n la autopsia, y despu\u00e9s ser\u00e1 trasladado al Velatorio de Valdelacalzada, localidad donde se oficiar\u00e1 el funeral, posiblemente a las 17:00h.<\/p>\n<p>Diversos grupos moteros de localidades diversas y tras autorizaci\u00f3n de la familia, est\u00e1n organizando una ruta de despedida, para ello se reunir\u00e1n a las <strong>16:30h en la gasolinera GALP de Montijo (Badajoz)<\/strong>, de all\u00ed ir\u00e1n juntos hasta Valdelacalzada. Ser\u00e1 una ruta en la que Manuel Tello rodar\u00e1 con todos y cada uno de los que all\u00ed se encuentren, pues estar\u00e1 en el coraz\u00f3n de cada uno.<\/p>\n<p>En Badajoz se reunir\u00e1n en el &#8220;Bar El Nuevo Lazo&#8221;, sito en Carretera de La Corte&#8221;, de donde saldr\u00e1n a las 15:45h, circular\u00e1n por la autov\u00eda para llegar a tiempo de unirse a los dem\u00e1s en la GALP de Montijo.<\/p>\n<p>Todos creemos en algo, un m\u00e1s all\u00e1 donde contin\u00faa ese ser querido, es necesario creer en algo, tiene que haber un m\u00e1s all\u00e1, sino que hacemos aqu\u00ed. Los moteros pensamos que nos acompa\u00f1ar\u00e1 desde el cielo y nos guiar\u00e1 desde all\u00ed. En ocasiones frenas sin motivo, cambias de lugar en el carril, o realizas una parada inesperada para tomar algo, o simplemente descansar un poco, esos actos involuntarios o de forma inconsciente, te pueden hacer no estar en el momento y lugar donde tendr\u00e1 lugar un siniestro, un corte en la carretera, un veh\u00edculo que no mira y se cruza en tu camino. Muchas veces por d\u00e9cimas de segundo, o por mil\u00edmetros te escapas de no poder contarlo. Todo motero que lleva muchos kil\u00f3metros a sus espaldas tiene muchas vivencias de ese tipo, y se quedan en el recuerdo con &#8220;qu\u00e9 suerte he tenido&#8221;, o &#8220;si llego a pasar con unos minutos de diferencia&#8221;. Estoy seguro que Tello nos guiar\u00e1 y nos acompa\u00f1ar\u00e1.<\/p>\n<p>Hoy es un d\u00eda complicado, es d\u00eda de diario y todos tenemos cosas que hacer, trabajo, tareas&#8230; pero hay que sentirse vivo y recordar a Tello. Que mejor manera que acompa\u00f1arlo en la despedida de su cuerpo. <strong>DESCANSA EN PAZ amigo Tello<\/strong>, pero all\u00e1 donde vayas recuerda que parte de ti queda dentro de nuestros corazones.<\/p>\n<p>Saludos y r\u00e1fagas.<\/p>\n<!-- AddThis Advanced Settings generic via filter on the_content --><!-- AddThis Share Buttons generic via filter on the_content -->","protected":false},"excerpt":{"rendered":"<p>Ayer, d\u00eda 1 de febrero de 2023, una bionda fue la encargada de quitar la vida a otro motorista en un siniestro vial. Sobre las 17:00 horas de ayer y seg\u00fan testigos del siniestro, cuando &#8220;Manuel Tello&#8221; se trasladaba entre las poblaciones de Puebla de la Calzada y Valdelacalzada, a seiscientos metros tras salir de [&hellip;]<!-- AddThis Advanced Settings generic via filter on get_the_excerpt --><!-- AddThis Share Buttons generic via filter on get_the_excerpt --><\/p>\n","protected":false},"author":49,"featured_media":0,"comment_status":"open","ping_status":"closed","sticky":false,"template":"","format":"standard","meta":[],"categories":[9,13,1],"tags":[1508,40,87,1506,1509,1507,1504,622,1505],"_links":{"self":[{"href":"https:\/\/blogs.hoy.es\/moterosdehoy\/wp-json\/wp\/v2\/posts\/3304"}],"collection":[{"href":"https:\/\/blogs.hoy.es\/moterosdehoy\/wp-json\/wp\/v2\/posts"}],"about":[{"href":"https:\/\/blogs.hoy.es\/moterosdehoy\/wp-json\/wp\/v2\/types\/post"}],"author":[{"embeddable":true,"href":"https:\/\/blogs.hoy.es\/moterosdehoy\/wp-json\/wp\/v2\/users\/49"}],"replies":[{"embeddable":true,"href":"https:\/\/blogs.hoy.es\/moterosdehoy\/wp-json\/wp\/v2\/comments?post=3304"}],"version-history":[{"count":1,"href":"https:\/\/blogs.hoy.es\/moterosdehoy\/wp-json\/wp\/v2\/posts\/3304\/revisions"}],"predecessor-version":[{"id":3306,"href":"https:\/\/blogs.hoy.es\/moterosdehoy\/wp-json\/wp\/v2\/posts\/3304\/revisions\/3306"}],"wp:attachment":[{"href":"https:\/\/blogs.hoy.es\/moterosdehoy\/wp-json\/wp\/v2\/media?parent=3304"}],"wp:term":[{"taxonomy":"category","embeddable":true,"href":"https:\/\/blogs.hoy.es\/moterosdehoy\/wp-json\/wp\/v2\/categories?post=3304"},{"taxonomy":"post_tag","embeddable":true,"href":"https:\/\/blogs.hoy.es\/moterosdehoy\/wp-json\/wp\/v2\/tags?post=3304"}],"curies":[{"name":"wp","href":"https:\/\/api.w.org\/{rel}","templated":true}]}}