{"id":3308,"date":"2023-02-22T17:54:31","date_gmt":"2023-02-22T17:54:31","guid":{"rendered":"https:\/\/blogs.hoy.es\/moterosdehoy\/?p=3308"},"modified":"2023-02-22T17:54:31","modified_gmt":"2023-02-22T17:54:31","slug":"presentacion-honda-cb750-hornet-en-badajoz","status":"publish","type":"post","link":"https:\/\/blogs.hoy.es\/moterosdehoy\/2023\/02\/22\/presentacion-honda-cb750-hornet-en-badajoz\/","title":{"rendered":"Presentaci\u00f3n Honda CB750 Hornet en Badajoz"},"content":{"rendered":"<p>El 2023 nos trae la\u00a0<a href=\"https:\/\/www.honda.es\/motorcycles\/range\/street\/hornet\/overview.html\" rel=\"external nofollow\"><strong>Honda CB750 Hornet<\/strong><\/a>\u00a0una\u00a0nueva moto naked\u00a0que recupera un apellido ya m\u00edtico dentro de la marca del ala dorada, pues apareci\u00f3 en Europa en 1998 con un precio asequible y buena relaci\u00f3n peso-potencia, una naked para el d\u00eda a d\u00eda que adem\u00e1s permite diversi\u00f3n en carreteras secundarias.<\/p>\n<p><a href=\"https:\/\/static-blogs.hoy.es\/wp-content\/uploads\/sites\/45\/2023\/02\/Honda-CB750-Hornet-2023.jpg\"><img loading=\"lazy\" class=\"alignleft size-medium wp-image-3309\" src=\"https:\/\/static-blogs.hoy.es\/wp-content\/uploads\/sites\/45\/2023\/02\/Honda-CB750-Hornet-2023-300x300.jpg\" alt=\"\" width=\"300\" height=\"300\" srcset=\"https:\/\/static-blogs.hoy.es\/wp-content\/uploads\/sites\/45\/2023\/02\/Honda-CB750-Hornet-2023-300x300.jpg 300w, https:\/\/static-blogs.hoy.es\/wp-content\/uploads\/sites\/45\/2023\/02\/Honda-CB750-Hornet-2023-150x150.jpg 150w, https:\/\/static-blogs.hoy.es\/wp-content\/uploads\/sites\/45\/2023\/02\/Honda-CB750-Hornet-2023-768x768.jpg 768w, https:\/\/static-blogs.hoy.es\/wp-content\/uploads\/sites\/45\/2023\/02\/Honda-CB750-Hornet-2023-1024x1024.jpg 1024w, https:\/\/static-blogs.hoy.es\/wp-content\/uploads\/sites\/45\/2023\/02\/Honda-CB750-Hornet-2023.jpg 1080w\" sizes=\"(max-width: 300px) 100vw, 300px\" \/><\/a>Llega con un motor bicil\u00edndrico en paralelo\u00a0 de 755cc, completamente nuevo, con 67,5\u00a0kW (92 cv) en su punto m\u00e1ximo con un par de 75\u00a0Nm, y un peso de 190 kg en orden de marcha, d\u00e1ndole una relaci\u00f3n potencia\/peso de 0,36 kW\/kg o 2,81 kg\/kW, l\u00edder de su categor\u00eda.<\/p>\n<p>Por supuesto,\u00a0la Honda Hornet 2023 tambi\u00e9n tiene versi\u00f3n de 35 kW compatible con el carnet A2.<\/p>\n<p>Con mucha tecnolog\u00eda. Embrague anti-rebote, ideal para un cambio suave y un mayor control en las reducciones fuertes de su caja de 6 velocidades. Acelerador electr\u00f3nico. Cuenta con 3 modos de conducci\u00f3n (Rain, Standard y Sport) y un modo USER personalizable. El usuario puede elegir tambi\u00e9n entre 3 niveles de ajuste del control de par seleccionable HSTC desconectable con control de wheelie, modos de potencia EP.\u00a0pantalla TFT de 5&#8243; a color (4 tipos de visualizaci\u00f3n) que tiene sistema de conectividad y control por voz\u00a0Honda Smartphone Voice\u00a0para dispositivos Android, e iOS (necesario auricular en el casco). Toda la iluminaci\u00f3n es full-LED. Cambio r\u00e1pido quickshifter y freno motor EB. Todo acompa\u00f1ado de\u00a0un consumo muy contenido, pues sus 15,2 litros te dan una autonom\u00eda de 340 km.<\/p>\n<p>Monta unas bonitas llantas de aleaci\u00f3n de 17&#8243; en forma de Y, con neum\u00e1ticos de 120 delante y 160 detr\u00e1s.<\/p>\n<p>Los \u00e1ngulos afilados de su silueta le dan unas formas muy compactas y elegantes, combinando usabilidad, pues la altura del\u00a0 asiento es de 795 mm, y su ancho manillar, la hacen muy manejable.<\/p>\n<p>La\u00a0Honda CB750 Hornet 2023\u00a0est\u00e1 <strong>disponible en los colores<\/strong>:<\/p>\n<ul>\n<li>Blanco Glare Perlado con bastidor Rojo Flame Metalizado y horquilla anodizada en Rojo.<\/li>\n<li>Negro Graphite con bastidor Rojo Flame Metalizado y horquilla anodizada en Rojo.<\/li>\n<li>Gris Iridium Mate Metalizado.<\/li>\n<li>Amarillo Goldfinch Mate.<\/li>\n<\/ul>\n<p>A las 10:00h del <strong>s\u00e1bado 25 de febrero<\/strong> se realizar\u00e1 la presentaci\u00f3n en <a href=\"https:\/\/motosextremadura.es\/\" rel=\"external nofollow\">Motorcycle Center Europe<\/a>, concesionario oficial Honda en Badajoz. Adem\u00e1s durante la presentaci\u00f3n tendr\u00e1n el detalle de invitarte el desayuno. Si quieres participar en el desayuno debes rellenar el <a href=\"https:\/\/forms.gle\/Em7zFjLAoxnqiYm3A\" rel=\"external nofollow\">formulario<\/a>:\u00a0https:\/\/forms.gle\/Em7zFjLAoxnqiYm3A a efectos de tener previsi\u00f3n de asistentes.<\/p>\n<p>Una buena opci\u00f3n para estar tranquilo y recuperarte del Carnaval. Y qui\u00e9n sabe, igual surge el amor a primera vista.<\/p>\n<p>Saludos y r\u00e1fagas.<\/p>\n<!-- AddThis Advanced Settings generic via filter on the_content --><!-- AddThis Share Buttons generic via filter on the_content -->","protected":false},"excerpt":{"rendered":"<p>El 2023 nos trae la\u00a0Honda CB750 Hornet\u00a0una\u00a0nueva moto naked\u00a0que recupera un apellido ya m\u00edtico dentro de la marca del ala dorada, pues apareci\u00f3 en Europa en 1998 con un precio asequible y buena relaci\u00f3n peso-potencia, una naked para el d\u00eda a d\u00eda que adem\u00e1s permite diversi\u00f3n en carreteras secundarias. Llega con un motor bicil\u00edndrico en [&hellip;]<!-- AddThis Advanced Settings generic via filter on get_the_excerpt --><!-- AddThis Share Buttons generic via filter on get_the_excerpt --><\/p>\n","protected":false},"author":49,"featured_media":0,"comment_status":"open","ping_status":"closed","sticky":false,"template":"","format":"standard","meta":[],"categories":[9,13,1],"tags":[1510,622,663],"_links":{"self":[{"href":"https:\/\/blogs.hoy.es\/moterosdehoy\/wp-json\/wp\/v2\/posts\/3308"}],"collection":[{"href":"https:\/\/blogs.hoy.es\/moterosdehoy\/wp-json\/wp\/v2\/posts"}],"about":[{"href":"https:\/\/blogs.hoy.es\/moterosdehoy\/wp-json\/wp\/v2\/types\/post"}],"author":[{"embeddable":true,"href":"https:\/\/blogs.hoy.es\/moterosdehoy\/wp-json\/wp\/v2\/users\/49"}],"replies":[{"embeddable":true,"href":"https:\/\/blogs.hoy.es\/moterosdehoy\/wp-json\/wp\/v2\/comments?post=3308"}],"version-history":[{"count":1,"href":"https:\/\/blogs.hoy.es\/moterosdehoy\/wp-json\/wp\/v2\/posts\/3308\/revisions"}],"predecessor-version":[{"id":3310,"href":"https:\/\/blogs.hoy.es\/moterosdehoy\/wp-json\/wp\/v2\/posts\/3308\/revisions\/3310"}],"wp:attachment":[{"href":"https:\/\/blogs.hoy.es\/moterosdehoy\/wp-json\/wp\/v2\/media?parent=3308"}],"wp:term":[{"taxonomy":"category","embeddable":true,"href":"https:\/\/blogs.hoy.es\/moterosdehoy\/wp-json\/wp\/v2\/categories?post=3308"},{"taxonomy":"post_tag","embeddable":true,"href":"https:\/\/blogs.hoy.es\/moterosdehoy\/wp-json\/wp\/v2\/tags?post=3308"}],"curies":[{"name":"wp","href":"https:\/\/api.w.org\/{rel}","templated":true}]}}