{"id":3312,"date":"2023-03-23T19:40:10","date_gmt":"2023-03-23T19:40:10","guid":{"rendered":"https:\/\/blogs.hoy.es\/moterosdehoy\/?p=3312"},"modified":"2023-03-23T19:40:10","modified_gmt":"2023-03-23T19:40:10","slug":"primera-concentracion-motera-de-los-hijos-de-la-cerveza-fria","status":"publish","type":"post","link":"https:\/\/blogs.hoy.es\/moterosdehoy\/2023\/03\/23\/primera-concentracion-motera-de-los-hijos-de-la-cerveza-fria\/","title":{"rendered":"Primera concentraci\u00f3n motera de los hijos de la cerveza fr\u00eda"},"content":{"rendered":"<h3>Alguno pensar\u00e1 en una concentraci\u00f3n motera donde habr\u00e1 cerveza fr\u00eda, pues ha acertado.<\/h3>\n<p>En <a href=\"https:\/\/es.wikipedia.org\/wiki\/Montijo_(Espa%C3%B1a)\" rel=\"external nofollow\">Montijo<\/a> (Badajoz) hace un a\u00f1o surgi\u00f3 un nuevo grupo motero, bajo el nombre &#8220;<a href=\"https:\/\/www.facebook.com\/Sons-of-Birrafria-108217541697451\/\" rel=\"external nofollow\"><strong>SONS OF BIRRAFR\u00cdA<\/strong><\/a>&#8220;, a los que tambi\u00e9n se les conoce por sus iniciales &#8220;<strong>SOBF<\/strong>&#8220;, que como indica el t\u00edtulo de esta entrada significa &#8220;Hijos de la cerveza fr\u00eda&#8221;<\/p>\n<p><a href=\"https:\/\/static-blogs.hoy.es\/wp-content\/uploads\/sites\/45\/2023\/03\/SOBF-2023.jpg\"><img loading=\"lazy\" class=\"alignleft size-medium wp-image-3313\" src=\"https:\/\/static-blogs.hoy.es\/wp-content\/uploads\/sites\/45\/2023\/03\/SOBF-2023-202x300.jpg\" alt=\"\" width=\"202\" height=\"300\" srcset=\"https:\/\/static-blogs.hoy.es\/wp-content\/uploads\/sites\/45\/2023\/03\/SOBF-2023-202x300.jpg 202w, https:\/\/static-blogs.hoy.es\/wp-content\/uploads\/sites\/45\/2023\/03\/SOBF-2023-768x1141.jpg 768w, https:\/\/static-blogs.hoy.es\/wp-content\/uploads\/sites\/45\/2023\/03\/SOBF-2023-689x1024.jpg 689w, https:\/\/static-blogs.hoy.es\/wp-content\/uploads\/sites\/45\/2023\/03\/SOBF-2023.jpg 1223w\" sizes=\"(max-width: 202px) 100vw, 202px\" \/><\/a>El fin de semana encuadrado en los d\u00edas <strong>25 y 26 de marzo<\/strong> nos traen su primera concentraci\u00f3n motera, y est\u00e1 claro que a pesar de ser su primera concentraci\u00f3n no es la primera a la que asisten, pues tienen todos los ingredientes para realizar un gran evento motero.<\/p>\n<p>El evento arrancar\u00e1 a las 12:00 horas del s\u00e1bado d\u00eda 25, en el recinto ferial de Montijo.<\/p>\n<p>Conciertos, m\u00fasica DJ, rutas bar\u00edtimas, juegos populares, batukada, sorteos, regalos, barras con precios populares, mercadillo motero, exposici\u00f3n de motos, zona de acampada, bolsa de regalo para los inscritos, atracciones para ni\u00f1os&#8230; Ser\u00e1 lo que contin\u00fae y dure hasta finalizar la tarde del domingo.<\/p>\n<p>Tendr\u00e1n dos tipos de inscripciones una de 15\u20ac para s\u00e1bado y domingo, y otra de 10\u20ac para el domingo, teniendo bolsa de regalo los primeros 300 inscritos.<\/p>\n<p><a href=\"https:\/\/static-blogs.hoy.es\/wp-content\/uploads\/sites\/45\/2023\/03\/SOBF-2023-Programa.jpg\"><img loading=\"lazy\" class=\"alignright size-medium wp-image-3314\" src=\"https:\/\/static-blogs.hoy.es\/wp-content\/uploads\/sites\/45\/2023\/03\/SOBF-2023-Programa-160x300.jpg\" alt=\"\" width=\"160\" height=\"300\" srcset=\"https:\/\/static-blogs.hoy.es\/wp-content\/uploads\/sites\/45\/2023\/03\/SOBF-2023-Programa-160x300.jpg 160w, https:\/\/static-blogs.hoy.es\/wp-content\/uploads\/sites\/45\/2023\/03\/SOBF-2023-Programa-768x1436.jpg 768w, https:\/\/static-blogs.hoy.es\/wp-content\/uploads\/sites\/45\/2023\/03\/SOBF-2023-Programa-548x1024.jpg 548w, https:\/\/static-blogs.hoy.es\/wp-content\/uploads\/sites\/45\/2023\/03\/SOBF-2023-Programa.jpg 982w\" sizes=\"(max-width: 160px) 100vw, 160px\" \/><\/a>Adjunto cartel con todos los horarios, en donde adem\u00e1s indican lo que entra con la inscripci\u00f3n:<\/p>\n<p>Sin duda ser\u00e1 un fin de semana con muchas motos en Montijo, hay ganas de rodar, de reunirse con los amigos, de conocer amigos nuevos, de ver motos, de comprobar si es verdad que como su nombre indican tienen la cerveza fr\u00eda.<\/p>\n<p>Cabe destacar que tendr\u00e1n zona de acampada, por lo que qui\u00e9n tenga pensado ir a comprobar bien lo de la cerveza fr\u00eda, que aproveche y compruebe si recuerda como se monta la tienda de campa\u00f1a.<\/p>\n<p>\u00bfTe lo vas a perder?<\/p>\n<p>Nos vemos por Montijo.<\/p>\n<p><a href=\"https:\/\/www.facebook.com\/moteroshoy\" rel=\"external nofollow\">Saludos y r\u00e1fagas<\/a>.<\/p>\n<!-- AddThis Advanced Settings generic via filter on the_content --><!-- AddThis Share Buttons generic via filter on the_content -->","protected":false},"excerpt":{"rendered":"<p>Alguno pensar\u00e1 en una concentraci\u00f3n motera donde habr\u00e1 cerveza fr\u00eda, pues ha acertado. En Montijo (Badajoz) hace un a\u00f1o surgi\u00f3 un nuevo grupo motero, bajo el nombre &#8220;SONS OF BIRRAFR\u00cdA&#8220;, a los que tambi\u00e9n se les conoce por sus iniciales &#8220;SOBF&#8220;, que como indica el t\u00edtulo de esta entrada significa &#8220;Hijos de la cerveza fr\u00eda&#8221; [&hellip;]<!-- AddThis Advanced Settings generic via filter on get_the_excerpt --><!-- AddThis Share Buttons generic via filter on get_the_excerpt --><\/p>\n","protected":false},"author":49,"featured_media":0,"comment_status":"open","ping_status":"closed","sticky":false,"template":"","format":"standard","meta":[],"categories":[5,9,13,1],"tags":[1512,194,1290,622,664,1511,1470],"_links":{"self":[{"href":"https:\/\/blogs.hoy.es\/moterosdehoy\/wp-json\/wp\/v2\/posts\/3312"}],"collection":[{"href":"https:\/\/blogs.hoy.es\/moterosdehoy\/wp-json\/wp\/v2\/posts"}],"about":[{"href":"https:\/\/blogs.hoy.es\/moterosdehoy\/wp-json\/wp\/v2\/types\/post"}],"author":[{"embeddable":true,"href":"https:\/\/blogs.hoy.es\/moterosdehoy\/wp-json\/wp\/v2\/users\/49"}],"replies":[{"embeddable":true,"href":"https:\/\/blogs.hoy.es\/moterosdehoy\/wp-json\/wp\/v2\/comments?post=3312"}],"version-history":[{"count":2,"href":"https:\/\/blogs.hoy.es\/moterosdehoy\/wp-json\/wp\/v2\/posts\/3312\/revisions"}],"predecessor-version":[{"id":3316,"href":"https:\/\/blogs.hoy.es\/moterosdehoy\/wp-json\/wp\/v2\/posts\/3312\/revisions\/3316"}],"wp:attachment":[{"href":"https:\/\/blogs.hoy.es\/moterosdehoy\/wp-json\/wp\/v2\/media?parent=3312"}],"wp:term":[{"taxonomy":"category","embeddable":true,"href":"https:\/\/blogs.hoy.es\/moterosdehoy\/wp-json\/wp\/v2\/categories?post=3312"},{"taxonomy":"post_tag","embeddable":true,"href":"https:\/\/blogs.hoy.es\/moterosdehoy\/wp-json\/wp\/v2\/tags?post=3312"}],"curies":[{"name":"wp","href":"https:\/\/api.w.org\/{rel}","templated":true}]}}