{"id":3317,"date":"2023-03-23T20:19:54","date_gmt":"2023-03-23T20:19:54","guid":{"rendered":"https:\/\/blogs.hoy.es\/moterosdehoy\/?p=3317"},"modified":"2023-03-24T08:29:41","modified_gmt":"2023-03-24T08:29:41","slug":"homenaje-a-to-ganga-en-borba-portugal","status":"publish","type":"post","link":"https:\/\/blogs.hoy.es\/moterosdehoy\/2023\/03\/23\/homenaje-a-to-ganga-en-borba-portugal\/","title":{"rendered":"Homenaje a T\u00f3 Ganga, en Borba (Portugal)"},"content":{"rendered":"<p>El 25 de marzo tendremos en <a href=\"https:\/\/es.wikipedia.org\/wiki\/Borba_(Portugal)\" rel=\"external nofollow\">Borba<\/a> (Portugal) un homenaje a un motociclista y m\u00fasico fallecido en un accidente.<\/p>\n<p><a href=\"https:\/\/static-blogs.hoy.es\/wp-content\/uploads\/sites\/45\/2023\/03\/Homenagem-a-To-Ganga.jpg\"><img loading=\"lazy\" class=\"alignleft size-medium wp-image-3318\" src=\"https:\/\/static-blogs.hoy.es\/wp-content\/uploads\/sites\/45\/2023\/03\/Homenagem-a-To-Ganga-300x212.jpg\" alt=\"\" width=\"300\" height=\"212\" srcset=\"https:\/\/static-blogs.hoy.es\/wp-content\/uploads\/sites\/45\/2023\/03\/Homenagem-a-To-Ganga-300x212.jpg 300w, https:\/\/static-blogs.hoy.es\/wp-content\/uploads\/sites\/45\/2023\/03\/Homenagem-a-To-Ganga-768x543.jpg 768w, https:\/\/static-blogs.hoy.es\/wp-content\/uploads\/sites\/45\/2023\/03\/Homenagem-a-To-Ganga-1024x724.jpg 1024w, https:\/\/static-blogs.hoy.es\/wp-content\/uploads\/sites\/45\/2023\/03\/Homenagem-a-To-Ganga.jpg 1440w\" sizes=\"(max-width: 300px) 100vw, 300px\" \/><\/a>Son muchos los moteros que terminan su camino en un accidente, unos m\u00e1s conocidos, otros menos. En el caso de &#8220;T\u00f3 Ganga&#8221; son muchos los amigos que ha dejado, sin olvidar a su familia, y no quieren dejarlo en el olvido, que mejor forma que unir sus tres pasiones: Por un lado las motos, por lo que ir\u00e1n muchas motos, por otro lado la m\u00fasica, ser\u00e1 una tarde de conciertos, nada menos que seis grupos puestos en cartel, y sin olvidar a su tercera pasi\u00f3n &#8220;<a href=\"https:\/\/www.facebook.com\/profile.php?id=100008666955144\" rel=\"external nofollow\">Manuela Ganga<\/a>&#8220;, que por supuesto tambi\u00e9n estar\u00e1 en el homenaje, y ha sido la responsable de que se lleve a cabo.<\/p>\n<p>Como dice el cartel dar\u00e1 comienzo a las 16:00 horas, pero es hora portuguesa, para los que vayamos desde Espa\u00f1a tenemos una hora para llegar y con el cambio de hora ser\u00e1 nuestras 17:00h, y tendr\u00e1 lugar en el pabell\u00f3n del recinto ferial.<\/p>\n<p>Seguidamente comenzar\u00e1n los conciertos, y de Badajoz asistir\u00e1 &#8220;<a href=\"https:\/\/www.facebook.com\/omniatransitguitar\" rel=\"external nofollow\">Omnia Transit<\/a>&#8221; que comenzar\u00e1n a las 17:20h, ah\u00ed ya estoy liado si es hora de Espa\u00f1a o Portugal.<\/p>\n<p>Est\u00e1 claro que ser\u00e1 un gran homenaje, y que asistir\u00e1n muchos amigos tanto del mundo de las dos ruedas, como de la m\u00fasica. \u00bfTe lo vas a perder?<\/p>\n<p>Saludos y r\u00e1fagas.<\/p>\n<!-- AddThis Advanced Settings generic via filter on the_content --><!-- AddThis Share Buttons generic via filter on the_content -->","protected":false},"excerpt":{"rendered":"<p>El 25 de marzo tendremos en Borba (Portugal) un homenaje a un motociclista y m\u00fasico fallecido en un accidente. Son muchos los moteros que terminan su camino en un accidente, unos m\u00e1s conocidos, otros menos. En el caso de &#8220;T\u00f3 Ganga&#8221; son muchos los amigos que ha dejado, sin olvidar a su familia, y no [&hellip;]<!-- AddThis Advanced Settings generic via filter on get_the_excerpt --><!-- AddThis Share Buttons generic via filter on get_the_excerpt --><\/p>\n","protected":false},"author":49,"featured_media":0,"comment_status":"open","ping_status":"closed","sticky":false,"template":"","format":"standard","meta":[],"categories":[5,9,13,1],"tags":[1303,1513,622],"_links":{"self":[{"href":"https:\/\/blogs.hoy.es\/moterosdehoy\/wp-json\/wp\/v2\/posts\/3317"}],"collection":[{"href":"https:\/\/blogs.hoy.es\/moterosdehoy\/wp-json\/wp\/v2\/posts"}],"about":[{"href":"https:\/\/blogs.hoy.es\/moterosdehoy\/wp-json\/wp\/v2\/types\/post"}],"author":[{"embeddable":true,"href":"https:\/\/blogs.hoy.es\/moterosdehoy\/wp-json\/wp\/v2\/users\/49"}],"replies":[{"embeddable":true,"href":"https:\/\/blogs.hoy.es\/moterosdehoy\/wp-json\/wp\/v2\/comments?post=3317"}],"version-history":[{"count":3,"href":"https:\/\/blogs.hoy.es\/moterosdehoy\/wp-json\/wp\/v2\/posts\/3317\/revisions"}],"predecessor-version":[{"id":3321,"href":"https:\/\/blogs.hoy.es\/moterosdehoy\/wp-json\/wp\/v2\/posts\/3317\/revisions\/3321"}],"wp:attachment":[{"href":"https:\/\/blogs.hoy.es\/moterosdehoy\/wp-json\/wp\/v2\/media?parent=3317"}],"wp:term":[{"taxonomy":"category","embeddable":true,"href":"https:\/\/blogs.hoy.es\/moterosdehoy\/wp-json\/wp\/v2\/categories?post=3317"},{"taxonomy":"post_tag","embeddable":true,"href":"https:\/\/blogs.hoy.es\/moterosdehoy\/wp-json\/wp\/v2\/tags?post=3317"}],"curies":[{"name":"wp","href":"https:\/\/api.w.org\/{rel}","templated":true}]}}