{"id":3323,"date":"2023-04-06T16:05:54","date_gmt":"2023-04-06T16:05:54","guid":{"rendered":"https:\/\/blogs.hoy.es\/moterosdehoy\/?p=3323"},"modified":"2023-04-07T18:14:15","modified_gmt":"2023-04-07T18:14:15","slug":"semana-de-la-educacion-vial-en-badajoz","status":"publish","type":"post","link":"https:\/\/blogs.hoy.es\/moterosdehoy\/2023\/04\/06\/semana-de-la-educacion-vial-en-badajoz\/","title":{"rendered":"Semana de la Educaci\u00f3n Vial en Badajoz"},"content":{"rendered":"<h3>Del d\u00eda 18 al 21 de abril de 2023 se celebrar\u00e1 en IFEBA (Badajoz) la semana de la Educaci\u00f3n Vial.<\/h3>\n<p>Entre las actividades que se desarrollar\u00e1n, hay simulacros de rescate en siniestros viales y un circuito de conducci\u00f3n.<\/p>\n<p><a href=\"https:\/\/static-blogs.hoy.es\/wp-content\/uploads\/sites\/45\/2023\/04\/Semana-Educaci\u00f3n-Vial.jpg\"><img loading=\"lazy\" class=\"alignleft size-medium wp-image-3324\" src=\"https:\/\/static-blogs.hoy.es\/wp-content\/uploads\/sites\/45\/2023\/04\/Semana-Educaci\u00f3n-Vial-214x300.jpg\" alt=\"\" width=\"214\" height=\"300\" srcset=\"https:\/\/static-blogs.hoy.es\/wp-content\/uploads\/sites\/45\/2023\/04\/Semana-Educaci\u00f3n-Vial-214x300.jpg 214w, https:\/\/static-blogs.hoy.es\/wp-content\/uploads\/sites\/45\/2023\/04\/Semana-Educaci\u00f3n-Vial-768x1078.jpg 768w, https:\/\/static-blogs.hoy.es\/wp-content\/uploads\/sites\/45\/2023\/04\/Semana-Educaci\u00f3n-Vial-729x1024.jpg 729w, https:\/\/static-blogs.hoy.es\/wp-content\/uploads\/sites\/45\/2023\/04\/Semana-Educaci\u00f3n-Vial.jpg 916w\" sizes=\"(max-width: 214px) 100vw, 214px\" \/><\/a>El evento estar\u00e1 abierto en horarios de ma\u00f1ana desde el martes al viernes, en el recinto ferial de IFEBA. Si bien, es de tener en cuenta que est\u00e1 enfocado a los centros educativos, contando con estudiantes de entre los 11 y 16 a\u00f1os, tanto del propio Badajoz como de pedan\u00edas colindantes, pero que ya han confirmado su asistencia. Ha sido una ardua labor desde la &#8220;Concejal\u00eda de Educaci\u00f3n del Ayto. de Badajoz&#8221;, para programar horarios, organizar asistentes, colaboradores y actividades, pues dan mucha importancia a la Educaci\u00f3n Vial.<\/p>\n<p>Antes de la pandemia ya se hab\u00eda realizado en dos ocasiones tambi\u00e9n en Badajoz, pero es la primera edici\u00f3n que se toma como &#8220;Semana de la Educaci\u00f3n Vial&#8221;, cada vez que se realiza se incorporan nuevas organizaciones, fundaciones, asociaciones&#8230; una iniciativa que presenta un gran futuro.<\/p>\n<p>La <a href=\"http:\/\/www.moterosdehoy.es\/\" rel=\"external nofollow\">Asociaci\u00f3n Moteros de Hoy<\/a>, colaborar\u00e1 con un stand informativo en el que informar\u00e1 de su nuevo proyecto: <a href=\"http:\/\/www.moterosdehoy.es\/12-meses-12-causas-en-seguridad-vial\/\" rel=\"external nofollow\"><strong>12 meses 12 causas en Seguridad Vial<\/strong><\/a>, incorpor\u00e1ndose al proyecto en el que tambi\u00e9n tendr\u00e1n representaci\u00f3n la Concejal\u00eda de Educaci\u00f3n y Polic\u00eda Local de Badajoz, <a href=\"https:\/\/www.dgt.es\/inicio\/\" rel=\"external nofollow\">DGT<\/a> (a trav\u00e9s de la Jefatura Provincial de Tr\u00e1fico de Badajoz), <a href=\"https:\/\/www.guardiacivil.es\/es\/index.html\" rel=\"external nofollow\">Guardia Civil<\/a> (desde el Sector de Tr\u00e1fico de Extremadura), <a href=\"https:\/\/www2.cruzroja.es\/\" rel=\"external nofollow\">Cruz Roja<\/a>, Bomberos, Mapfre, <a href=\"https:\/\/institutosfp.com\/centro\/ies-san-jose-badajoz\" rel=\"external nofollow\">IES San Jos\u00e9<\/a>, <a href=\"https:\/\/www.cocemfebadajoz.org\/index.php\/quienes-somos\/\" rel=\"external nofollow\">COCEMFE<\/a>, Renault, <a href=\"https:\/\/www.tiresur.com\/\" rel=\"external nofollow\">Tiresur<\/a>, CNAE, y MINITS, sin olvidar al resto de colaboradores que de uno u otro modo colaboran con el evento y aparecen en el cartel del mismo, sin los que ser\u00eda muy dif\u00edcil poder realizarlo.<\/p>\n<p>Todo un reto. Esperemos que en pr\u00f3ximas ediciones pueda haber alg\u00fan d\u00eda abierto para el p\u00fablico en general. La Educaci\u00f3n Vial nos implica a todos de un modo u otro, pues a\u00fan no siendo conductor, se puede ser pasajero o peat\u00f3n.<\/p>\n<p>Saludos y r\u00e1fagas.<\/p>\n<!-- AddThis Advanced Settings generic via filter on the_content --><!-- AddThis Share Buttons generic via filter on the_content -->","protected":false},"excerpt":{"rendered":"<p>Del d\u00eda 18 al 21 de abril de 2023 se celebrar\u00e1 en IFEBA (Badajoz) la semana de la Educaci\u00f3n Vial. Entre las actividades que se desarrollar\u00e1n, hay simulacros de rescate en siniestros viales y un circuito de conducci\u00f3n. El evento estar\u00e1 abierto en horarios de ma\u00f1ana desde el martes al viernes, en el recinto ferial [&hellip;]<!-- AddThis Advanced Settings generic via filter on get_the_excerpt --><!-- AddThis Share Buttons generic via filter on get_the_excerpt --><\/p>\n","protected":false},"author":49,"featured_media":0,"comment_status":"open","ping_status":"closed","sticky":false,"template":"","format":"standard","meta":[],"categories":[9,12,13,1],"tags":[87,1515,477,622,1514],"_links":{"self":[{"href":"https:\/\/blogs.hoy.es\/moterosdehoy\/wp-json\/wp\/v2\/posts\/3323"}],"collection":[{"href":"https:\/\/blogs.hoy.es\/moterosdehoy\/wp-json\/wp\/v2\/posts"}],"about":[{"href":"https:\/\/blogs.hoy.es\/moterosdehoy\/wp-json\/wp\/v2\/types\/post"}],"author":[{"embeddable":true,"href":"https:\/\/blogs.hoy.es\/moterosdehoy\/wp-json\/wp\/v2\/users\/49"}],"replies":[{"embeddable":true,"href":"https:\/\/blogs.hoy.es\/moterosdehoy\/wp-json\/wp\/v2\/comments?post=3323"}],"version-history":[{"count":8,"href":"https:\/\/blogs.hoy.es\/moterosdehoy\/wp-json\/wp\/v2\/posts\/3323\/revisions"}],"predecessor-version":[{"id":3332,"href":"https:\/\/blogs.hoy.es\/moterosdehoy\/wp-json\/wp\/v2\/posts\/3323\/revisions\/3332"}],"wp:attachment":[{"href":"https:\/\/blogs.hoy.es\/moterosdehoy\/wp-json\/wp\/v2\/media?parent=3323"}],"wp:term":[{"taxonomy":"category","embeddable":true,"href":"https:\/\/blogs.hoy.es\/moterosdehoy\/wp-json\/wp\/v2\/categories?post=3323"},{"taxonomy":"post_tag","embeddable":true,"href":"https:\/\/blogs.hoy.es\/moterosdehoy\/wp-json\/wp\/v2\/tags?post=3323"}],"curies":[{"name":"wp","href":"https:\/\/api.w.org\/{rel}","templated":true}]}}