{"id":3344,"date":"2023-06-08T20:34:21","date_gmt":"2023-06-08T20:34:21","guid":{"rendered":"https:\/\/blogs.hoy.es\/moterosdehoy\/?p=3344"},"modified":"2023-06-09T11:53:19","modified_gmt":"2023-06-09T11:53:19","slug":"v-concentracion-motera-moraleja-biker","status":"publish","type":"post","link":"https:\/\/blogs.hoy.es\/moterosdehoy\/2023\/06\/08\/v-concentracion-motera-moraleja-biker\/","title":{"rendered":"V Concentraci\u00f3n motera Moraleja Biker"},"content":{"rendered":"<h3>Tenemos el tiempo revuelto, pero tambi\u00e9n tenemos ganas de buenas rutas en moto.<\/h3>\n<p><a href=\"https:\/\/static-blogs.hoy.es\/wp-content\/uploads\/sites\/45\/2023\/06\/V-Concentra-Moraleja-Biker.jpg\"><img loading=\"lazy\" class=\"alignleft size-medium wp-image-3348\" src=\"https:\/\/static-blogs.hoy.es\/wp-content\/uploads\/sites\/45\/2023\/06\/V-Concentra-Moraleja-Biker-214x300.jpg\" alt=\"\" width=\"214\" height=\"300\" srcset=\"https:\/\/static-blogs.hoy.es\/wp-content\/uploads\/sites\/45\/2023\/06\/V-Concentra-Moraleja-Biker-214x300.jpg 214w, https:\/\/static-blogs.hoy.es\/wp-content\/uploads\/sites\/45\/2023\/06\/V-Concentra-Moraleja-Biker.jpg 686w\" sizes=\"(max-width: 214px) 100vw, 214px\" \/><\/a>Este fin de semana tenemos la <strong>quinta concentraci\u00f3n motera &#8220;Moraleja Biker&#8221;<\/strong>, tendr\u00e1 lugar desde el 9 al 11 de junio de 2023.<\/p>\n<p>Es una buena concentraci\u00f3n motera, con quedada y sirviendo de base la Sede del club motero, ruta del s\u00e1bado por Sierra de Gata, y otra bar\u00edtima el domingo, fiesta, conciertos y \u201czona de acampada\u201d en el merendero\/polideportivo municipal, para que puedas beber unas cervecitas o lo que te parezca y no tengas que coger la moto.<\/p>\n<p><a href=\"https:\/\/www.facebook.com\/profile.php?id=100063963492583\" rel=\"external nofollow\">Moraleja Biker<\/a>, es uno de los cinco clubes que tienen firmado un <a href=\"https:\/\/blogs.hoy.es\/moterosdehoy\/2022\/03\/20\/moteros-firman-acuerdo-para-dar-visibilidad-a-ela\/\">convenio de colaboraci\u00f3n en Extremadura<\/a> para dar visibilidad a la <strong><a href=\"https:\/\/elaextremadura.org\/\" rel=\"external nofollow\">ELA<\/a> <\/strong>(esclerosis lateral amiotr\u00f3fica), y uno de los eslogan es #QueCadaKmSume por lo que, ya tienes un buen motivo para pasarte por all\u00ed.<\/p>\n<p>Dentro de las actividades que tienen programadas:<\/p>\n<p><strong>Para el VIERNES<\/strong>.<\/p>\n<p>Desde las 17h recepci\u00f3n de moteros, inscripciones, fiesta y m\u00e1s fiesta. Evento musical por DJ ISRA a las 22h. Tienen una <strong>inscripci\u00f3n de 30 euros<\/strong>, para todo el fin de semana.<\/p>\n<p><strong>Para el SABADO<\/strong>.<\/p>\n<p>Apertura de inscripciones a las 9 de la ma\u00f1ana.<\/p>\n<p>11:30h, ruta por la Sierra de Gata, con parada sobre las 12:15h en Torre de Don Miguel.<\/p>\n<p>13:30h, regreso a la Sede de Moraleja Biker, y comida a las 15h.<\/p>\n<p>21h, cena para inscritos.<\/p>\n<p>22h, homenaje a motoristas fallecidos.<\/p>\n<p>22:30h, concierto de Sarvaje Tren.<\/p>\n<p><strong>Para el DOMINGO<\/strong>.<\/p>\n<p>11:00h, apertura.<\/p>\n<p>11:30h, ruta bar\u00edtima por Moraleja.<\/p>\n<p>14:30h. comida en la sede, sorteos, regalos, despedida y cierre.<\/p>\n<p>Como pod\u00e9is ver tiene todos los ingredientes para pasar un buen fin de semana motero. \u00bfTe lo vas a perder?<\/p>\n<p>El enclave que tiene la localidad de <a href=\"https:\/\/www.moraleja.es\/\" rel=\"external nofollow\">Moraleja<\/a> har\u00e1 que vayas desde donde vayas disfrutar\u00e1s de buenas curvas y preciosos paisajes. <strong>\u00a1Nos vemos en Moraleja!<\/strong><\/p>\n<p>Saludos y r\u00e1fagas.<\/p>\n<!-- AddThis Advanced Settings generic via filter on the_content --><!-- AddThis Share Buttons generic via filter on the_content -->","protected":false},"excerpt":{"rendered":"<p>Tenemos el tiempo revuelto, pero tambi\u00e9n tenemos ganas de buenas rutas en moto. Este fin de semana tenemos la quinta concentraci\u00f3n motera &#8220;Moraleja Biker&#8221;, tendr\u00e1 lugar desde el 9 al 11 de junio de 2023. Es una buena concentraci\u00f3n motera, con quedada y sirviendo de base la Sede del club motero, ruta del s\u00e1bado por [&hellip;]<!-- AddThis Advanced Settings generic via filter on get_the_excerpt --><!-- AddThis Share Buttons generic via filter on get_the_excerpt --><\/p>\n","protected":false},"author":49,"featured_media":0,"comment_status":"open","ping_status":"closed","sticky":false,"template":"","format":"standard","meta":[],"categories":[5,9,13,1],"tags":[1496,1048,618,622,664,1517],"_links":{"self":[{"href":"https:\/\/blogs.hoy.es\/moterosdehoy\/wp-json\/wp\/v2\/posts\/3344"}],"collection":[{"href":"https:\/\/blogs.hoy.es\/moterosdehoy\/wp-json\/wp\/v2\/posts"}],"about":[{"href":"https:\/\/blogs.hoy.es\/moterosdehoy\/wp-json\/wp\/v2\/types\/post"}],"author":[{"embeddable":true,"href":"https:\/\/blogs.hoy.es\/moterosdehoy\/wp-json\/wp\/v2\/users\/49"}],"replies":[{"embeddable":true,"href":"https:\/\/blogs.hoy.es\/moterosdehoy\/wp-json\/wp\/v2\/comments?post=3344"}],"version-history":[{"count":3,"href":"https:\/\/blogs.hoy.es\/moterosdehoy\/wp-json\/wp\/v2\/posts\/3344\/revisions"}],"predecessor-version":[{"id":3349,"href":"https:\/\/blogs.hoy.es\/moterosdehoy\/wp-json\/wp\/v2\/posts\/3344\/revisions\/3349"}],"wp:attachment":[{"href":"https:\/\/blogs.hoy.es\/moterosdehoy\/wp-json\/wp\/v2\/media?parent=3344"}],"wp:term":[{"taxonomy":"category","embeddable":true,"href":"https:\/\/blogs.hoy.es\/moterosdehoy\/wp-json\/wp\/v2\/categories?post=3344"},{"taxonomy":"post_tag","embeddable":true,"href":"https:\/\/blogs.hoy.es\/moterosdehoy\/wp-json\/wp\/v2\/tags?post=3344"}],"curies":[{"name":"wp","href":"https:\/\/api.w.org\/{rel}","templated":true}]}}