{"id":3350,"date":"2023-06-14T17:01:16","date_gmt":"2023-06-14T17:01:16","guid":{"rendered":"https:\/\/blogs.hoy.es\/moterosdehoy\/?p=3350"},"modified":"2023-06-14T17:01:16","modified_gmt":"2023-06-14T17:01:16","slug":"trujillo-acogera-un-evento-motero-para-dar-visibilidad-a-la-ela","status":"publish","type":"post","link":"https:\/\/blogs.hoy.es\/moterosdehoy\/2023\/06\/14\/trujillo-acogera-un-evento-motero-para-dar-visibilidad-a-la-ela\/","title":{"rendered":"Trujillo acoger\u00e1 un evento motero para dar visibilidad a la ELA"},"content":{"rendered":"<h3>Bajo el nombre de &#8220;IV Edici\u00f3n ruta-ofrenda floral Clubs moteros de Extremadura unidos para dar visibilidad a la ELA&#8221;, se celebrar\u00e1 un encuentro motero cuyo fin es dar visibilidad a la enfermedad ELA.<\/h3>\n<p>Quiz\u00e1s un nombre de evento muy largo y casi imposible de recordar, pero deja claro que se trata de una ofrenda floral, que es su cuarta edici\u00f3n, que los moteros de Extremadura est\u00e1n unidos, y sobre todo, que quieren dar visibilidad de la <a href=\"https:\/\/elaextremadura.org\/\" rel=\"external nofollow\">enfermedad ELA<\/a> (esclerosis lateral amiotr\u00f3fica)<\/p>\n<p><a href=\"https:\/\/static-blogs.hoy.es\/wp-content\/uploads\/sites\/45\/2023\/06\/Trujillo-ELA-2023.jpg\"><img loading=\"lazy\" class=\"alignleft size-medium wp-image-3351\" src=\"https:\/\/static-blogs.hoy.es\/wp-content\/uploads\/sites\/45\/2023\/06\/Trujillo-ELA-2023-217x300.jpg\" alt=\"\" width=\"217\" height=\"300\" srcset=\"https:\/\/static-blogs.hoy.es\/wp-content\/uploads\/sites\/45\/2023\/06\/Trujillo-ELA-2023-217x300.jpg 217w, https:\/\/static-blogs.hoy.es\/wp-content\/uploads\/sites\/45\/2023\/06\/Trujillo-ELA-2023-768x1061.jpg 768w, https:\/\/static-blogs.hoy.es\/wp-content\/uploads\/sites\/45\/2023\/06\/Trujillo-ELA-2023-741x1024.jpg 741w, https:\/\/static-blogs.hoy.es\/wp-content\/uploads\/sites\/45\/2023\/06\/Trujillo-ELA-2023.jpg 1158w\" sizes=\"(max-width: 217px) 100vw, 217px\" \/><\/a>El evento tendr\u00e1 lugar los d\u00edas 17 y 18 de junio, en la localidad de <a href=\"https:\/\/es.wikipedia.org\/wiki\/Trujillo_(Espa%C3%B1a)\" rel=\"external nofollow\">Trujillo<\/a>, y tendr\u00e1 el siguiente desarrollo:<\/p>\n<p><span style=\"text-decoration: underline;\"><strong>S\u00e1bado 17<\/strong><\/span><\/p>\n<p>Al medio d\u00eda el personal de \u201c<a href=\"https:\/\/www.facebook.com\/bikersporlaela\" rel=\"external nofollow\">Bikers por la ELA<\/a>\u201d se reunir\u00e1 en el restaurante \u201cRUTA 66\u201d de Conquista de la Sierra. Al ser un restaurante y para el que quiera tener alg\u00fan contacto cercano con Bikers por la ELA puede acudir.<\/p>\n<p>A las 21:00h, en \u201cLa Abad\u00eda\u201d de la localidad de Trujillo, m\u00fasica y DJ, con refrigerios y bocadillos a precios especiales.<\/p>\n<p><strong><span style=\"text-decoration: underline;\">Domingo 18<\/span><\/strong><\/p>\n<p><strong>10:45h, punto de encuentro<\/strong>\u00a0en la explanada junto a la Plaza de toros de <a href=\"https:\/\/www.trujillo.es\/\" rel=\"external nofollow\">Trujillo<\/a>, para subir todas las motocicletas juntas a entrar en la Plaza Mayor.<\/p>\n<p>11:10h, entrar\u00e1 en la Plaza el personal de \u201cBikers por la ELA\u201d, finalizando la caravana de motocicletas.<\/p>\n<p><strong>11:15h, Ofrenda Floral a la Virgen de la Victoria<\/strong>. En la iglesia sita en la Plaza Mayor, se har\u00e1 una entrega de ramos de flores por parte de todos los grupos moteros asistentes y se asistir\u00e1 a una misa, en memoria de todos los afectados que nos han dejado a lo largo del \u00faltimo a\u00f1o.<\/p>\n<p>12:00h, traslado de las motocicletas al recinto de la piscina municipal de Trujillo \u201cBar Bocaito\u201d, con comida y bebida a precios especiales. Se espera buen tiempo y la piscina estar\u00e1 abierta, por lo que, se recomienda llevar ba\u00f1ador.<\/p>\n<p>Se trata de un evento motero, con su trasfondo solidario, con la \u00fanica intenci\u00f3n de dar visibilidad a esa cruel enfermedad y todos sus afectados, tanto directa, como indirectamente. No lo dudes, vamos a hacer fuerza entre todos, de ese modo ser\u00e1 m\u00e1s f\u00e1cil el objetivo de darle visibilidad. Recuerda que esa cruel enfermedad no entiende de grupos, colores, religiones&#8230;<\/p>\n<p>Esta edici\u00f3n ser\u00e1 muy emotiva, pues no se iba a realizar en Trujillo, pero tras fallecer &#8220;Rosa Jim\u00e9nez Garc\u00eda&#8221; por el ELA, motera y vecina de Trujillo, se decidi\u00f3 de cambiar la ubicaci\u00f3n y realizarlo en Trujillo. Seguro que la localidad se volcar\u00e1 con el evento, ella nos guiar\u00e1 en la ruta desde el cielo.<\/p>\n<p>\u00a1Vamos a Trujillo!<\/p>\n<p>Saludos y r\u00e1fagas.<\/p>\n<!-- AddThis Advanced Settings generic via filter on the_content --><!-- AddThis Share Buttons generic via filter on the_content -->","protected":false},"excerpt":{"rendered":"<p>Bajo el nombre de &#8220;IV Edici\u00f3n ruta-ofrenda floral Clubs moteros de Extremadura unidos para dar visibilidad a la ELA&#8221;, se celebrar\u00e1 un encuentro motero cuyo fin es dar visibilidad a la enfermedad ELA. Quiz\u00e1s un nombre de evento muy largo y casi imposible de recordar, pero deja claro que se trata de una ofrenda floral, [&hellip;]<!-- AddThis Advanced Settings generic via filter on get_the_excerpt --><!-- AddThis Share Buttons generic via filter on get_the_excerpt --><\/p>\n","protected":false},"author":49,"featured_media":0,"comment_status":"open","ping_status":"closed","sticky":false,"template":"","format":"standard","meta":[],"categories":[9,13,1],"tags":[1149,622,1518,1230],"_links":{"self":[{"href":"https:\/\/blogs.hoy.es\/moterosdehoy\/wp-json\/wp\/v2\/posts\/3350"}],"collection":[{"href":"https:\/\/blogs.hoy.es\/moterosdehoy\/wp-json\/wp\/v2\/posts"}],"about":[{"href":"https:\/\/blogs.hoy.es\/moterosdehoy\/wp-json\/wp\/v2\/types\/post"}],"author":[{"embeddable":true,"href":"https:\/\/blogs.hoy.es\/moterosdehoy\/wp-json\/wp\/v2\/users\/49"}],"replies":[{"embeddable":true,"href":"https:\/\/blogs.hoy.es\/moterosdehoy\/wp-json\/wp\/v2\/comments?post=3350"}],"version-history":[{"count":1,"href":"https:\/\/blogs.hoy.es\/moterosdehoy\/wp-json\/wp\/v2\/posts\/3350\/revisions"}],"predecessor-version":[{"id":3352,"href":"https:\/\/blogs.hoy.es\/moterosdehoy\/wp-json\/wp\/v2\/posts\/3350\/revisions\/3352"}],"wp:attachment":[{"href":"https:\/\/blogs.hoy.es\/moterosdehoy\/wp-json\/wp\/v2\/media?parent=3350"}],"wp:term":[{"taxonomy":"category","embeddable":true,"href":"https:\/\/blogs.hoy.es\/moterosdehoy\/wp-json\/wp\/v2\/categories?post=3350"},{"taxonomy":"post_tag","embeddable":true,"href":"https:\/\/blogs.hoy.es\/moterosdehoy\/wp-json\/wp\/v2\/tags?post=3350"}],"curies":[{"name":"wp","href":"https:\/\/api.w.org\/{rel}","templated":true}]}}