{"id":3359,"date":"2023-07-14T14:27:13","date_gmt":"2023-07-14T14:27:13","guid":{"rendered":"https:\/\/blogs.hoy.es\/moterosdehoy\/?p=3359"},"modified":"2023-07-14T14:27:13","modified_gmt":"2023-07-14T14:27:13","slug":"vii-festival-rolling-custom-club","status":"publish","type":"post","link":"https:\/\/blogs.hoy.es\/moterosdehoy\/2023\/07\/14\/vii-festival-rolling-custom-club\/","title":{"rendered":"VII Festival Rolling Custom Club"},"content":{"rendered":"<h3>Hoy 14 de julio arranca en Plasencia (C\u00e1ceres) el VII Festival Rolling Custom Rock.<\/h3>\n<p>Vamos a por la s\u00e9ptima edici\u00f3n del Festival Rolling Custom Club, ser\u00e1 la segunda que se realice en su Sede, para lo que, a lo largo de la tarde de hoy estar\u00e1n con sus puertas abiertas para ir recibiendo al personal.<\/p>\n<div id=\"attachment_3360\" style=\"width: 195px\" class=\"wp-caption alignleft\"><a href=\"https:\/\/static-blogs.hoy.es\/wp-content\/uploads\/sites\/45\/2023\/07\/VII-Festival-Rolling-Custom-Club.jpg\"><img aria-describedby=\"caption-attachment-3360\" loading=\"lazy\" class=\"size-medium wp-image-3360\" src=\"https:\/\/static-blogs.hoy.es\/wp-content\/uploads\/sites\/45\/2023\/07\/VII-Festival-Rolling-Custom-Club-185x300.jpg\" alt=\"\" width=\"185\" height=\"300\" srcset=\"https:\/\/static-blogs.hoy.es\/wp-content\/uploads\/sites\/45\/2023\/07\/VII-Festival-Rolling-Custom-Club-185x300.jpg 185w, https:\/\/static-blogs.hoy.es\/wp-content\/uploads\/sites\/45\/2023\/07\/VII-Festival-Rolling-Custom-Club-768x1244.jpg 768w, https:\/\/static-blogs.hoy.es\/wp-content\/uploads\/sites\/45\/2023\/07\/VII-Festival-Rolling-Custom-Club-632x1024.jpg 632w, https:\/\/static-blogs.hoy.es\/wp-content\/uploads\/sites\/45\/2023\/07\/VII-Festival-Rolling-Custom-Club.jpg 790w\" sizes=\"(max-width: 185px) 100vw, 185px\" \/><\/a><p id=\"caption-attachment-3360\" class=\"wp-caption-text\">Cartel del evento<\/p><\/div>\n<p>La Sede del \u201cRolling\u201d se encuentra en el Pol\u00edgono industrial CEPANSA, nave 11, 10600 Plasencia (C\u00e1ceres), para los despistados o que a\u00fan no han tenido el placer de poder visitarlos.<\/p>\n<p>Como se trata de un festival de la mano de un Custom Club, habr\u00e1 motos, moteros, m\u00fasica, cerveza, posibilidad de acampar, buen ambiente, ruta por la localidad\u2026 por supuesto tambi\u00e9n se puede asistir sin moto y es una fiesta abierta a todo el p\u00fablico. Con la entrada gratuita y una inscripci\u00f3n de 15 euros para la comida del s\u00e1bado.<\/p>\n<p>El s\u00e1bado ser\u00e1 el d\u00eda grande, con apertura de inscripciones desde las 9 horas, con la que tendr\u00e1s derecho a la comida y dos consumiciones. A las 11 iniciar\u00e1 una ruta por ciudad con parada en la Plaza Mayor, y a las 12:30 regreso a la Sede, donde dar\u00e1n comienzo las actuaciones musicales.<\/p>\n<ul>\n<li>12:30h, Dj Maxi Rock<\/li>\n<li>14:30h, Comida.<\/li>\n<li>16:00h, Dj Maxi Rock<\/li>\n<li>18:00h, Concierto Despojitos Rastrojeros.<\/li>\n<li>19:30h, Concierto Lobo Negro.<\/li>\n<li>21:00h, Concierto Thora.<\/li>\n<\/ul>\n<p>A la hora de la comida y para evitar que alguien se quede sin comida, habr\u00e1 disponible un FoodTruck junto a la Sede.<\/p>\n<p>Adem\u00e1s, como en todas sus ediciones colaborar\u00e1n con una asociaci\u00f3n de ayuda a enfermedades raras, en esta ocasi\u00f3n los beneficios que se puedan obtener ir\u00e1n destinados a AEFOP (Asociaci\u00f3n Espa\u00f1ola de Fibrodisplasia Osificante Progresiva).<\/p>\n<p>Seguro que ser\u00e1 un gran festival, y como en ediciones anteriores con entrada gratuita \u00bfTE LO VAS A PERDER?<\/p>\n<p>Saludos y r\u00e1fagas.<\/p>\n<!-- AddThis Advanced Settings generic via filter on the_content --><!-- AddThis Share Buttons generic via filter on the_content -->","protected":false},"excerpt":{"rendered":"<p>Hoy 14 de julio arranca en Plasencia (C\u00e1ceres) el VII Festival Rolling Custom Rock. Vamos a por la s\u00e9ptima edici\u00f3n del Festival Rolling Custom Club, ser\u00e1 la segunda que se realice en su Sede, para lo que, a lo largo de la tarde de hoy estar\u00e1n con sus puertas abiertas para ir recibiendo al personal. [&hellip;]<!-- AddThis Advanced Settings generic via filter on get_the_excerpt --><!-- AddThis Share Buttons generic via filter on get_the_excerpt --><\/p>\n","protected":false},"author":49,"featured_media":0,"comment_status":"open","ping_status":"closed","sticky":false,"template":"","format":"standard","meta":[],"categories":[5,9,13,1],"tags":[1522,618,622,664,1133,1092,1523],"_links":{"self":[{"href":"https:\/\/blogs.hoy.es\/moterosdehoy\/wp-json\/wp\/v2\/posts\/3359"}],"collection":[{"href":"https:\/\/blogs.hoy.es\/moterosdehoy\/wp-json\/wp\/v2\/posts"}],"about":[{"href":"https:\/\/blogs.hoy.es\/moterosdehoy\/wp-json\/wp\/v2\/types\/post"}],"author":[{"embeddable":true,"href":"https:\/\/blogs.hoy.es\/moterosdehoy\/wp-json\/wp\/v2\/users\/49"}],"replies":[{"embeddable":true,"href":"https:\/\/blogs.hoy.es\/moterosdehoy\/wp-json\/wp\/v2\/comments?post=3359"}],"version-history":[{"count":2,"href":"https:\/\/blogs.hoy.es\/moterosdehoy\/wp-json\/wp\/v2\/posts\/3359\/revisions"}],"predecessor-version":[{"id":3362,"href":"https:\/\/blogs.hoy.es\/moterosdehoy\/wp-json\/wp\/v2\/posts\/3359\/revisions\/3362"}],"wp:attachment":[{"href":"https:\/\/blogs.hoy.es\/moterosdehoy\/wp-json\/wp\/v2\/media?parent=3359"}],"wp:term":[{"taxonomy":"category","embeddable":true,"href":"https:\/\/blogs.hoy.es\/moterosdehoy\/wp-json\/wp\/v2\/categories?post=3359"},{"taxonomy":"post_tag","embeddable":true,"href":"https:\/\/blogs.hoy.es\/moterosdehoy\/wp-json\/wp\/v2\/tags?post=3359"}],"curies":[{"name":"wp","href":"https:\/\/api.w.org\/{rel}","templated":true}]}}