{"id":3373,"date":"2023-09-06T16:52:56","date_gmt":"2023-09-06T16:52:56","guid":{"rendered":"https:\/\/blogs.hoy.es\/moterosdehoy\/?p=3373"},"modified":"2023-09-06T16:52:56","modified_gmt":"2023-09-06T16:52:56","slug":"summer-gil-festival-2023","status":"publish","type":"post","link":"https:\/\/blogs.hoy.es\/moterosdehoy\/2023\/09\/06\/summer-gil-festival-2023\/","title":{"rendered":"Summer Gil Festival 2023"},"content":{"rendered":"<h3>Se acaba el verano y un a\u00f1o m\u00e1s llega el Summer Gil Festival. Como su nombre lo deja entrever, tendr\u00e1 lugar del 8 al 10 de septiembre, en San Gil, localidad cacere\u00f1a pr\u00f3xima a Plasencia, y no faltar\u00e1 la m\u00fasica.<\/h3>\n<p><a href=\"https:\/\/es.wikipedia.org\/wiki\/San_Gil_(C%C3%A1ceres)\" rel=\"external nofollow\">San Gil<\/a>, localidad situada al norte en la provincia de C\u00e1ceres y con unos 250 habitantes, un a\u00f1o m\u00e1s celebrar\u00e1 el <a href=\"https:\/\/www.facebook.com\/summergilfestival\" rel=\"external nofollow\">Summer Gil Festival<\/a>, y el que va, vuelve.<\/p>\n<div id=\"attachment_3377\" style=\"width: 222px\" class=\"wp-caption alignleft\"><a href=\"https:\/\/static-blogs.hoy.es\/wp-content\/uploads\/sites\/45\/2023\/09\/Summer-Gil-Festival-2023.jpg\"><img aria-describedby=\"caption-attachment-3377\" loading=\"lazy\" class=\"size-medium wp-image-3377\" src=\"https:\/\/static-blogs.hoy.es\/wp-content\/uploads\/sites\/45\/2023\/09\/Summer-Gil-Festival-2023-212x300.jpg\" alt=\"\" width=\"212\" height=\"300\" srcset=\"https:\/\/static-blogs.hoy.es\/wp-content\/uploads\/sites\/45\/2023\/09\/Summer-Gil-Festival-2023-212x300.jpg 212w, https:\/\/static-blogs.hoy.es\/wp-content\/uploads\/sites\/45\/2023\/09\/Summer-Gil-Festival-2023-768x1087.jpg 768w, https:\/\/static-blogs.hoy.es\/wp-content\/uploads\/sites\/45\/2023\/09\/Summer-Gil-Festival-2023-724x1024.jpg 724w, https:\/\/static-blogs.hoy.es\/wp-content\/uploads\/sites\/45\/2023\/09\/Summer-Gil-Festival-2023.jpg 1357w\" sizes=\"(max-width: 212px) 100vw, 212px\" \/><\/a><p id=\"caption-attachment-3377\" class=\"wp-caption-text\">Cartel del evento<\/p><\/div>\n<p>Como en ediciones anteriores, el evento ser\u00e1 organizado por el Excmo. Ayuntamiento de San Gil, colaborando con el mismo diversos Clubes moteros extreme\u00f1os, entre ellos <a href=\"https:\/\/www.facebook.com\/rollingcustomclub\" rel=\"external nofollow\">Rolling Custom Club<\/a>, <a href=\"https:\/\/www.facebook.com\/BuitresLeonaos\" rel=\"external nofollow\">Buitres Leonaos<\/a>, <a href=\"https:\/\/www.facebook.com\/profile.php?id=100071569531949\" rel=\"external nofollow\">Turgalium<\/a>, <a href=\"https:\/\/www.facebook.com\/matacristoscanaveral\" rel=\"external nofollow\">MataCristos<\/a>, <a href=\"https:\/\/www.facebook.com\/profile.php?id=100063963492583\" rel=\"external nofollow\">Moraleja Biker<\/a>, <a href=\"https:\/\/www.facebook.com\/groups\/2879466588810016\" rel=\"external nofollow\">Extrema&amp;Custom<\/a>, <a href=\"https:\/\/www.facebook.com\/moteroshoy\" rel=\"external nofollow\">Moreros de Hoy<\/a>, y <a href=\"https:\/\/www.facebook.com\/profile.php?id=100064402224025\" rel=\"external nofollow\">Pe\u00f1a Motera Mayorga<\/a> (orden en el que aparecen en el cartel del evento), por lo que tiene su trasfondo motero y sus rutas moteras, pero en el que tiene cabida cualquiera que quiera acudir, ya sea en coche, caravana, bici, andando o como desee.<\/p>\n<p>Dentro del programa nos han preparado para el\u00a0<strong>VIERNES 8 DE SEPTIEMBRE<\/strong>:<\/p>\n<p>10:00 am &#8211; A partir de esta hora recepci\u00f3n de Moteros (Clubes, libres, etc.), en la plaza de la localidad.<\/p>\n<p>11:30 am &#8211; Inicio de Ruta, no excesivamente larga, pero s\u00ed muy curiosa que ha dise\u00f1ado Moraleja Biker. Casi 100 km con una paradita en Ca\u00f1averal y un refrigerio cortes\u00eda de Matacristos Ca\u00f1averal.\u00a0Ruta para el viernes:\u00a0<a href=\"https:\/\/static-blogs.hoy.es\/wp-content\/uploads\/sites\/45\/2023\/09\/San-Gil-recorrido-ruta.jpg\"><img loading=\"lazy\" class=\"alignright size-medium wp-image-3378\" src=\"https:\/\/static-blogs.hoy.es\/wp-content\/uploads\/sites\/45\/2023\/09\/San-Gil-recorrido-ruta-300x266.jpg\" alt=\"\" width=\"300\" height=\"266\" srcset=\"https:\/\/static-blogs.hoy.es\/wp-content\/uploads\/sites\/45\/2023\/09\/San-Gil-recorrido-ruta-300x266.jpg 300w, https:\/\/static-blogs.hoy.es\/wp-content\/uploads\/sites\/45\/2023\/09\/San-Gil-recorrido-ruta.jpg 600w\" sizes=\"(max-width: 300px) 100vw, 300px\" \/><\/a><\/p>\n<p>14:30 pm &#8211; Llegada de la Ruta y un ratito de distensi\u00f3n en San Gil.<\/p>\n<p>15:00 pm &#8211; Comida solidaria a favor de la Proyectora de Animales El Refugio de Plasencia.<\/p>\n<p>16:00 pm &#8211; Merecido descanso, momentos de conversaci\u00f3n y relax.<\/p>\n<p>21:30 pm &#8211; Aproximadamente a esta hora comenzar\u00e1n los Conciertos de Sergio Cepeda, Perros Verdes Tributo a Marea y La Mendinga.<\/p>\n<p>00:00 am &#8211; Pausa en los Conciertos para realizar la tradicional Ruta de las Antorchas en homenaje a los moteros ausentes.<\/p>\n<p>00:40 &#8211; Contin\u00faan los Conciertos hasta que el cuerpo aguante.<\/p>\n<p><strong>S\u00c1BADO 9 DE SEPTIEMBRE:<\/strong><\/p>\n<p>Hora por determinar &#8211; Un buen desayuno con unas buenas Migas Extreme\u00f1as.<\/p>\n<p>Desde la organizaci\u00f3n recuerdan que <strong>el Festival es gratuito<\/strong> y que solo piden que se lleve 1 kilo (o algo m\u00e1s, si es posible) de alimentos no perecederos que entregar\u00e1n al Banco de Alimentos de Plasencia.<\/p>\n<p>\u00bfTe lo vas a perder? Aprovecha una buena forma de ir cerrando el verano.<\/p>\n<p>Saludos y r\u00e1fagas.<\/p>\n<!-- AddThis Advanced Settings generic via filter on the_content --><!-- AddThis Share Buttons generic via filter on the_content -->","protected":false},"excerpt":{"rendered":"<p>Se acaba el verano y un a\u00f1o m\u00e1s llega el Summer Gil Festival. Como su nombre lo deja entrever, tendr\u00e1 lugar del 8 al 10 de septiembre, en San Gil, localidad cacere\u00f1a pr\u00f3xima a Plasencia, y no faltar\u00e1 la m\u00fasica. San Gil, localidad situada al norte en la provincia de C\u00e1ceres y con unos 250 [&hellip;]<!-- AddThis Advanced Settings generic via filter on get_the_excerpt --><!-- AddThis Share Buttons generic via filter on get_the_excerpt --><\/p>\n","protected":false},"author":49,"featured_media":0,"comment_status":"open","ping_status":"closed","sticky":false,"template":"","format":"standard","meta":[],"categories":[9,13,1],"tags":[622,1104,1527],"_links":{"self":[{"href":"https:\/\/blogs.hoy.es\/moterosdehoy\/wp-json\/wp\/v2\/posts\/3373"}],"collection":[{"href":"https:\/\/blogs.hoy.es\/moterosdehoy\/wp-json\/wp\/v2\/posts"}],"about":[{"href":"https:\/\/blogs.hoy.es\/moterosdehoy\/wp-json\/wp\/v2\/types\/post"}],"author":[{"embeddable":true,"href":"https:\/\/blogs.hoy.es\/moterosdehoy\/wp-json\/wp\/v2\/users\/49"}],"replies":[{"embeddable":true,"href":"https:\/\/blogs.hoy.es\/moterosdehoy\/wp-json\/wp\/v2\/comments?post=3373"}],"version-history":[{"count":5,"href":"https:\/\/blogs.hoy.es\/moterosdehoy\/wp-json\/wp\/v2\/posts\/3373\/revisions"}],"predecessor-version":[{"id":3380,"href":"https:\/\/blogs.hoy.es\/moterosdehoy\/wp-json\/wp\/v2\/posts\/3373\/revisions\/3380"}],"wp:attachment":[{"href":"https:\/\/blogs.hoy.es\/moterosdehoy\/wp-json\/wp\/v2\/media?parent=3373"}],"wp:term":[{"taxonomy":"category","embeddable":true,"href":"https:\/\/blogs.hoy.es\/moterosdehoy\/wp-json\/wp\/v2\/categories?post=3373"},{"taxonomy":"post_tag","embeddable":true,"href":"https:\/\/blogs.hoy.es\/moterosdehoy\/wp-json\/wp\/v2\/tags?post=3373"}],"curies":[{"name":"wp","href":"https:\/\/api.w.org\/{rel}","templated":true}]}}